{"id":9636,"date":"2018-06-18T18:11:08","date_gmt":"2018-06-18T16:11:08","guid":{"rendered":"http:\/\/agora.xtec.cat\/ses-canovelles\/?p=9636"},"modified":"2018-06-18T18:11:08","modified_gmt":"2018-06-18T16:11:08","slug":"avui-tribunals-de-tds-pdr","status":"publish","type":"post","link":"https:\/\/agora.xtec.cat\/ses-canovelles\/eso\/avui-tribunals-de-tds-pdr\/","title":{"rendered":"AVUI TRIBUNALS DE TdS PdR"},"content":{"rendered":"<p>Avui dilluns, durant tot el mat\u00ed, hi ha hagut exposicions a tots els cursos de la feina feta la darrera setmana. Uns treballs realitzats en grups en el que s&#8217;han posat en marxa totes les compet\u00e8ncies i habilitats apreses durant el curs.<\/p>\n<p>Els <strong>Treball de S\u00edntesi<\/strong> han plantejat reptes als alumnes com per exemple preparar un viatge a un pa\u00eds estranger, confeccionar una guia de salut p\u00fablica pels Canovellins i Canovellines o exposar la vida d&#8217;un producte des de la seva creaci\u00f3 fins a la seva destrucci\u00f3.<\/p>\n<p>Els i les alumnes de 4t tancaven la seva escolaritat amb la presentaci\u00f3 d&#8217;un <strong>Treball de Recerca.<\/strong> Enguany s&#8217;han pogut escoltar interessants reflexions al voltant de &#8220;La peste negra&#8221;, La influ\u00e8ncia de l&#8217;Art en el m\u00f3n de la moda&#8221;, &#8220;Pr\u00f2tesis en 3D&#8221;&#8230;<\/p>\n<p>Quin goig veure com s&#8217;esforcen i s&#8217;expliquen els i les nostres alumnes!<\/p>\n<p><a href=\"http:\/\/agora.xtec.cat\/ses-canovelles\/wp-content\/uploads\/usu87\/2018\/06\/treballsjuny.jpg\"><img loading=\"lazy\" decoding=\"async\" class=\"aligncenter size-full wp-image-9637\" src=\"http:\/\/agora.xtec.cat\/ses-canovelles\/wp-content\/uploads\/usu87\/2018\/06\/treballsjuny.jpg\" alt=\"\" width=\"600\" height=\"450\" srcset=\"https:\/\/agora.xtec.cat\/ses-canovelles\/wp-content\/uploads\/usu87\/2018\/06\/treballsjuny.jpg 600w, https:\/\/agora.xtec.cat\/ses-canovelles\/wp-content\/uploads\/usu87\/2018\/06\/treballsjuny-300x225.jpg 300w, https:\/\/agora.xtec.cat\/ses-canovelles\/wp-content\/uploads\/usu87\/2018\/06\/treballsjuny-200x150.jpg 200w\" sizes=\"auto, (max-width: 600px) 100vw, 600px\" \/><\/a><\/p>\n","protected":false},"excerpt":{"rendered":"<p>Avui dilluns, durant tot el mat\u00ed, hi ha hagut exposicions a tots els cursos de la feina feta la darrera setmana. Uns treballs realitzats en grups en el que s&#8217;han posat en marxa totes les compet\u00e8ncies i habilitats apreses durant el curs.<br \/>\nEls Treball de S\u00edntesi&hellip;  <a href=\"https:\/\/agora.xtec.cat\/ses-canovelles\/eso\/avui-tribunals-de-tds-pdr\/\" title=\"Read AVUI TRIBUNALS DE TdS PdR\">Llegeix m\u00e9s\u00bb<\/a><\/p>\n","protected":false},"author":21,"featured_media":0,"comment_status":"open","ping_status":"closed","sticky":false,"template":"","format":"standard","meta":{"_bbp_topic_count":0,"_bbp_reply_count":0,"_bbp_total_topic_count":0,"_bbp_total_reply_count":0,"_bbp_voice_count":0,"_bbp_anonymous_reply_count":0,"_bbp_topic_count_hidden":0,"_bbp_reply_count_hidden":0,"_bbp_forum_subforum_count":0,"footnotes":""},"categories":[3,29],"tags":[],"class_list":["post-9636","post","type-post","status-publish","format-standard","hentry","category-eso","category-portada"],"post_mailing_queue_ids":[],"_links":{"self":[{"href":"https:\/\/agora.xtec.cat\/ses-canovelles\/wp-json\/wp\/v2\/posts\/9636","targetHints":{"allow":["GET"]}}],"collection":[{"href":"https:\/\/agora.xtec.cat\/ses-canovelles\/wp-json\/wp\/v2\/posts"}],"about":[{"href":"https:\/\/agora.xtec.cat\/ses-canovelles\/wp-json\/wp\/v2\/types\/post"}],"author":[{"embeddable":true,"href":"https:\/\/agora.xtec.cat\/ses-canovelles\/wp-json\/wp\/v2\/users\/21"}],"replies":[{"embeddable":true,"href":"https:\/\/agora.xtec.cat\/ses-canovelles\/wp-json\/wp\/v2\/comments?post=9636"}],"version-history":[{"count":1,"href":"https:\/\/agora.xtec.cat\/ses-canovelles\/wp-json\/wp\/v2\/posts\/9636\/revisions"}],"predecessor-version":[{"id":9638,"href":"https:\/\/agora.xtec.cat\/ses-canovelles\/wp-json\/wp\/v2\/posts\/9636\/revisions\/9638"}],"wp:attachment":[{"href":"https:\/\/agora.xtec.cat\/ses-canovelles\/wp-json\/wp\/v2\/media?parent=9636"}],"wp:term":[{"taxonomy":"category","embeddable":true,"href":"https:\/\/agora.xtec.cat\/ses-canovelles\/wp-json\/wp\/v2\/categories?post=9636"},{"taxonomy":"post_tag","embeddable":true,"href":"https:\/\/agora.xtec.cat\/ses-canovelles\/wp-json\/wp\/v2\/tags?post=9636"}],"curies":[{"name":"wp","href":"https:\/\/api.w.org\/{rel}","templated":true}]}}