{"id":9580,"date":"2018-05-07T22:07:43","date_gmt":"2018-05-07T20:07:43","guid":{"rendered":"http:\/\/agora.xtec.cat\/ses-canovelles\/?p=9580"},"modified":"2018-05-08T07:43:54","modified_gmt":"2018-05-08T05:43:54","slug":"semifinal-xive-certamen-de-lectura-en-veu-alta","status":"publish","type":"post","link":"https:\/\/agora.xtec.cat\/ses-canovelles\/eso\/eso-3\/semifinal-xive-certamen-de-lectura-en-veu-alta\/","title":{"rendered":"SEMIFINAL XIV\u00e8 CERTAMEN DE LECTURA EN VEU ALTA"},"content":{"rendered":"<div>\n<figure class=\"figure wp-caption aligncenter\"><a href=\"http:\/\/agora.xtec.cat\/ses-canovelles\/wp-content\/uploads\/usu87\/2018\/05\/IMG-20180503-WA0000.jpg\"><img loading=\"lazy\" decoding=\"async\" class=\"size-large wp-image-9581\" src=\"http:\/\/agora.xtec.cat\/ses-canovelles\/wp-content\/uploads\/usu87\/2018\/05\/IMG-20180503-WA0000-1024x575.jpg\" alt=\"\" width=\"1024\" height=\"575\" srcset=\"https:\/\/agora.xtec.cat\/ses-canovelles\/wp-content\/uploads\/usu87\/2018\/05\/IMG-20180503-WA0000-1024x575.jpg 1024w, https:\/\/agora.xtec.cat\/ses-canovelles\/wp-content\/uploads\/usu87\/2018\/05\/IMG-20180503-WA0000-300x168.jpg 300w, https:\/\/agora.xtec.cat\/ses-canovelles\/wp-content\/uploads\/usu87\/2018\/05\/IMG-20180503-WA0000-768x431.jpg 768w, https:\/\/agora.xtec.cat\/ses-canovelles\/wp-content\/uploads\/usu87\/2018\/05\/IMG-20180503-WA0000.jpg 1600w\" sizes=\"auto, (max-width: 1024px) 100vw, 1024px\" \/><\/a><figcaption class=\"wp-caption-text\">L&#8217;\u00c8ric, la Maria i la Marta en plena actuaci\u00f3.<\/figcaption><\/figure>\n<\/div>\n<div><\/div>\n<div>El passat dijous 3 de maig tres alumnes del nostre Institut van participar a la Semifinal del Certamen de lectura en veu alta que organitza la Fundaci\u00f3 Enciclop\u00e8dia Catalana, juntament amb el Departament d&#8217;Ensenyament.<\/div>\n<div><\/div>\n<div>L&#8217;acte, en qu\u00e8 participaven escoles del Vall\u00e8s Oriental, el Maresme i el Baix Llobregat, va tenir lloc al CaixaF\u00f2rum, a Barcelona. Hi van participar l&#8217;\u00c8ric L\u00f3pez de 3r B, la Maria Jim\u00e9nez de 3r A i la Marta Gonz\u00e1lez de 4t B. Van fer-hi molt bon paper, tot i que no es van poder classificar per a la final.<\/div>\n<div><\/div>\n<div>L&#8217;objectiu del Certamen \u00e9s llegir textos en veu alta amb l&#8217;entonaci\u00f3, el ritme i la pronunciaci\u00f3 correctes. El certamen s&#8217;organitza en cinc categories que inclouen des de 3r de prim\u00e0ria fins a 4t d&#8217;ESO. En la categoria de &#8220;Tropa de Corsaris&#8221;, en qu\u00e8 hi participava l&#8217;Institut Domus d&#8217;Olivet, tres alumnes van llegir un text del llibre\u00a0<i>Noel et busca<\/i>\u00a0(d&#8217;\u00c0ngel Burgas) de forma col\u00b7lectiva.<\/div>\n<div><\/div>\n<div>La semifinal a la qual vam assistir \u00e9s una de les set que han tingut lloc a tot Catalunya. Els tres alumnes del nostre Institut poden estar ben orgullosos d&#8217;haver-hi participat, ja que pr\u00e8viament van guanyar als Quarts de final que van tenir lloc a Mollet el passat 6 de mar\u00e7, tot classificant-se per a la semifinal.<\/div>\n<div><\/div>\n<div>Bona feina i enhorabona, \u00c8ric, Maria i Marta!<\/div>\n","protected":false},"excerpt":{"rendered":"<p><a href=\"http:\/\/agora.xtec.cat\/ses-canovelles\/wp-content\/uploads\/usu87\/2018\/05\/IMG-20180503-WA0000.jpg\"><\/a>L&#8217;\u00c8ric, la Maria i la Marta en plena actuaci\u00f3.<\/p>\n<p>El passat dijous 3 de maig tres alumnes del nostre Institut van participar a la Semifinal del Certamen de lectura en veu alta que organitza la Fundaci\u00f3 Enciclop\u00e8dia Catalana, juntament amb el Departament d&#8217;Ensenyament.<\/p>\n<p>L&#8217;acte, en qu\u00e8&hellip;  <a href=\"https:\/\/agora.xtec.cat\/ses-canovelles\/eso\/eso-3\/semifinal-xive-certamen-de-lectura-en-veu-alta\/\" title=\"Read SEMIFINAL XIV\u00e8 CERTAMEN DE LECTURA EN VEU ALTA\">Llegeix m\u00e9s\u00bb<\/a><\/p>\n","protected":false},"author":1,"featured_media":9581,"comment_status":"open","ping_status":"closed","sticky":false,"template":"","format":"standard","meta":{"_bbp_topic_count":0,"_bbp_reply_count":0,"_bbp_total_topic_count":0,"_bbp_total_reply_count":0,"_bbp_voice_count":0,"_bbp_anonymous_reply_count":0,"_bbp_topic_count_hidden":0,"_bbp_reply_count_hidden":0,"_bbp_forum_subforum_count":0,"footnotes":""},"categories":[116,6,7,29],"tags":[117],"class_list":["post-9580","post","type-post","status-publish","format-standard","has-post-thumbnail","hentry","category-ambit-linguistic","category-eso-3","category-eso-4","category-portada","tag-llengues"],"post_mailing_queue_ids":[],"_links":{"self":[{"href":"https:\/\/agora.xtec.cat\/ses-canovelles\/wp-json\/wp\/v2\/posts\/9580","targetHints":{"allow":["GET"]}}],"collection":[{"href":"https:\/\/agora.xtec.cat\/ses-canovelles\/wp-json\/wp\/v2\/posts"}],"about":[{"href":"https:\/\/agora.xtec.cat\/ses-canovelles\/wp-json\/wp\/v2\/types\/post"}],"author":[{"embeddable":true,"href":"https:\/\/agora.xtec.cat\/ses-canovelles\/wp-json\/wp\/v2\/users\/1"}],"replies":[{"embeddable":true,"href":"https:\/\/agora.xtec.cat\/ses-canovelles\/wp-json\/wp\/v2\/comments?post=9580"}],"version-history":[{"count":2,"href":"https:\/\/agora.xtec.cat\/ses-canovelles\/wp-json\/wp\/v2\/posts\/9580\/revisions"}],"predecessor-version":[{"id":9588,"href":"https:\/\/agora.xtec.cat\/ses-canovelles\/wp-json\/wp\/v2\/posts\/9580\/revisions\/9588"}],"wp:featuredmedia":[{"embeddable":true,"href":"https:\/\/agora.xtec.cat\/ses-canovelles\/wp-json\/wp\/v2\/media\/9581"}],"wp:attachment":[{"href":"https:\/\/agora.xtec.cat\/ses-canovelles\/wp-json\/wp\/v2\/media?parent=9580"}],"wp:term":[{"taxonomy":"category","embeddable":true,"href":"https:\/\/agora.xtec.cat\/ses-canovelles\/wp-json\/wp\/v2\/categories?post=9580"},{"taxonomy":"post_tag","embeddable":true,"href":"https:\/\/agora.xtec.cat\/ses-canovelles\/wp-json\/wp\/v2\/tags?post=9580"}],"curies":[{"name":"wp","href":"https:\/\/api.w.org\/{rel}","templated":true}]}}