{"id":9507,"date":"2018-04-16T15:40:50","date_gmt":"2018-04-16T13:40:50","guid":{"rendered":"http:\/\/agora.xtec.cat\/ses-canovelles\/?p=9507"},"modified":"2018-04-16T15:44:16","modified_gmt":"2018-04-16T13:44:16","slug":"poesia-mural-al-domus","status":"publish","type":"post","link":"https:\/\/agora.xtec.cat\/ses-canovelles\/general\/poesia-mural-al-domus\/","title":{"rendered":"POESIA MURAL AL DOMUS"},"content":{"rendered":"<p><a href=\"http:\/\/agora.xtec.cat\/ses-canovelles\/wp-content\/uploads\/usu87\/2018\/04\/poesiamural.jpg\"><img loading=\"lazy\" decoding=\"async\" class=\"aligncenter size-full wp-image-9510\" src=\"http:\/\/agora.xtec.cat\/ses-canovelles\/wp-content\/uploads\/usu87\/2018\/04\/poesiamural.jpg\" alt=\"\" width=\"600\" height=\"450\" srcset=\"https:\/\/agora.xtec.cat\/ses-canovelles\/wp-content\/uploads\/usu87\/2018\/04\/poesiamural.jpg 600w, https:\/\/agora.xtec.cat\/ses-canovelles\/wp-content\/uploads\/usu87\/2018\/04\/poesiamural-300x225.jpg 300w, https:\/\/agora.xtec.cat\/ses-canovelles\/wp-content\/uploads\/usu87\/2018\/04\/poesiamural-200x150.jpg 200w\" sizes=\"auto, (max-width: 600px) 100vw, 600px\" \/><\/a><\/p>\n<p>Que a l&#8217;institut ten\u00edem artistes ho sab\u00edem &#8230; per\u00f2 una vegada m\u00e9s ens han sorpr\u00e8s amb els seus treballs barrejant text i imatges, originalitat i creativitat, tradici\u00f3 i modernitat, t\u00e8cnica pl\u00e0stica i simbologia, est\u00e8tica i ret\u00f2rica&#8230; Una bona feina nois i noies!<\/p>\n","protected":false},"excerpt":{"rendered":"<p><a href=\"http:\/\/agora.xtec.cat\/ses-canovelles\/wp-content\/uploads\/usu87\/2018\/04\/poesiamural.jpg\"><\/a><br \/>\nQue a l&#8217;institut ten\u00edem artistes ho sab\u00edem &#8230; per\u00f2 una vegada m\u00e9s ens han sorpr\u00e8s amb els seus treballs barrejant text i imatges, originalitat i creativitat, tradici\u00f3 i modernitat, t\u00e8cnica pl\u00e0stica i simbologia, est\u00e8tica i ret\u00f2rica&#8230; Una bona feina nois i noies!<\/p>\n","protected":false},"author":1,"featured_media":0,"comment_status":"open","ping_status":"closed","sticky":false,"template":"","format":"standard","meta":{"_bbp_topic_count":0,"_bbp_reply_count":0,"_bbp_total_topic_count":0,"_bbp_total_reply_count":0,"_bbp_voice_count":0,"_bbp_anonymous_reply_count":0,"_bbp_topic_count_hidden":0,"_bbp_reply_count_hidden":0,"_bbp_forum_subforum_count":0,"footnotes":""},"categories":[3,1,29],"tags":[],"class_list":["post-9507","post","type-post","status-publish","format-standard","hentry","category-eso","category-general","category-portada"],"post_mailing_queue_ids":[],"_links":{"self":[{"href":"https:\/\/agora.xtec.cat\/ses-canovelles\/wp-json\/wp\/v2\/posts\/9507","targetHints":{"allow":["GET"]}}],"collection":[{"href":"https:\/\/agora.xtec.cat\/ses-canovelles\/wp-json\/wp\/v2\/posts"}],"about":[{"href":"https:\/\/agora.xtec.cat\/ses-canovelles\/wp-json\/wp\/v2\/types\/post"}],"author":[{"embeddable":true,"href":"https:\/\/agora.xtec.cat\/ses-canovelles\/wp-json\/wp\/v2\/users\/1"}],"replies":[{"embeddable":true,"href":"https:\/\/agora.xtec.cat\/ses-canovelles\/wp-json\/wp\/v2\/comments?post=9507"}],"version-history":[{"count":2,"href":"https:\/\/agora.xtec.cat\/ses-canovelles\/wp-json\/wp\/v2\/posts\/9507\/revisions"}],"predecessor-version":[{"id":9512,"href":"https:\/\/agora.xtec.cat\/ses-canovelles\/wp-json\/wp\/v2\/posts\/9507\/revisions\/9512"}],"wp:attachment":[{"href":"https:\/\/agora.xtec.cat\/ses-canovelles\/wp-json\/wp\/v2\/media?parent=9507"}],"wp:term":[{"taxonomy":"category","embeddable":true,"href":"https:\/\/agora.xtec.cat\/ses-canovelles\/wp-json\/wp\/v2\/categories?post=9507"},{"taxonomy":"post_tag","embeddable":true,"href":"https:\/\/agora.xtec.cat\/ses-canovelles\/wp-json\/wp\/v2\/tags?post=9507"}],"curies":[{"name":"wp","href":"https:\/\/api.w.org\/{rel}","templated":true}]}}