{"id":9442,"date":"2018-04-03T11:23:29","date_gmt":"2018-04-03T09:23:29","guid":{"rendered":"http:\/\/agora.xtec.cat\/ses-canovelles\/?p=9442"},"modified":"2018-04-03T11:23:29","modified_gmt":"2018-04-03T09:23:29","slug":"exposicio-imatges-per-pensar","status":"publish","type":"post","link":"https:\/\/agora.xtec.cat\/ses-canovelles\/portada\/exposicio-imatges-per-pensar\/","title":{"rendered":"EXPOSICI\u00d3 &#8211; IMATGES PER PENSAR"},"content":{"rendered":"<p>Durant 15 dies tindrem al passad\u00eds del m\u00f2dul gran l&#8217;exposici\u00f3 de l&#8217;Observatori de les dones que es titula &#8220;IMATGES PER PENSAR&#8221;. Us convidem a gaudir-la i aprofitar per compartir els pensaments que us venen al cap. Tamb\u00e9 podeu proposar queixes o bones pr\u00e0ctiques de comunicaci\u00f3 audiovisual a <a href=\"mailto:icd.comunicacio@gencat.cat?subject=Felicitacions\">icd.comunicacio@gencat.cat<\/a><\/p>\n<p><a href=\"http:\/\/agora.xtec.cat\/ses-canovelles\/wp-content\/uploads\/usu87\/2018\/04\/EXPO-IMATGES-e1522747344983.jpg\"><img loading=\"lazy\" decoding=\"async\" class=\"alignnone size-large wp-image-9443\" src=\"http:\/\/agora.xtec.cat\/ses-canovelles\/wp-content\/uploads\/usu87\/2018\/04\/EXPO-IMATGES-1024x768.jpg\" alt=\"\" width=\"1024\" height=\"768\" \/><\/a><\/p>\n","protected":false},"excerpt":{"rendered":"<p>Durant 15 dies tindrem al passad\u00eds del m\u00f2dul gran l&#8217;exposici\u00f3 de l&#8217;Observatori de les dones que es titula &#8220;IMATGES PER PENSAR&#8221;. Us convidem a gaudir-la i aprofitar per compartir els pensaments que us venen al cap. Tamb\u00e9 podeu proposar queixes o bones pr\u00e0ctiques de comunicaci\u00f3&hellip;  <a href=\"https:\/\/agora.xtec.cat\/ses-canovelles\/portada\/exposicio-imatges-per-pensar\/\" title=\"Read EXPOSICI\u00d3 &#8211; IMATGES PER PENSAR\">Llegeix m\u00e9s\u00bb<\/a><\/p>\n","protected":false},"author":1,"featured_media":0,"comment_status":"open","ping_status":"closed","sticky":false,"template":"","format":"standard","meta":{"_bbp_topic_count":0,"_bbp_reply_count":0,"_bbp_total_topic_count":0,"_bbp_total_reply_count":0,"_bbp_voice_count":0,"_bbp_anonymous_reply_count":0,"_bbp_topic_count_hidden":0,"_bbp_reply_count_hidden":0,"_bbp_forum_subforum_count":0,"footnotes":""},"categories":[29],"tags":[],"class_list":["post-9442","post","type-post","status-publish","format-standard","hentry","category-portada"],"post_mailing_queue_ids":[],"_links":{"self":[{"href":"https:\/\/agora.xtec.cat\/ses-canovelles\/wp-json\/wp\/v2\/posts\/9442","targetHints":{"allow":["GET"]}}],"collection":[{"href":"https:\/\/agora.xtec.cat\/ses-canovelles\/wp-json\/wp\/v2\/posts"}],"about":[{"href":"https:\/\/agora.xtec.cat\/ses-canovelles\/wp-json\/wp\/v2\/types\/post"}],"author":[{"embeddable":true,"href":"https:\/\/agora.xtec.cat\/ses-canovelles\/wp-json\/wp\/v2\/users\/1"}],"replies":[{"embeddable":true,"href":"https:\/\/agora.xtec.cat\/ses-canovelles\/wp-json\/wp\/v2\/comments?post=9442"}],"version-history":[{"count":1,"href":"https:\/\/agora.xtec.cat\/ses-canovelles\/wp-json\/wp\/v2\/posts\/9442\/revisions"}],"predecessor-version":[{"id":9444,"href":"https:\/\/agora.xtec.cat\/ses-canovelles\/wp-json\/wp\/v2\/posts\/9442\/revisions\/9444"}],"wp:attachment":[{"href":"https:\/\/agora.xtec.cat\/ses-canovelles\/wp-json\/wp\/v2\/media?parent=9442"}],"wp:term":[{"taxonomy":"category","embeddable":true,"href":"https:\/\/agora.xtec.cat\/ses-canovelles\/wp-json\/wp\/v2\/categories?post=9442"},{"taxonomy":"post_tag","embeddable":true,"href":"https:\/\/agora.xtec.cat\/ses-canovelles\/wp-json\/wp\/v2\/tags?post=9442"}],"curies":[{"name":"wp","href":"https:\/\/api.w.org\/{rel}","templated":true}]}}