{"id":9379,"date":"2018-02-04T20:44:55","date_gmt":"2018-02-04T19:44:55","guid":{"rendered":"http:\/\/agora.xtec.cat\/ses-canovelles\/?p=9379"},"modified":"2018-02-21T15:49:55","modified_gmt":"2018-02-21T14:49:55","slug":"eoi-granollers-optativa-alemany","status":"publish","type":"post","link":"https:\/\/agora.xtec.cat\/ses-canovelles\/eso\/eso-3\/eoi-granollers-optativa-alemany\/","title":{"rendered":"EOI Granollers &#8211; Optativa Alemany"},"content":{"rendered":"<p>El passat 18 de gener els alumnes de 3r i 4t de l&#8217;optativa d&#8217;alemany van visitar l&#8217;Escola Oficial d&#8217;Idiomes de Granollers per fer un taller de M\u00fasica Actual Alemanya. Vam escoltar molta m\u00fasica, aprendre molt i wir haben viel Spa\u00df gehabt!!<\/p>\n\n","protected":false},"excerpt":{"rendered":"<p>El passat 18 de gener els alumnes de 3r i 4t de l&#8217;optativa d&#8217;alemany van visitar l&#8217;Escola Oficial d&#8217;Idiomes de Granollers per fer un taller de M\u00fasica Actual Alemanya. Vam escoltar molta m\u00fasica, aprendre molt i wir haben viel Spa\u00df gehabt!!<\/p>\n","protected":false},"author":1,"featured_media":9378,"comment_status":"open","ping_status":"closed","sticky":false,"template":"","format":"standard","meta":{"_bbp_topic_count":0,"_bbp_reply_count":0,"_bbp_total_topic_count":0,"_bbp_total_reply_count":0,"_bbp_voice_count":0,"_bbp_anonymous_reply_count":0,"_bbp_topic_count_hidden":0,"_bbp_reply_count_hidden":0,"_bbp_forum_subforum_count":0,"footnotes":""},"categories":[104,6,7,29],"tags":[],"class_list":["post-9379","post","type-post","status-publish","format-standard","has-post-thumbnail","hentry","category-deutsch","category-eso-3","category-eso-4","category-portada"],"post_mailing_queue_ids":[],"_links":{"self":[{"href":"https:\/\/agora.xtec.cat\/ses-canovelles\/wp-json\/wp\/v2\/posts\/9379","targetHints":{"allow":["GET"]}}],"collection":[{"href":"https:\/\/agora.xtec.cat\/ses-canovelles\/wp-json\/wp\/v2\/posts"}],"about":[{"href":"https:\/\/agora.xtec.cat\/ses-canovelles\/wp-json\/wp\/v2\/types\/post"}],"author":[{"embeddable":true,"href":"https:\/\/agora.xtec.cat\/ses-canovelles\/wp-json\/wp\/v2\/users\/1"}],"replies":[{"embeddable":true,"href":"https:\/\/agora.xtec.cat\/ses-canovelles\/wp-json\/wp\/v2\/comments?post=9379"}],"version-history":[{"count":1,"href":"https:\/\/agora.xtec.cat\/ses-canovelles\/wp-json\/wp\/v2\/posts\/9379\/revisions"}],"predecessor-version":[{"id":9380,"href":"https:\/\/agora.xtec.cat\/ses-canovelles\/wp-json\/wp\/v2\/posts\/9379\/revisions\/9380"}],"wp:featuredmedia":[{"embeddable":true,"href":"https:\/\/agora.xtec.cat\/ses-canovelles\/wp-json\/wp\/v2\/media\/9378"}],"wp:attachment":[{"href":"https:\/\/agora.xtec.cat\/ses-canovelles\/wp-json\/wp\/v2\/media?parent=9379"}],"wp:term":[{"taxonomy":"category","embeddable":true,"href":"https:\/\/agora.xtec.cat\/ses-canovelles\/wp-json\/wp\/v2\/categories?post=9379"},{"taxonomy":"post_tag","embeddable":true,"href":"https:\/\/agora.xtec.cat\/ses-canovelles\/wp-json\/wp\/v2\/tags?post=9379"}],"curies":[{"name":"wp","href":"https:\/\/api.w.org\/{rel}","templated":true}]}}