{"id":12232,"date":"2022-11-30T09:18:05","date_gmt":"2022-11-30T08:18:05","guid":{"rendered":"https:\/\/agora.xtec.cat\/ses-canovelles\/?p=12232"},"modified":"2022-11-30T09:19:11","modified_gmt":"2022-11-30T08:19:11","slug":"fem-magia-amb-les-mates","status":"publish","type":"post","link":"https:\/\/agora.xtec.cat\/ses-canovelles\/eso\/eso-2\/fem-magia-amb-les-mates\/","title":{"rendered":"Fem m\u00e0gia amb les mates"},"content":{"rendered":"<p>Ahir l&#8217;alumnat de 2n d&#8217;ESO<b> <\/b>va veure com feien trucs de m\u00e0gia utilitzant conceptes matem\u00e0tics. Despr\u00e9s, el mateix alumnat va poder reproduir els mateixos trucs tot entenent la ra\u00f3 matem\u00e0tica que hi havia al darrere.<\/p>\n<p><a href=\"https:\/\/agora.xtec.cat\/ses-canovelles\/wp-content\/uploads\/usu87\/2022\/11\/IMG_20221129_115149-scaled.jpg\"><img loading=\"lazy\" decoding=\"async\" class=\"alignnone size-medium wp-image-12233\" src=\"https:\/\/agora.xtec.cat\/ses-canovelles\/wp-content\/uploads\/usu87\/2022\/11\/IMG_20221129_115149-300x169.jpg\" alt=\"\" width=\"300\" height=\"169\" srcset=\"https:\/\/agora.xtec.cat\/ses-canovelles\/wp-content\/uploads\/usu87\/2022\/11\/IMG_20221129_115149-300x169.jpg 300w, https:\/\/agora.xtec.cat\/ses-canovelles\/wp-content\/uploads\/usu87\/2022\/11\/IMG_20221129_115149-1024x576.jpg 1024w, https:\/\/agora.xtec.cat\/ses-canovelles\/wp-content\/uploads\/usu87\/2022\/11\/IMG_20221129_115149-768x432.jpg 768w, https:\/\/agora.xtec.cat\/ses-canovelles\/wp-content\/uploads\/usu87\/2022\/11\/IMG_20221129_115149-1536x864.jpg 1536w, https:\/\/agora.xtec.cat\/ses-canovelles\/wp-content\/uploads\/usu87\/2022\/11\/IMG_20221129_115149-2048x1152.jpg 2048w\" sizes=\"auto, (max-width: 300px) 100vw, 300px\" \/><\/a> <a href=\"https:\/\/agora.xtec.cat\/ses-canovelles\/wp-content\/uploads\/usu87\/2022\/11\/IMG_20221129_121515-scaled.jpg\"><img loading=\"lazy\" decoding=\"async\" class=\"alignnone size-medium wp-image-12234\" src=\"https:\/\/agora.xtec.cat\/ses-canovelles\/wp-content\/uploads\/usu87\/2022\/11\/IMG_20221129_121515-300x169.jpg\" alt=\"\" width=\"300\" height=\"169\" srcset=\"https:\/\/agora.xtec.cat\/ses-canovelles\/wp-content\/uploads\/usu87\/2022\/11\/IMG_20221129_121515-300x169.jpg 300w, https:\/\/agora.xtec.cat\/ses-canovelles\/wp-content\/uploads\/usu87\/2022\/11\/IMG_20221129_121515-1024x576.jpg 1024w, https:\/\/agora.xtec.cat\/ses-canovelles\/wp-content\/uploads\/usu87\/2022\/11\/IMG_20221129_121515-768x432.jpg 768w, https:\/\/agora.xtec.cat\/ses-canovelles\/wp-content\/uploads\/usu87\/2022\/11\/IMG_20221129_121515-1536x864.jpg 1536w, https:\/\/agora.xtec.cat\/ses-canovelles\/wp-content\/uploads\/usu87\/2022\/11\/IMG_20221129_121515-2048x1152.jpg 2048w\" sizes=\"auto, (max-width: 300px) 100vw, 300px\" \/><\/a> <a href=\"https:\/\/agora.xtec.cat\/ses-canovelles\/wp-content\/uploads\/usu87\/2022\/11\/IMG_20221129_135014-scaled.jpg\"><img loading=\"lazy\" decoding=\"async\" class=\"alignnone size-medium wp-image-12235\" src=\"https:\/\/agora.xtec.cat\/ses-canovelles\/wp-content\/uploads\/usu87\/2022\/11\/IMG_20221129_135014-300x169.jpg\" alt=\"\" width=\"300\" height=\"169\" srcset=\"https:\/\/agora.xtec.cat\/ses-canovelles\/wp-content\/uploads\/usu87\/2022\/11\/IMG_20221129_135014-300x169.jpg 300w, https:\/\/agora.xtec.cat\/ses-canovelles\/wp-content\/uploads\/usu87\/2022\/11\/IMG_20221129_135014-1024x576.jpg 1024w, https:\/\/agora.xtec.cat\/ses-canovelles\/wp-content\/uploads\/usu87\/2022\/11\/IMG_20221129_135014-768x432.jpg 768w, https:\/\/agora.xtec.cat\/ses-canovelles\/wp-content\/uploads\/usu87\/2022\/11\/IMG_20221129_135014-1536x864.jpg 1536w, https:\/\/agora.xtec.cat\/ses-canovelles\/wp-content\/uploads\/usu87\/2022\/11\/IMG_20221129_135014-2048x1152.jpg 2048w\" sizes=\"auto, (max-width: 300px) 100vw, 300px\" \/><\/a><\/p>\n","protected":false},"excerpt":{"rendered":"<p>Ahir l&#8217;alumnat de 2n d&#8217;ESO va veure com feien trucs de m\u00e0gia utilitzant conceptes matem\u00e0tics. Despr\u00e9s, el mateix alumnat va poder reproduir els mateixos trucs tot entenent la ra\u00f3 matem\u00e0tica que hi havia al darrere.<br \/>\n<a href=\"https:\/\/agora.xtec.cat\/ses-canovelles\/wp-content\/uploads\/usu87\/2022\/11\/IMG_20221129_115149-scaled.jpg\"><\/a> <a href=\"https:\/\/agora.xtec.cat\/ses-canovelles\/wp-content\/uploads\/usu87\/2022\/11\/IMG_20221129_121515-scaled.jpg\"><\/a> <a href=\"https:\/\/agora.xtec.cat\/ses-canovelles\/wp-content\/uploads\/usu87\/2022\/11\/IMG_20221129_135014-scaled.jpg\"><\/a><\/p>\n","protected":false},"author":1,"featured_media":12236,"comment_status":"closed","ping_status":"closed","sticky":false,"template":"","format":"standard","meta":{"_bbp_topic_count":0,"_bbp_reply_count":0,"_bbp_total_topic_count":0,"_bbp_total_reply_count":0,"_bbp_voice_count":0,"_bbp_anonymous_reply_count":0,"_bbp_topic_count_hidden":0,"_bbp_reply_count_hidden":0,"_bbp_forum_subforum_count":0,"footnotes":""},"categories":[203,5,29],"tags":[266,267,268,41,269],"class_list":["post-12232","post","type-post","status-publish","format-standard","has-post-thumbnail","hentry","category-ambit-matematic","category-eso-2","category-portada","tag-2n-eso","tag-gamificacio","tag-magia","tag-matematiques","tag-tallers"],"post_mailing_queue_ids":[],"_links":{"self":[{"href":"https:\/\/agora.xtec.cat\/ses-canovelles\/wp-json\/wp\/v2\/posts\/12232","targetHints":{"allow":["GET"]}}],"collection":[{"href":"https:\/\/agora.xtec.cat\/ses-canovelles\/wp-json\/wp\/v2\/posts"}],"about":[{"href":"https:\/\/agora.xtec.cat\/ses-canovelles\/wp-json\/wp\/v2\/types\/post"}],"author":[{"embeddable":true,"href":"https:\/\/agora.xtec.cat\/ses-canovelles\/wp-json\/wp\/v2\/users\/1"}],"replies":[{"embeddable":true,"href":"https:\/\/agora.xtec.cat\/ses-canovelles\/wp-json\/wp\/v2\/comments?post=12232"}],"version-history":[{"count":1,"href":"https:\/\/agora.xtec.cat\/ses-canovelles\/wp-json\/wp\/v2\/posts\/12232\/revisions"}],"predecessor-version":[{"id":12237,"href":"https:\/\/agora.xtec.cat\/ses-canovelles\/wp-json\/wp\/v2\/posts\/12232\/revisions\/12237"}],"wp:featuredmedia":[{"embeddable":true,"href":"https:\/\/agora.xtec.cat\/ses-canovelles\/wp-json\/wp\/v2\/media\/12236"}],"wp:attachment":[{"href":"https:\/\/agora.xtec.cat\/ses-canovelles\/wp-json\/wp\/v2\/media?parent=12232"}],"wp:term":[{"taxonomy":"category","embeddable":true,"href":"https:\/\/agora.xtec.cat\/ses-canovelles\/wp-json\/wp\/v2\/categories?post=12232"},{"taxonomy":"post_tag","embeddable":true,"href":"https:\/\/agora.xtec.cat\/ses-canovelles\/wp-json\/wp\/v2\/tags?post=12232"}],"curies":[{"name":"wp","href":"https:\/\/api.w.org\/{rel}","templated":true}]}}