{"id":11949,"date":"2022-03-04T16:57:43","date_gmt":"2022-03-04T15:57:43","guid":{"rendered":"https:\/\/agora.xtec.cat\/ses-canovelles\/?p=11949"},"modified":"2022-09-23T10:25:10","modified_gmt":"2022-09-23T08:25:10","slug":"preinscripcio-i-matricula-curs-2022-23","status":"publish","type":"post","link":"https:\/\/agora.xtec.cat\/ses-canovelles\/general\/preinscripcio-i-matricula-curs-2022-23\/","title":{"rendered":"PREINSCRIPCI\u00d3 i MATR\u00cdCULA CURS 2022\/23:"},"content":{"rendered":"<p class=\"_04xlpA direction-ltr align-center para-style-body\" style=\"text-align: center;\"><strong><span class=\"JsGRdQ\">Trobareu tota la informaci\u00f3 sobre la preinscripci\u00f3 i matriculaci\u00f3 <\/span><span class=\"JsGRdQ\">per al curs 2022-23 al seg\u00fcent enlla\u00e7 (cliqueu sobre la imatge):<\/span><\/strong><\/p>\n<p><a href=\"https:\/\/preinscripcio.gencat.cat\/ca\/inici\" target=\"_blank\" rel=\"noopener\"><img loading=\"lazy\" decoding=\"async\" class=\"wp-image-11951 size-large\" src=\"https:\/\/agora.xtec.cat\/ses-canovelles\/wp-content\/uploads\/usu87\/2022\/03\/Publicitat-web-Preinscripcio-2223-1024x104.jpg\" alt=\"\" width=\"1024\" height=\"104\" srcset=\"https:\/\/agora.xtec.cat\/ses-canovelles\/wp-content\/uploads\/usu87\/2022\/03\/Publicitat-web-Preinscripcio-2223-1024x104.jpg 1024w, https:\/\/agora.xtec.cat\/ses-canovelles\/wp-content\/uploads\/usu87\/2022\/03\/Publicitat-web-Preinscripcio-2223-300x30.jpg 300w, https:\/\/agora.xtec.cat\/ses-canovelles\/wp-content\/uploads\/usu87\/2022\/03\/Publicitat-web-Preinscripcio-2223-768x78.jpg 768w, https:\/\/agora.xtec.cat\/ses-canovelles\/wp-content\/uploads\/usu87\/2022\/03\/Publicitat-web-Preinscripcio-2223-1536x156.jpg 1536w, https:\/\/agora.xtec.cat\/ses-canovelles\/wp-content\/uploads\/usu87\/2022\/03\/Publicitat-web-Preinscripcio-2223.jpg 1705w\" sizes=\"auto, (max-width: 1024px) 100vw, 1024px\" \/><\/a><\/p>\n<h6 style=\"text-align: center;\">La preinscripci\u00f3 \u00e9s en l\u00ednia, com el curs passat.\u00a0 Si necessiteu ajuda per presentar la sol\u00b7licitud de preinscripci\u00f3<\/h6>\n<h6 style=\"text-align: center;\">heu de demanar cita pr\u00e8via: <span style=\"color: #ff0000;\"><strong>93 840 19 90 &#8211; 636 082 341<\/strong><\/span>. <a href=\"https:\/\/preinscripcio.gencat.cat\/ca\/estudis\/eso\/ajuda\/pindoles-multimedia\/\" target=\"_blank\" rel=\"noopener\"><span style=\"color: #0000ff;\">Si cliqueu aqu\u00ed, trobareu uns v\u00eddeos explicatius de com fer-ho.<\/span><\/a><\/h6>\n<p>&nbsp;<\/p>\n<ul>\n<li><a href=\"https:\/\/agora.xtec.cat\/ses-canovelles\/wp-content\/uploads\/usu87\/2022\/03\/INFORME_OFERTA_OME_INFORME_OFERTA.pdf\" target=\"_blank\" rel=\"noopener\"><strong><span style=\"color: #ff0000;\">Publicaci\u00f3 de l&#8217;oferta inicial de places (cliqueu).<\/span><\/strong><\/a><\/li>\n<li><a href=\"https:\/\/agora.xtec.cat\/ses-canovelles\/wp-content\/uploads\/usu87\/2022\/04\/Publicacio-de-la-llista-amb-la-puntuacio-provisional-21.4.22-1.pdf\" target=\"_blank\" rel=\"noopener\"><strong><span style=\"color: #ff0000;\">Publicaci\u00f3 de la llista amb la puntuaci\u00f3 provisional (21.4.22).<\/span><\/strong><\/a><\/li>\n<li><a href=\"https:\/\/agora.xtec.cat\/ses-canovelles\/wp-content\/uploads\/usu87\/2022\/05\/INFORME_BAREM_RESOLTES_BAREM-3.5.22.pdf\" target=\"_blank\" rel=\"noopener\"><strong><span style=\"color: #ff0000;\">Publicaci\u00f3 de la llista amb la puntuaci\u00f3 resoltes les reclamacions (3.5.22).<\/span><\/strong><\/a><\/li>\n<li><a href=\"https:\/\/agora.xtec.cat\/ses-canovelles\/wp-content\/uploads\/usu87\/2022\/05\/INFORME_BAREM_DEFINITIU_BAREM.pdf\" target=\"_blank\" rel=\"noopener\"><span style=\"color: #ff0000;\"><strong>Publicaci\u00f3 de la llista de sol\u00b7licituds que han demanat el centre i l&#8217;ensenyament en primera<\/strong><\/span><\/a><br \/>\n<a href=\"https:\/\/agora.xtec.cat\/ses-canovelles\/wp-content\/uploads\/usu87\/2022\/05\/INFORME_BAREM_DEFINITIU_BAREM.pdf\" target=\"_blank\" rel=\"noopener\"><span style=\"color: #ff0000;\"><strong>petici\u00f3 ordenada (11\/05\/2022).<\/strong><\/span><\/a><\/li>\n<li><a href=\"https:\/\/agora.xtec.cat\/ses-canovelles\/wp-content\/uploads\/usu87\/2022\/06\/INFORME_OFERTA_OME_INFORME_OFERTA.pdf\" target=\"_blank\" rel=\"noopener\"><span style=\"color: #ff0000;\"><strong>Publicaci\u00f3 de l&#8217;oferta definitiva de places (9.6.22).<\/strong><\/span><\/a><\/li>\n<li><a href=\"https:\/\/agora.xtec.cat\/ses-canovelles\/wp-content\/uploads\/usu87\/2022\/06\/INFORME_ASSIGNADES_INFORME_ASSIGNADES-10.6.22.pdf\" target=\"_blank\" rel=\"noopener\"><span style=\"color: #ff0000;\"><strong>Alumnes assignats al centre amb indicaci\u00f3 de la primera petici\u00f3 a 10\/06\/2022.<\/strong><\/span><\/a><\/li>\n<li><a href=\"https:\/\/agora.xtec.cat\/ses-canovelles\/wp-content\/uploads\/usu87\/2022\/06\/INFORME_PREINSCRITES_OME_INFORME_PREINSCRITES_OME-10.6.22.pdf\" target=\"_blank\" rel=\"noopener\"><span style=\"color: #ff0000;\"><strong>Alumnes preinscrits al centre 10\/06\/2022.<\/strong><\/span><\/a><\/li>\n<\/ul>\n","protected":false},"excerpt":{"rendered":"<p>Trobareu tota la informaci\u00f3 sobre la preinscripci\u00f3 i matriculaci\u00f3 per al curs 2022-23 al seg\u00fcent enlla\u00e7 (cliqueu sobre la imatge):<br \/>\n<a href=\"https:\/\/preinscripcio.gencat.cat\/ca\/inici\" target=\"_blank\" rel=\"noopener\"><\/a><br \/>\nLa preinscripci\u00f3 \u00e9s en l\u00ednia, com el curs passat.\u00a0 Si necessiteu ajuda per presentar la sol\u00b7licitud de preinscripci\u00f3<br \/>\nheu de demanar cita pr\u00e8via: 93&hellip;  <a href=\"https:\/\/agora.xtec.cat\/ses-canovelles\/general\/preinscripcio-i-matricula-curs-2022-23\/\" title=\"Read PREINSCRIPCI\u00d3 i MATR\u00cdCULA CURS 2022\/23:\">Llegeix m\u00e9s\u00bb<\/a><\/p>\n","protected":false},"author":21,"featured_media":0,"comment_status":"open","ping_status":"closed","sticky":false,"template":"","format":"standard","meta":{"_bbp_topic_count":0,"_bbp_reply_count":0,"_bbp_total_topic_count":0,"_bbp_total_reply_count":0,"_bbp_voice_count":0,"_bbp_anonymous_reply_count":0,"_bbp_topic_count_hidden":0,"_bbp_reply_count_hidden":0,"_bbp_forum_subforum_count":0,"footnotes":""},"categories":[1,120,29,119],"tags":[],"class_list":["post-11949","post","type-post","status-publish","format-standard","hentry","category-general","category-matricula","category-portada","category-preinscripcio"],"post_mailing_queue_ids":[],"_links":{"self":[{"href":"https:\/\/agora.xtec.cat\/ses-canovelles\/wp-json\/wp\/v2\/posts\/11949","targetHints":{"allow":["GET"]}}],"collection":[{"href":"https:\/\/agora.xtec.cat\/ses-canovelles\/wp-json\/wp\/v2\/posts"}],"about":[{"href":"https:\/\/agora.xtec.cat\/ses-canovelles\/wp-json\/wp\/v2\/types\/post"}],"author":[{"embeddable":true,"href":"https:\/\/agora.xtec.cat\/ses-canovelles\/wp-json\/wp\/v2\/users\/21"}],"replies":[{"embeddable":true,"href":"https:\/\/agora.xtec.cat\/ses-canovelles\/wp-json\/wp\/v2\/comments?post=11949"}],"version-history":[{"count":4,"href":"https:\/\/agora.xtec.cat\/ses-canovelles\/wp-json\/wp\/v2\/posts\/11949\/revisions"}],"predecessor-version":[{"id":12050,"href":"https:\/\/agora.xtec.cat\/ses-canovelles\/wp-json\/wp\/v2\/posts\/11949\/revisions\/12050"}],"wp:attachment":[{"href":"https:\/\/agora.xtec.cat\/ses-canovelles\/wp-json\/wp\/v2\/media?parent=11949"}],"wp:term":[{"taxonomy":"category","embeddable":true,"href":"https:\/\/agora.xtec.cat\/ses-canovelles\/wp-json\/wp\/v2\/categories?post=11949"},{"taxonomy":"post_tag","embeddable":true,"href":"https:\/\/agora.xtec.cat\/ses-canovelles\/wp-json\/wp\/v2\/tags?post=11949"}],"curies":[{"name":"wp","href":"https:\/\/api.w.org\/{rel}","templated":true}]}}