{"id":11558,"date":"2021-05-27T12:31:53","date_gmt":"2021-05-27T10:31:53","guid":{"rendered":"https:\/\/agora.xtec.cat\/ses-canovelles\/?p=11558"},"modified":"2021-05-27T12:35:06","modified_gmt":"2021-05-27T10:35:06","slug":"visca-la-biodiversitat","status":"publish","type":"post","link":"https:\/\/agora.xtec.cat\/ses-canovelles\/portada\/visca-la-biodiversitat\/","title":{"rendered":"Visca la biodiversitat!"},"content":{"rendered":"<p><strong>Les Agulles<\/strong>, el <strong>grup del Baix Llobregat d&#8217;Ecologistes en Acci\u00f3<\/strong>, ha elaborat una exposici\u00f3 anomenada <em>Sense Biodiversitat no hi ha vida<\/em>, que crida a reflexionar sobre les greus conseq\u00fc\u00e8ncies de la p\u00e8rdua de diversitat biol\u00f2gica, tant d&#8217;esp\u00e8cies com d&#8217;ecosistemes, i com aix\u00f2 posa en un risc extrem la perviv\u00e8ncia de la vida al planeta tal com la coneixem avui en dia, a m\u00e9s de la pr\u00f2pia superviv\u00e8ncia dels \u00e9ssers humans.<\/p>\n<p><a style=\"color: #2795b6;\" href=\"https:\/\/agora.xtec.cat\/ses-canovelles\/wp-content\/uploads\/usu87\/2021\/05\/IMG_4377.jpeg\"><img loading=\"lazy\" decoding=\"async\" class=\"wp-image-11561 alignleft\" style=\"color: #222222;\" src=\"https:\/\/agora.xtec.cat\/ses-canovelles\/wp-content\/uploads\/usu87\/2021\/05\/IMG_4378-1024x768.jpeg\" alt=\"\" width=\"534\" height=\"401\" srcset=\"https:\/\/agora.xtec.cat\/ses-canovelles\/wp-content\/uploads\/usu87\/2021\/05\/IMG_4378.jpeg 1024w, https:\/\/agora.xtec.cat\/ses-canovelles\/wp-content\/uploads\/usu87\/2021\/05\/IMG_4378-300x225.jpeg 300w, https:\/\/agora.xtec.cat\/ses-canovelles\/wp-content\/uploads\/usu87\/2021\/05\/IMG_4378-768x576.jpeg 768w, https:\/\/agora.xtec.cat\/ses-canovelles\/wp-content\/uploads\/usu87\/2021\/05\/IMG_4378-200x150.jpeg 200w\" sizes=\"auto, (max-width: 534px) 100vw, 534px\" \/><\/a><\/p>\n<p><a href=\"https:\/\/agora.xtec.cat\/ses-canovelles\/wp-content\/uploads\/usu87\/2021\/05\/Exposicio\u0301-Importa\u0300ncia-de-mantenir-la-biodiversitat.jpg\"><img loading=\"lazy\" decoding=\"async\" class=\"wp-image-11559 alignright\" src=\"https:\/\/agora.xtec.cat\/ses-canovelles\/wp-content\/uploads\/usu87\/2021\/05\/Exposicio\u0301-Importa\u0300ncia-de-mantenir-la-biodiversitat.jpg\" alt=\"\" width=\"280\" height=\"280\" srcset=\"https:\/\/agora.xtec.cat\/ses-canovelles\/wp-content\/uploads\/usu87\/2021\/05\/Exposicio\u0301-Importa\u0300ncia-de-mantenir-la-biodiversitat.jpg 1024w, https:\/\/agora.xtec.cat\/ses-canovelles\/wp-content\/uploads\/usu87\/2021\/05\/Exposicio\u0301-Importa\u0300ncia-de-mantenir-la-biodiversitat-150x150.jpg 150w, https:\/\/agora.xtec.cat\/ses-canovelles\/wp-content\/uploads\/usu87\/2021\/05\/Exposicio\u0301-Importa\u0300ncia-de-mantenir-la-biodiversitat-300x300.jpg 300w, https:\/\/agora.xtec.cat\/ses-canovelles\/wp-content\/uploads\/usu87\/2021\/05\/Exposicio\u0301-Importa\u0300ncia-de-mantenir-la-biodiversitat-768x768.jpg 768w\" sizes=\"auto, (max-width: 280px) 100vw, 280px\" \/><\/a><\/p>\n<p>&nbsp;<\/p>\n<p>&nbsp;<\/p>\n<p>&nbsp;<\/p>\n<p>&nbsp;<\/p>\n<p><a href=\"https:\/\/agora.xtec.cat\/ses-canovelles\/wp-content\/uploads\/usu87\/2021\/05\/IMG_4377.jpeg\"><img loading=\"lazy\" decoding=\"async\" class=\"wp-image-11560 alignright\" src=\"https:\/\/agora.xtec.cat\/ses-canovelles\/wp-content\/uploads\/usu87\/2021\/05\/IMG_4377-1024x768.jpeg\" alt=\"\" width=\"329\" height=\"247\" srcset=\"https:\/\/agora.xtec.cat\/ses-canovelles\/wp-content\/uploads\/usu87\/2021\/05\/IMG_4377.jpeg 1024w, https:\/\/agora.xtec.cat\/ses-canovelles\/wp-content\/uploads\/usu87\/2021\/05\/IMG_4377-300x225.jpeg 300w, https:\/\/agora.xtec.cat\/ses-canovelles\/wp-content\/uploads\/usu87\/2021\/05\/IMG_4377-768x576.jpeg 768w, https:\/\/agora.xtec.cat\/ses-canovelles\/wp-content\/uploads\/usu87\/2021\/05\/IMG_4377-200x150.jpeg 200w\" sizes=\"auto, (max-width: 329px) 100vw, 329px\" \/><\/a><\/p>\n","protected":false},"excerpt":{"rendered":"<p>Les Agulles, el grup del Baix Llobregat d&#8217;Ecologistes en Acci\u00f3, ha elaborat una exposici\u00f3 anomenada Sense Biodiversitat no hi ha vida, que crida a reflexionar sobre les greus conseq\u00fc\u00e8ncies de la p\u00e8rdua de diversitat biol\u00f2gica, tant d&#8217;esp\u00e8cies com d&#8217;ecosistemes, i com aix\u00f2 posa en un&hellip;  <a href=\"https:\/\/agora.xtec.cat\/ses-canovelles\/portada\/visca-la-biodiversitat\/\" title=\"Read Visca la biodiversitat!\">Llegeix m\u00e9s\u00bb<\/a><\/p>\n","protected":false},"author":1,"featured_media":0,"comment_status":"open","ping_status":"closed","sticky":false,"template":"","format":"standard","meta":{"_bbp_topic_count":0,"_bbp_reply_count":0,"_bbp_total_topic_count":0,"_bbp_total_reply_count":0,"_bbp_voice_count":0,"_bbp_anonymous_reply_count":0,"_bbp_topic_count_hidden":0,"_bbp_reply_count_hidden":0,"_bbp_forum_subforum_count":0,"footnotes":""},"categories":[165,29],"tags":[196,195],"class_list":["post-11558","post","type-post","status-publish","format-standard","hentry","category-ambit-cientific","category-portada","tag-biodiversitat","tag-medi-ambient"],"post_mailing_queue_ids":[],"_links":{"self":[{"href":"https:\/\/agora.xtec.cat\/ses-canovelles\/wp-json\/wp\/v2\/posts\/11558","targetHints":{"allow":["GET"]}}],"collection":[{"href":"https:\/\/agora.xtec.cat\/ses-canovelles\/wp-json\/wp\/v2\/posts"}],"about":[{"href":"https:\/\/agora.xtec.cat\/ses-canovelles\/wp-json\/wp\/v2\/types\/post"}],"author":[{"embeddable":true,"href":"https:\/\/agora.xtec.cat\/ses-canovelles\/wp-json\/wp\/v2\/users\/1"}],"replies":[{"embeddable":true,"href":"https:\/\/agora.xtec.cat\/ses-canovelles\/wp-json\/wp\/v2\/comments?post=11558"}],"version-history":[{"count":3,"href":"https:\/\/agora.xtec.cat\/ses-canovelles\/wp-json\/wp\/v2\/posts\/11558\/revisions"}],"predecessor-version":[{"id":11564,"href":"https:\/\/agora.xtec.cat\/ses-canovelles\/wp-json\/wp\/v2\/posts\/11558\/revisions\/11564"}],"wp:attachment":[{"href":"https:\/\/agora.xtec.cat\/ses-canovelles\/wp-json\/wp\/v2\/media?parent=11558"}],"wp:term":[{"taxonomy":"category","embeddable":true,"href":"https:\/\/agora.xtec.cat\/ses-canovelles\/wp-json\/wp\/v2\/categories?post=11558"},{"taxonomy":"post_tag","embeddable":true,"href":"https:\/\/agora.xtec.cat\/ses-canovelles\/wp-json\/wp\/v2\/tags?post=11558"}],"curies":[{"name":"wp","href":"https:\/\/api.w.org\/{rel}","templated":true}]}}