{"id":11124,"date":"2021-01-29T10:23:03","date_gmt":"2021-01-29T09:23:03","guid":{"rendered":"https:\/\/agora.xtec.cat\/ses-canovelles\/?p=11124"},"modified":"2021-02-05T12:19:52","modified_gmt":"2021-02-05T11:19:52","slug":"1r-c-remodelen-la-biblioteca-daula","status":"publish","type":"post","link":"https:\/\/agora.xtec.cat\/ses-canovelles\/general\/1r-c-remodelen-la-biblioteca-daula\/","title":{"rendered":"Les biblioteques d&#8217;aula del Domus estan canviant&#8230;"},"content":{"rendered":"<p style=\"text-align: justify;\">Aquestes s\u00f3n les noves biblioteques d&#8217;aula de l&#8217;Aula d&#8217;acollida i 1r C. Qu\u00e8 us sembla? Ha quedat ben bonica! A m\u00e9s, d&#8217;aquesta manera aconseguim que es vegin b\u00e9 els llibres, ja que la majoria dels que escollim, tenen una portada que ens crida molt l&#8217;atenci\u00f3. A 1r C han fet un cartell amb les recomanacions dels llibres que hem llegit de les <strong>caixes viatgeres<\/strong>.<\/p>\n<p><a href=\"https:\/\/agora.xtec.cat\/ses-canovelles\/wp-content\/uploads\/usu87\/2021\/01\/Biblioteca-AA.jpeg\"><img loading=\"lazy\" decoding=\"async\" class=\"aligncenter wp-image-11147\" src=\"https:\/\/agora.xtec.cat\/ses-canovelles\/wp-content\/uploads\/usu87\/2021\/01\/Biblioteca-AA-1024x768.jpeg\" alt=\"\" width=\"529\" height=\"397\" srcset=\"https:\/\/agora.xtec.cat\/ses-canovelles\/wp-content\/uploads\/usu87\/2021\/01\/Biblioteca-AA-1024x768.jpeg 1024w, https:\/\/agora.xtec.cat\/ses-canovelles\/wp-content\/uploads\/usu87\/2021\/01\/Biblioteca-AA-300x225.jpeg 300w, https:\/\/agora.xtec.cat\/ses-canovelles\/wp-content\/uploads\/usu87\/2021\/01\/Biblioteca-AA-768x576.jpeg 768w, https:\/\/agora.xtec.cat\/ses-canovelles\/wp-content\/uploads\/usu87\/2021\/01\/Biblioteca-AA-200x150.jpeg 200w, https:\/\/agora.xtec.cat\/ses-canovelles\/wp-content\/uploads\/usu87\/2021\/01\/Biblioteca-AA.jpeg 2048w\" sizes=\"auto, (max-width: 529px) 100vw, 529px\" \/><\/a><\/p>\n<p><a href=\"https:\/\/agora.xtec.cat\/ses-canovelles\/wp-content\/uploads\/usu87\/2021\/01\/WhatsApp-Image-2021-01-29-at-10.11.16.jpeg\"><img loading=\"lazy\" decoding=\"async\" class=\"aligncenter wp-image-11125\" src=\"https:\/\/agora.xtec.cat\/ses-canovelles\/wp-content\/uploads\/usu87\/2021\/01\/WhatsApp-Image-2021-01-29-at-10.11.16-768x1024.jpeg\" alt=\"\" width=\"400\" height=\"532\" srcset=\"https:\/\/agora.xtec.cat\/ses-canovelles\/wp-content\/uploads\/usu87\/2021\/01\/WhatsApp-Image-2021-01-29-at-10.11.16-768x1024.jpeg 768w, https:\/\/agora.xtec.cat\/ses-canovelles\/wp-content\/uploads\/usu87\/2021\/01\/WhatsApp-Image-2021-01-29-at-10.11.16-225x300.jpeg 225w, https:\/\/agora.xtec.cat\/ses-canovelles\/wp-content\/uploads\/usu87\/2021\/01\/WhatsApp-Image-2021-01-29-at-10.11.16.jpeg 1200w\" sizes=\"auto, (max-width: 400px) 100vw, 400px\" \/><\/a><\/p>\n","protected":false},"excerpt":{"rendered":"<p>Aquestes s\u00f3n les noves biblioteques d&#8217;aula de l&#8217;Aula d&#8217;acollida i 1r C. Qu\u00e8 us sembla? Ha quedat ben bonica! A m\u00e9s, d&#8217;aquesta manera aconseguim que es vegin b\u00e9 els llibres, ja que la majoria dels que escollim, tenen una portada que ens crida molt l&#8217;atenci\u00f3.&hellip;  <a href=\"https:\/\/agora.xtec.cat\/ses-canovelles\/general\/1r-c-remodelen-la-biblioteca-daula\/\" title=\"Read Les biblioteques d&#8217;aula del Domus estan canviant&#8230;\">Llegeix m\u00e9s\u00bb<\/a><\/p>\n","protected":false},"author":1,"featured_media":0,"comment_status":"open","ping_status":"closed","sticky":false,"template":"","format":"standard","meta":{"_bbp_topic_count":0,"_bbp_reply_count":0,"_bbp_total_topic_count":0,"_bbp_total_reply_count":0,"_bbp_voice_count":0,"_bbp_anonymous_reply_count":0,"_bbp_topic_count_hidden":0,"_bbp_reply_count_hidden":0,"_bbp_forum_subforum_count":0,"footnotes":""},"categories":[161,4,11,1,163,150,29],"tags":[],"class_list":["post-11124","post","type-post","status-publish","format-standard","hentry","category-aula-acollida","category-eso-1","category-eso-1c","category-general","category-impuls-lectura","category-pla-lector","category-portada"],"post_mailing_queue_ids":[],"_links":{"self":[{"href":"https:\/\/agora.xtec.cat\/ses-canovelles\/wp-json\/wp\/v2\/posts\/11124","targetHints":{"allow":["GET"]}}],"collection":[{"href":"https:\/\/agora.xtec.cat\/ses-canovelles\/wp-json\/wp\/v2\/posts"}],"about":[{"href":"https:\/\/agora.xtec.cat\/ses-canovelles\/wp-json\/wp\/v2\/types\/post"}],"author":[{"embeddable":true,"href":"https:\/\/agora.xtec.cat\/ses-canovelles\/wp-json\/wp\/v2\/users\/1"}],"replies":[{"embeddable":true,"href":"https:\/\/agora.xtec.cat\/ses-canovelles\/wp-json\/wp\/v2\/comments?post=11124"}],"version-history":[{"count":3,"href":"https:\/\/agora.xtec.cat\/ses-canovelles\/wp-json\/wp\/v2\/posts\/11124\/revisions"}],"predecessor-version":[{"id":11149,"href":"https:\/\/agora.xtec.cat\/ses-canovelles\/wp-json\/wp\/v2\/posts\/11124\/revisions\/11149"}],"wp:attachment":[{"href":"https:\/\/agora.xtec.cat\/ses-canovelles\/wp-json\/wp\/v2\/media?parent=11124"}],"wp:term":[{"taxonomy":"category","embeddable":true,"href":"https:\/\/agora.xtec.cat\/ses-canovelles\/wp-json\/wp\/v2\/categories?post=11124"},{"taxonomy":"post_tag","embeddable":true,"href":"https:\/\/agora.xtec.cat\/ses-canovelles\/wp-json\/wp\/v2\/tags?post=11124"}],"curies":[{"name":"wp","href":"https:\/\/api.w.org\/{rel}","templated":true}]}}