{"id":11017,"date":"2020-12-17T12:29:10","date_gmt":"2020-12-17T11:29:10","guid":{"rendered":"https:\/\/agora.xtec.cat\/ses-canovelles\/?p=11017"},"modified":"2021-01-20T08:54:44","modified_gmt":"2021-01-20T07:54:44","slug":"taller-per-treballar-la-densitat-2n-eso","status":"publish","type":"post","link":"https:\/\/agora.xtec.cat\/ses-canovelles\/eso\/eso-2\/taller-per-treballar-la-densitat-2n-eso\/","title":{"rendered":"Taller per treballar la densitat (2n ESO) &#8211; Setmana de la Ci\u00e8ncia"},"content":{"rendered":"<p style=\"text-align: justify;\">En motiu de la Setmana de la Ci\u00e8ncia, els nois i noies de 2n d\u2019ESO, a CREA han dissenyat un experiment per als alumnes de l\u2019Escola Quatre Vents per tal de treballar la densitat. Han enregistrat un v\u00eddeo amb q\u00fcestions perqu\u00e8 els nens i nens puguin interactuar. A m\u00e9s, tamb\u00e9 els han enviat un <a href=\"https:\/\/create.kahoot.it\/share\/torre-de-densitats-domus-d-olivet\/b6c061b0-4f5b-4ec2-b159-3eb4d6aecf4b\">Kahoot<\/a> per complementar la feina.<\/p>\n<p><a title=\"Vi\u0301deoSC_CREA2nESO_SomiaOmarSambaMarie\" href=\"https:\/\/www.flickr.com\/photos\/145967599@N02\/50729528067\/in\/dateposted-public\/\" data-flickr-embed=\"true\"><img loading=\"lazy\" decoding=\"async\" src=\"https:\/\/live.staticflickr.com\/31337\/50729528067_d4e979ec66_z.jpg\" alt=\"Vi\u0301deoSC_CREA2nESO_SomiaOmarSambaMarie\" width=\"640\" height=\"360\" \/><\/a><script async src=\"\/\/embedr.flickr.com\/assets\/client-code.js\" charset=\"utf-8\"><\/script><\/p>\n","protected":false},"excerpt":{"rendered":"<p>En motiu de la Setmana de la Ci\u00e8ncia, els nois i noies de 2n d\u2019ESO, a CREA han dissenyat un experiment per als alumnes de l\u2019Escola Quatre Vents per tal de treballar la densitat. Han enregistrat un v\u00eddeo amb q\u00fcestions perqu\u00e8 els nens i nens&hellip;  <a href=\"https:\/\/agora.xtec.cat\/ses-canovelles\/eso\/eso-2\/taller-per-treballar-la-densitat-2n-eso\/\" title=\"Read Taller per treballar la densitat (2n ESO) &#8211; Setmana de la Ci\u00e8ncia\">Llegeix m\u00e9s\u00bb<\/a><\/p>\n","protected":false},"author":1,"featured_media":0,"comment_status":"open","ping_status":"closed","sticky":false,"template":"","format":"standard","meta":{"_bbp_topic_count":0,"_bbp_reply_count":0,"_bbp_total_topic_count":0,"_bbp_total_reply_count":0,"_bbp_voice_count":0,"_bbp_anonymous_reply_count":0,"_bbp_topic_count_hidden":0,"_bbp_reply_count_hidden":0,"_bbp_forum_subforum_count":0,"footnotes":""},"categories":[165,5,29],"tags":[169],"class_list":["post-11017","post","type-post","status-publish","format-standard","hentry","category-ambit-cientific","category-eso-2","category-portada","tag-setmana-de-la-ciencia"],"post_mailing_queue_ids":[],"_links":{"self":[{"href":"https:\/\/agora.xtec.cat\/ses-canovelles\/wp-json\/wp\/v2\/posts\/11017","targetHints":{"allow":["GET"]}}],"collection":[{"href":"https:\/\/agora.xtec.cat\/ses-canovelles\/wp-json\/wp\/v2\/posts"}],"about":[{"href":"https:\/\/agora.xtec.cat\/ses-canovelles\/wp-json\/wp\/v2\/types\/post"}],"author":[{"embeddable":true,"href":"https:\/\/agora.xtec.cat\/ses-canovelles\/wp-json\/wp\/v2\/users\/1"}],"replies":[{"embeddable":true,"href":"https:\/\/agora.xtec.cat\/ses-canovelles\/wp-json\/wp\/v2\/comments?post=11017"}],"version-history":[{"count":3,"href":"https:\/\/agora.xtec.cat\/ses-canovelles\/wp-json\/wp\/v2\/posts\/11017\/revisions"}],"predecessor-version":[{"id":11088,"href":"https:\/\/agora.xtec.cat\/ses-canovelles\/wp-json\/wp\/v2\/posts\/11017\/revisions\/11088"}],"wp:attachment":[{"href":"https:\/\/agora.xtec.cat\/ses-canovelles\/wp-json\/wp\/v2\/media?parent=11017"}],"wp:term":[{"taxonomy":"category","embeddable":true,"href":"https:\/\/agora.xtec.cat\/ses-canovelles\/wp-json\/wp\/v2\/categories?post=11017"},{"taxonomy":"post_tag","embeddable":true,"href":"https:\/\/agora.xtec.cat\/ses-canovelles\/wp-json\/wp\/v2\/tags?post=11017"}],"curies":[{"name":"wp","href":"https:\/\/api.w.org\/{rel}","templated":true}]}}