{"id":10978,"date":"2020-12-05T18:11:24","date_gmt":"2020-12-05T17:11:24","guid":{"rendered":"https:\/\/agora.xtec.cat\/ses-canovelles\/?p=10978"},"modified":"2021-05-13T13:18:10","modified_gmt":"2021-05-13T11:18:10","slug":"loriol-cordero-de-3r-col%e2%80%a2labora-amb-solobasket","status":"publish","type":"post","link":"https:\/\/agora.xtec.cat\/ses-canovelles\/general\/loriol-cordero-de-3r-col%e2%80%a2labora-amb-solobasket\/","title":{"rendered":"L\u2019Oriol Cordero de 3r col\u00b7labora amb Solobasket"},"content":{"rendered":"<p style=\"text-align: justify;\">La setmana passada, l&#8217;alumne de 3r Oriol Cordero va fer una entrevista a Vega Gimeno, jugadora del <em>Dur\u00e1n Maquinaria Ensino<\/em> de la Lliga Femenina Endesa. En el marc d\u2019una pr\u00e0ctica de l\u2019optativa de <strong>Mitjans de comunicaci\u00f3<\/strong>, l\u2019alumne va preparar les preguntes i va redactar l\u2019<a href=\"https:\/\/www.solobasket.com\/competiciones-feb\/vega-gimeno-la-feb-nos-esta-ayudando-y-nos-esta-escuchando-la-relacion-ha-mejorado\">article per a la revista web Solobasket.<\/a><\/p>\n<p style=\"text-align: justify;\">Vega Gimeno \u00e9s, actualment, una de les millors jugadores de la primera divisi\u00f3 espanyola: t\u00e9 una mitjana de 14 punts per partit i el seu equip \u00e9s a prop de classificar-se per a la Copa de la Reina.<\/p>\n<p><a href=\"https:\/\/agora.xtec.cat\/ses-canovelles\/wp-content\/uploads\/usu87\/2020\/12\/WhatsApp-Image-2020-12-05-at-13.55.23.jpeg\"><img loading=\"lazy\" decoding=\"async\" class=\"aligncenter size-full wp-image-10979\" src=\"https:\/\/agora.xtec.cat\/ses-canovelles\/wp-content\/uploads\/usu87\/2020\/12\/WhatsApp-Image-2020-12-05-at-13.55.23.jpeg\" alt=\"\" width=\"800\" height=\"534\" srcset=\"https:\/\/agora.xtec.cat\/ses-canovelles\/wp-content\/uploads\/usu87\/2020\/12\/WhatsApp-Image-2020-12-05-at-13.55.23.jpeg 800w, https:\/\/agora.xtec.cat\/ses-canovelles\/wp-content\/uploads\/usu87\/2020\/12\/WhatsApp-Image-2020-12-05-at-13.55.23-300x200.jpeg 300w, https:\/\/agora.xtec.cat\/ses-canovelles\/wp-content\/uploads\/usu87\/2020\/12\/WhatsApp-Image-2020-12-05-at-13.55.23-768x513.jpeg 768w\" sizes=\"auto, (max-width: 800px) 100vw, 800px\" \/><\/a><\/p>\n","protected":false},"excerpt":{"rendered":"<p>La setmana passada, l&#8217;alumne de 3r Oriol Cordero va fer una entrevista a Vega Gimeno, jugadora del Dur\u00e1n Maquinaria Ensino de la Lliga Femenina Endesa. En el marc d\u2019una pr\u00e0ctica de l\u2019optativa de Mitjans de comunicaci\u00f3, l\u2019alumne va preparar les preguntes i va redactar l\u2019<a&hellip;  <a href=\"https:\/\/agora.xtec.cat\/ses-canovelles\/general\/loriol-cordero-de-3r-col%e2%80%a2labora-amb-solobasket\/\" title=\"Read L\u2019Oriol Cordero de 3r col\u00b7labora amb Solobasket\">Llegeix m\u00e9s\u00bb<\/a><\/p>\n","protected":false},"author":1,"featured_media":0,"comment_status":"open","ping_status":"closed","sticky":false,"template":"","format":"standard","meta":{"_bbp_topic_count":0,"_bbp_reply_count":0,"_bbp_total_topic_count":0,"_bbp_total_reply_count":0,"_bbp_voice_count":0,"_bbp_anonymous_reply_count":0,"_bbp_topic_count_hidden":0,"_bbp_reply_count_hidden":0,"_bbp_forum_subforum_count":0,"footnotes":""},"categories":[116,6,1,29],"tags":[],"class_list":["post-10978","post","type-post","status-publish","format-standard","hentry","category-ambit-linguistic","category-eso-3","category-general","category-portada"],"post_mailing_queue_ids":[],"_links":{"self":[{"href":"https:\/\/agora.xtec.cat\/ses-canovelles\/wp-json\/wp\/v2\/posts\/10978","targetHints":{"allow":["GET"]}}],"collection":[{"href":"https:\/\/agora.xtec.cat\/ses-canovelles\/wp-json\/wp\/v2\/posts"}],"about":[{"href":"https:\/\/agora.xtec.cat\/ses-canovelles\/wp-json\/wp\/v2\/types\/post"}],"author":[{"embeddable":true,"href":"https:\/\/agora.xtec.cat\/ses-canovelles\/wp-json\/wp\/v2\/users\/1"}],"replies":[{"embeddable":true,"href":"https:\/\/agora.xtec.cat\/ses-canovelles\/wp-json\/wp\/v2\/comments?post=10978"}],"version-history":[{"count":3,"href":"https:\/\/agora.xtec.cat\/ses-canovelles\/wp-json\/wp\/v2\/posts\/10978\/revisions"}],"predecessor-version":[{"id":11541,"href":"https:\/\/agora.xtec.cat\/ses-canovelles\/wp-json\/wp\/v2\/posts\/10978\/revisions\/11541"}],"wp:attachment":[{"href":"https:\/\/agora.xtec.cat\/ses-canovelles\/wp-json\/wp\/v2\/media?parent=10978"}],"wp:term":[{"taxonomy":"category","embeddable":true,"href":"https:\/\/agora.xtec.cat\/ses-canovelles\/wp-json\/wp\/v2\/categories?post=10978"},{"taxonomy":"post_tag","embeddable":true,"href":"https:\/\/agora.xtec.cat\/ses-canovelles\/wp-json\/wp\/v2\/tags?post=10978"}],"curies":[{"name":"wp","href":"https:\/\/api.w.org\/{rel}","templated":true}]}}