{"id":10729,"date":"2020-09-09T21:04:33","date_gmt":"2020-09-09T19:04:33","guid":{"rendered":"https:\/\/agora.xtec.cat\/ses-canovelles\/?p=10729"},"modified":"2021-09-12T16:11:47","modified_gmt":"2021-09-12T14:11:47","slug":"entrades-i-sortides-dilluns-14-de-setembre","status":"publish","type":"post","link":"https:\/\/agora.xtec.cat\/ses-canovelles\/general\/entrades-i-sortides-dilluns-14-de-setembre\/","title":{"rendered":"Horaris d&#8217;entrades i sortides"},"content":{"rendered":"<ul>\n<li><span style=\"color: #ff0000;\"><strong>\u00c9S OBLIGATORI QUE TOT L&#8217;ALUMNAT PORTI MASCARETA I UNA DE RECANVI.<br \/>\n<\/strong><\/span><\/li>\n<li><span style=\"color: #ff0000;\"><strong>S&#8217;HAUR\u00c0 D&#8217;ENTREGAR OBLIGAT\u00d2RIAMENT LA DECLARACI\u00d3 RESPONSABLE DEGUDAMENT EMPLENADA I SIGNADA <a href=\"https:\/\/agora.xtec.cat\/ses-canovelles\/wp-content\/uploads\/usu87\/2020\/09\/Declaraci\u00f3-responsable-ESO.pdf\" target=\"_blank\" rel=\"noopener noreferrer\"><span style=\"color: #0000ff;\">(us la podeu descarregar clicant aqu\u00ed)<\/span><\/a>.<\/strong><\/span><\/li>\n<li><span style=\"color: #ff0000;\"><strong>S&#8217;EXIGEIX M\u00c0XIMA PUNTUALITAT.<\/strong><\/span><\/li>\n<\/ul>\n<p><span style=\"color: #ff0000;\"><strong><a href=\"https:\/\/agora.xtec.cat\/ses-canovelles\/wp-content\/uploads\/usu87\/2020\/09\/Horaris-entrades-i-sortides.jpg\"><img loading=\"lazy\" decoding=\"async\" class=\"aligncenter wp-image-10750\" src=\"https:\/\/agora.xtec.cat\/ses-canovelles\/wp-content\/uploads\/usu87\/2020\/09\/Horaris-entrades-i-sortides-1024x542.jpg\" alt=\"\" width=\"850\" height=\"450\" srcset=\"https:\/\/agora.xtec.cat\/ses-canovelles\/wp-content\/uploads\/usu87\/2020\/09\/Horaris-entrades-i-sortides-1024x542.jpg 1024w, https:\/\/agora.xtec.cat\/ses-canovelles\/wp-content\/uploads\/usu87\/2020\/09\/Horaris-entrades-i-sortides-300x159.jpg 300w, https:\/\/agora.xtec.cat\/ses-canovelles\/wp-content\/uploads\/usu87\/2020\/09\/Horaris-entrades-i-sortides-768x406.jpg 768w, https:\/\/agora.xtec.cat\/ses-canovelles\/wp-content\/uploads\/usu87\/2020\/09\/Horaris-entrades-i-sortides.jpg 1113w\" sizes=\"auto, (max-width: 850px) 100vw, 850px\" \/><\/a><\/strong><\/span><\/p>\n","protected":false},"excerpt":{"rendered":"<ul>\n<li>\u00c9S OBLIGATORI QUE TOT L&#8217;ALUMNAT PORTI MASCARETA I UNA DE RECANVI.\n<\/li>\n<li>S&#8217;HAUR\u00c0 D&#8217;ENTREGAR OBLIGAT\u00d2RIAMENT LA DECLARACI\u00d3 RESPONSABLE DEGUDAMENT EMPLENADA I SIGNADA <a href=\"https:\/\/agora.xtec.cat\/ses-canovelles\/wp-content\/uploads\/usu87\/2020\/09\/Declaraci\u00f3-responsable-ESO.pdf\" target=\"_blank\" rel=\"noopener noreferrer\">(us la podeu descarregar clicant aqu\u00ed)<\/a>.<\/li>\n<li>S&#8217;EXIGEIX M\u00c0XIMA PUNTUALITAT.<\/li>\n<\/ul>\n<p><a href=\"https:\/\/agora.xtec.cat\/ses-canovelles\/wp-content\/uploads\/usu87\/2020\/09\/Horaris-entrades-i-sortides.jpg\"><\/a><\/p>\n","protected":false},"author":21,"featured_media":0,"comment_status":"open","ping_status":"closed","sticky":false,"template":"","format":"standard","meta":{"_bbp_topic_count":0,"_bbp_reply_count":0,"_bbp_total_topic_count":0,"_bbp_total_reply_count":0,"_bbp_voice_count":0,"_bbp_anonymous_reply_count":0,"_bbp_topic_count_hidden":0,"_bbp_reply_count_hidden":0,"_bbp_forum_subforum_count":0,"footnotes":""},"categories":[1,29],"tags":[],"class_list":["post-10729","post","type-post","status-publish","format-standard","hentry","category-general","category-portada"],"post_mailing_queue_ids":[],"_links":{"self":[{"href":"https:\/\/agora.xtec.cat\/ses-canovelles\/wp-json\/wp\/v2\/posts\/10729","targetHints":{"allow":["GET"]}}],"collection":[{"href":"https:\/\/agora.xtec.cat\/ses-canovelles\/wp-json\/wp\/v2\/posts"}],"about":[{"href":"https:\/\/agora.xtec.cat\/ses-canovelles\/wp-json\/wp\/v2\/types\/post"}],"author":[{"embeddable":true,"href":"https:\/\/agora.xtec.cat\/ses-canovelles\/wp-json\/wp\/v2\/users\/21"}],"replies":[{"embeddable":true,"href":"https:\/\/agora.xtec.cat\/ses-canovelles\/wp-json\/wp\/v2\/comments?post=10729"}],"version-history":[{"count":3,"href":"https:\/\/agora.xtec.cat\/ses-canovelles\/wp-json\/wp\/v2\/posts\/10729\/revisions"}],"predecessor-version":[{"id":10752,"href":"https:\/\/agora.xtec.cat\/ses-canovelles\/wp-json\/wp\/v2\/posts\/10729\/revisions\/10752"}],"wp:attachment":[{"href":"https:\/\/agora.xtec.cat\/ses-canovelles\/wp-json\/wp\/v2\/media?parent=10729"}],"wp:term":[{"taxonomy":"category","embeddable":true,"href":"https:\/\/agora.xtec.cat\/ses-canovelles\/wp-json\/wp\/v2\/categories?post=10729"},{"taxonomy":"post_tag","embeddable":true,"href":"https:\/\/agora.xtec.cat\/ses-canovelles\/wp-json\/wp\/v2\/tags?post=10729"}],"curies":[{"name":"wp","href":"https:\/\/api.w.org\/{rel}","templated":true}]}}