{"id":10348,"date":"2020-02-16T19:53:22","date_gmt":"2020-02-16T18:53:22","guid":{"rendered":"https:\/\/agora.xtec.cat\/ses-canovelles\/?p=10348"},"modified":"2020-02-16T20:06:41","modified_gmt":"2020-02-16T19:06:41","slug":"vallesbot-2020-un-mon-per-a-tothom","status":"publish","type":"post","link":"https:\/\/agora.xtec.cat\/ses-canovelles\/portada\/vallesbot-2020-un-mon-per-a-tothom\/","title":{"rendered":"VALL\u00c8SBOT 2020: UN M\u00d3N PER A TOTHOM"},"content":{"rendered":"<h5>El dilluns 27 de Gener es va iniciar la tercera edici\u00f3 de la Vall\u00e8sbot que enguany t\u00e9 com a lema <u>Un m\u00f3n per a tothom!<\/u> \u00a0Es celebrar\u00e0 el proper 27 de maig de 2020 al Parc del Congost de Granollers.<\/h5>\n<p>La tem\u00e0tica proposada als centres participants \u00e9s la diversitat funcional i, sota el lema <u>Un m\u00f3n per a tothom!<\/u>, l&#8217;alumnat est\u00e0 creant propostes tecnol\u00f2giques i rob\u00f2tiques per millorar l&#8217;autonomia de les persones en la seva vida quotidiana. Per aix\u00f2,\u00a0 aquesta ocasi\u00f3 no l\u2019hem volgut deixar passar i el professorat del Centre fomentar\u00e0 la participaci\u00f3 dels joves de 4t d\u2019ESO de l\u2019especialitat de Tecnologia per tal de viure l\u2019experi\u00e8ncia conjuntament amb altres escoles i instituts de la poblaci\u00f3.<\/p>\n<p>Per primera vegada tots els centres educatius de Canovelles, tant de prim\u00e0ria com de secund\u00e0ria, hi participar\u00e0!<\/p>\n<p><a href=\"https:\/\/agora.xtec.cat\/ses-canovelles\/wp-content\/uploads\/usu87\/2020\/02\/VALLESBOT_cartell-2020-1-1.jpg\"><img loading=\"lazy\" decoding=\"async\" class=\"aligncenter wp-image-10347\" src=\"https:\/\/agora.xtec.cat\/ses-canovelles\/wp-content\/uploads\/usu87\/2020\/02\/VALLESBOT_cartell-2020-1-1-724x1024.jpg\" alt=\"\" width=\"331\" height=\"468\" \/><\/a><\/p>\n<p><strong>El projecte Vall\u00e8sbot<\/strong><\/p>\n<p>Aquest projecte va n\u00e9ixer el curs 2017\/2018 fruit del treball en xarxa entre professors, centres educatius, Ajuntaments i el Centre de Recursos Pedag\u00f2gics del Vall\u00e8s Oriental I. Es tracta d\u2019una activitat intermunicipal per la implementaci\u00f3 dels coneixements de la rob\u00f2tica i el pensament computacional tot donant solucions a reptes quotidians del nostre entorn m\u00e9s proper. A difer\u00e8ncia d\u2019altres projectes de vocaci\u00f3 i cultura tecnol\u00f2gica, la Vall\u00e8sbot no \u00e9s competitiva i es fa en horari lectiu, fet pel qual tot l\u2019alumnat pren part de la proposta i apr\u00e8n de la construcci\u00f3 i programaci\u00f3 de robots.<\/p>\n<p>Molta sort a tots i esperem gaudir d\u2019aquesta experi\u00e8ncia al m\u00e0xim.<\/p>\n","protected":false},"excerpt":{"rendered":"<p>El dilluns 27 de Gener es va iniciar la tercera edici\u00f3 de la Vall\u00e8sbot que enguany t\u00e9 com a lema Un m\u00f3n per a tothom! \u00a0Es celebrar\u00e0 el proper 27 de maig de 2020 al Parc del Congost de Granollers.<br \/>\nLa tem\u00e0tica proposada als centres participants&hellip;  <a href=\"https:\/\/agora.xtec.cat\/ses-canovelles\/portada\/vallesbot-2020-un-mon-per-a-tothom\/\" title=\"Read VALL\u00c8SBOT 2020: UN M\u00d3N PER A TOTHOM\">Llegeix m\u00e9s\u00bb<\/a><\/p>\n","protected":false},"author":21,"featured_media":10347,"comment_status":"open","ping_status":"closed","sticky":false,"template":"","format":"standard","meta":{"_bbp_topic_count":0,"_bbp_reply_count":0,"_bbp_total_topic_count":0,"_bbp_total_reply_count":0,"_bbp_voice_count":0,"_bbp_anonymous_reply_count":0,"_bbp_topic_count_hidden":0,"_bbp_reply_count_hidden":0,"_bbp_forum_subforum_count":0,"footnotes":""},"categories":[29,151],"tags":[],"class_list":["post-10348","post","type-post","status-publish","format-standard","has-post-thumbnail","hentry","category-portada","category-vallesbot"],"post_mailing_queue_ids":[],"_links":{"self":[{"href":"https:\/\/agora.xtec.cat\/ses-canovelles\/wp-json\/wp\/v2\/posts\/10348","targetHints":{"allow":["GET"]}}],"collection":[{"href":"https:\/\/agora.xtec.cat\/ses-canovelles\/wp-json\/wp\/v2\/posts"}],"about":[{"href":"https:\/\/agora.xtec.cat\/ses-canovelles\/wp-json\/wp\/v2\/types\/post"}],"author":[{"embeddable":true,"href":"https:\/\/agora.xtec.cat\/ses-canovelles\/wp-json\/wp\/v2\/users\/21"}],"replies":[{"embeddable":true,"href":"https:\/\/agora.xtec.cat\/ses-canovelles\/wp-json\/wp\/v2\/comments?post=10348"}],"version-history":[{"count":3,"href":"https:\/\/agora.xtec.cat\/ses-canovelles\/wp-json\/wp\/v2\/posts\/10348\/revisions"}],"predecessor-version":[{"id":10351,"href":"https:\/\/agora.xtec.cat\/ses-canovelles\/wp-json\/wp\/v2\/posts\/10348\/revisions\/10351"}],"wp:featuredmedia":[{"embeddable":true,"href":"https:\/\/agora.xtec.cat\/ses-canovelles\/wp-json\/wp\/v2\/media\/10347"}],"wp:attachment":[{"href":"https:\/\/agora.xtec.cat\/ses-canovelles\/wp-json\/wp\/v2\/media?parent=10348"}],"wp:term":[{"taxonomy":"category","embeddable":true,"href":"https:\/\/agora.xtec.cat\/ses-canovelles\/wp-json\/wp\/v2\/categories?post=10348"},{"taxonomy":"post_tag","embeddable":true,"href":"https:\/\/agora.xtec.cat\/ses-canovelles\/wp-json\/wp\/v2\/tags?post=10348"}],"curies":[{"name":"wp","href":"https:\/\/api.w.org\/{rel}","templated":true}]}}