{"id":10218,"date":"2020-01-21T21:03:31","date_gmt":"2020-01-21T20:03:31","guid":{"rendered":"https:\/\/agora.xtec.cat\/ses-canovelles\/?p=10218"},"modified":"2020-01-21T21:04:30","modified_gmt":"2020-01-21T20:04:30","slug":"classes-normals-dema-dimecres-21-de-gener","status":"publish","type":"post","link":"https:\/\/agora.xtec.cat\/ses-canovelles\/general\/classes-normals-dema-dimecres-21-de-gener\/","title":{"rendered":"Classes normals dem\u00e0 dimecres 22 de gener"},"content":{"rendered":"<p><a href=\"https:\/\/agora.xtec.cat\/ses-canovelles\/wp-content\/uploads\/usu87\/2020\/01\/LOGO-DOMUS.jpg\"><img loading=\"lazy\" decoding=\"async\" class=\" wp-image-10220\" src=\"https:\/\/agora.xtec.cat\/ses-canovelles\/wp-content\/uploads\/usu87\/2020\/01\/LOGO-DOMUS.jpg\" alt=\"\" width=\"233\" height=\"68\" srcset=\"https:\/\/agora.xtec.cat\/ses-canovelles\/wp-content\/uploads\/usu87\/2020\/01\/LOGO-DOMUS.jpg 800w, https:\/\/agora.xtec.cat\/ses-canovelles\/wp-content\/uploads\/usu87\/2020\/01\/LOGO-DOMUS-300x88.jpg 300w, https:\/\/agora.xtec.cat\/ses-canovelles\/wp-content\/uploads\/usu87\/2020\/01\/LOGO-DOMUS-768x225.jpg 768w\" sizes=\"auto, (max-width: 233px) 100vw, 233px\" \/><\/a><\/p>\n<h3><\/h3>\n<h3><\/h3>\n<h3><strong>Seguint les recomanacions de l\u2019Ajuntament de Canovelles dem\u00e0 dimecres 22 s&#8217;obrir\u00e0 l&#8217;Institut amb tota normalitat a excepci\u00f3 de l&#8217;alumnat de 3r B i 2n B que far\u00e0 les classes d&#8217;educaci\u00f3 f\u00edsica a l&#8217;Institut i NO al Pavell\u00f3 Tagamanent.<\/strong><\/h3>\n","protected":false},"excerpt":{"rendered":"<p><a href=\"https:\/\/agora.xtec.cat\/ses-canovelles\/wp-content\/uploads\/usu87\/2020\/01\/LOGO-DOMUS.jpg\"><\/a><\/p>\n<p>Seguint les recomanacions de l\u2019Ajuntament de Canovelles dem\u00e0 dimecres 22 s&#8217;obrir\u00e0 l&#8217;Institut amb tota normalitat a excepci\u00f3 de l&#8217;alumnat de 3r B i 2n B que far\u00e0 les classes d&#8217;educaci\u00f3 f\u00edsica a l&#8217;Institut i NO al Pavell\u00f3 Tagamanent.<\/p>\n","protected":false},"author":21,"featured_media":0,"comment_status":"open","ping_status":"closed","sticky":false,"template":"","format":"standard","meta":{"_bbp_topic_count":0,"_bbp_reply_count":0,"_bbp_total_topic_count":0,"_bbp_total_reply_count":0,"_bbp_voice_count":0,"_bbp_anonymous_reply_count":0,"_bbp_topic_count_hidden":0,"_bbp_reply_count_hidden":0,"_bbp_forum_subforum_count":0,"footnotes":""},"categories":[1,29],"tags":[],"class_list":["post-10218","post","type-post","status-publish","format-standard","hentry","category-general","category-portada"],"post_mailing_queue_ids":[],"_links":{"self":[{"href":"https:\/\/agora.xtec.cat\/ses-canovelles\/wp-json\/wp\/v2\/posts\/10218","targetHints":{"allow":["GET"]}}],"collection":[{"href":"https:\/\/agora.xtec.cat\/ses-canovelles\/wp-json\/wp\/v2\/posts"}],"about":[{"href":"https:\/\/agora.xtec.cat\/ses-canovelles\/wp-json\/wp\/v2\/types\/post"}],"author":[{"embeddable":true,"href":"https:\/\/agora.xtec.cat\/ses-canovelles\/wp-json\/wp\/v2\/users\/21"}],"replies":[{"embeddable":true,"href":"https:\/\/agora.xtec.cat\/ses-canovelles\/wp-json\/wp\/v2\/comments?post=10218"}],"version-history":[{"count":3,"href":"https:\/\/agora.xtec.cat\/ses-canovelles\/wp-json\/wp\/v2\/posts\/10218\/revisions"}],"predecessor-version":[{"id":10222,"href":"https:\/\/agora.xtec.cat\/ses-canovelles\/wp-json\/wp\/v2\/posts\/10218\/revisions\/10222"}],"wp:attachment":[{"href":"https:\/\/agora.xtec.cat\/ses-canovelles\/wp-json\/wp\/v2\/media?parent=10218"}],"wp:term":[{"taxonomy":"category","embeddable":true,"href":"https:\/\/agora.xtec.cat\/ses-canovelles\/wp-json\/wp\/v2\/categories?post=10218"},{"taxonomy":"post_tag","embeddable":true,"href":"https:\/\/agora.xtec.cat\/ses-canovelles\/wp-json\/wp\/v2\/tags?post=10218"}],"curies":[{"name":"wp","href":"https:\/\/api.w.org\/{rel}","templated":true}]}}