{"id":9307,"date":"2022-05-04T08:46:11","date_gmt":"2022-05-04T06:46:11","guid":{"rendered":"https:\/\/agora.xtec.cat\/mobilsedu\/?p=9307"},"modified":"2022-05-04T08:46:11","modified_gmt":"2022-05-04T06:46:11","slug":"convocatoria-per-participar-a-cinema-en-curs-2022-23","status":"publish","type":"post","link":"https:\/\/agora.xtec.cat\/mobilsedu\/general\/convocatoria-per-participar-a-cinema-en-curs-2022-23\/","title":{"rendered":"Convocat\u00f2ria per participar a Cinema en curs 2022-23"},"content":{"rendered":"<p>S\u2019obre la convocat\u00f2ria per participar en la 18a edici\u00f3 de Cinema en curs, programa de pedagogia del cinema a escoles i instituts. La inscripci\u00f3 est\u00e0 oberta <strong>fins al 27 de maig.<\/strong><\/p>\n<p>Cinema en curs \u00e9s un programa de pedagogia del cinema i amb el cinema a escoles i instituts.<\/p>\n<p>Cinema en curs t\u00e9 dos grans objectius:<\/p>\n<p>&#8211; Propiciar el descobriment per part de nens i joves del cinema ent\u00e8s com a art, creaci\u00f3 i cultura.<br \/>\n&#8211; Desenvolupar les pot\u00e8ncies pedag\u00f2giques de la creaci\u00f3 cinematogr\u00e0fica en el context educatiu.<\/p>\n<p>Trobareu m\u00e9s informaci\u00f3 a <a href=\"http:\/\/xtec.gencat.cat\/ca\/agenda\/Convocatoria-per-participar-a-Cinema-en-curs-2022-2023\" target=\"_blank\" rel=\"noopener\">http:\/\/xtec.gencat.cat\/ca\/agenda\/Convocatoria-per-participar-a-Cinema-en-curs-2022-2023<\/a><\/p>\n<p><img loading=\"lazy\" decoding=\"async\" class=\"aligncenter size-full wp-image-9308\" src=\"https:\/\/agora.xtec.cat\/mobilsedu\/wp-content\/uploads\/usu64\/2022\/05\/cinema-en-curs.jpg\" alt=\"\" width=\"411\" height=\"275\" srcset=\"https:\/\/agora.xtec.cat\/mobilsedu\/wp-content\/uploads\/usu64\/2022\/05\/cinema-en-curs.jpg 411w, https:\/\/agora.xtec.cat\/mobilsedu\/wp-content\/uploads\/usu64\/2022\/05\/cinema-en-curs-300x201.jpg 300w\" sizes=\"auto, (max-width: 411px) 100vw, 411px\" \/><\/p>\n","protected":false},"excerpt":{"rendered":"<p>S\u2019obre la convocat\u00f2ria per participar en la 18a edici\u00f3 de Cinema en curs, programa de pedagogia del cinema a escoles i instituts. La inscripci\u00f3 est\u00e0 oberta fins al 27 de maig.<br \/>\nCinema en curs \u00e9s un programa de pedagogia del cinema i amb el cinema a&hellip;  <a href=\"https:\/\/agora.xtec.cat\/mobilsedu\/general\/convocatoria-per-participar-a-cinema-en-curs-2022-23\/\" title=\"Read Convocat\u00f2ria per participar a Cinema en curs 2022-23\">Llegeix m\u00e9s\u00bb<\/a><\/p>\n","protected":false},"author":495,"featured_media":9309,"comment_status":"open","ping_status":"closed","sticky":false,"template":"","format":"standard","meta":{"_bbp_topic_count":0,"_bbp_reply_count":0,"_bbp_total_topic_count":0,"_bbp_total_reply_count":0,"_bbp_voice_count":0,"_bbp_anonymous_reply_count":0,"_bbp_topic_count_hidden":0,"_bbp_reply_count_hidden":0,"_bbp_forum_subforum_count":0,"footnotes":""},"categories":[330,154,1,29],"tags":[],"class_list":["post-9307","post","type-post","status-publish","format-standard","has-post-thumbnail","hentry","category-articles","category-formacio","category-general","category-portada"],"post_mailing_queue_ids":[],"_links":{"self":[{"href":"https:\/\/agora.xtec.cat\/mobilsedu\/wp-json\/wp\/v2\/posts\/9307","targetHints":{"allow":["GET"]}}],"collection":[{"href":"https:\/\/agora.xtec.cat\/mobilsedu\/wp-json\/wp\/v2\/posts"}],"about":[{"href":"https:\/\/agora.xtec.cat\/mobilsedu\/wp-json\/wp\/v2\/types\/post"}],"author":[{"embeddable":true,"href":"https:\/\/agora.xtec.cat\/mobilsedu\/wp-json\/wp\/v2\/users\/495"}],"replies":[{"embeddable":true,"href":"https:\/\/agora.xtec.cat\/mobilsedu\/wp-json\/wp\/v2\/comments?post=9307"}],"version-history":[{"count":2,"href":"https:\/\/agora.xtec.cat\/mobilsedu\/wp-json\/wp\/v2\/posts\/9307\/revisions"}],"predecessor-version":[{"id":9311,"href":"https:\/\/agora.xtec.cat\/mobilsedu\/wp-json\/wp\/v2\/posts\/9307\/revisions\/9311"}],"wp:featuredmedia":[{"embeddable":true,"href":"https:\/\/agora.xtec.cat\/mobilsedu\/wp-json\/wp\/v2\/media\/9309"}],"wp:attachment":[{"href":"https:\/\/agora.xtec.cat\/mobilsedu\/wp-json\/wp\/v2\/media?parent=9307"}],"wp:term":[{"taxonomy":"category","embeddable":true,"href":"https:\/\/agora.xtec.cat\/mobilsedu\/wp-json\/wp\/v2\/categories?post=9307"},{"taxonomy":"post_tag","embeddable":true,"href":"https:\/\/agora.xtec.cat\/mobilsedu\/wp-json\/wp\/v2\/tags?post=9307"}],"curies":[{"name":"wp","href":"https:\/\/api.w.org\/{rel}","templated":true}]}}