{"id":9142,"date":"2021-12-17T12:14:51","date_gmt":"2021-12-17T11:14:51","guid":{"rendered":"https:\/\/agora.xtec.cat\/mobilsedu\/?p=9142"},"modified":"2021-12-17T12:14:51","modified_gmt":"2021-12-17T11:14:51","slug":"novetats-bibliografiques-per-a-les-vacances","status":"publish","type":"post","link":"https:\/\/agora.xtec.cat\/mobilsedu\/general\/novetats-bibliografiques-per-a-les-vacances\/","title":{"rendered":"Novetats bibliogr\u00e0fiques per a les vacances"},"content":{"rendered":"<p>Si aquestes vacances voleu destinar alguna estona per a la lectura al Portal de Centre teniu totes les novetats bibliogr\u00e0fiques de<a href=\"https:\/\/espai.educacio.gencat.cat\/Recursos\/Biblioteca\/Pagines\/default.aspx\" target=\"_blank\" rel=\"noopener\"> la biblioteca del Departament<\/a>. Entreu-hi i les podreu consultar de forma integra en l\u00ednia.<\/p>\n<p style=\"text-align: left;\">D&#8217;entre les \u00faltimes novetats bibliogr\u00e0fiques podem destacar les seg\u00fcents publicacions relacionades amb la innovaci\u00f3 i les tecnologies digitals:<\/p>\n<p style=\"text-align: left;\"><a href=\"https:\/\/agora.xtec.cat\/mobilsedu\/wp-content\/uploads\/usu64\/2021\/12\/OECD-IA-blockchain-1.jpg\"><img loading=\"lazy\" decoding=\"async\" class=\"alignleft wp-image-9152\" src=\"https:\/\/agora.xtec.cat\/mobilsedu\/wp-content\/uploads\/usu64\/2021\/12\/OECD-IA-blockchain-1-208x300.jpg\" alt=\"\" width=\"190\" height=\"273\" srcset=\"https:\/\/agora.xtec.cat\/mobilsedu\/wp-content\/uploads\/usu64\/2021\/12\/OECD-IA-blockchain-1-208x300.jpg 208w, https:\/\/agora.xtec.cat\/mobilsedu\/wp-content\/uploads\/usu64\/2021\/12\/OECD-IA-blockchain-1.jpg 230w\" sizes=\"auto, (max-width: 190px) 100vw, 190px\" \/><\/a><\/p>\n<p><a href=\"https:\/\/agora.xtec.cat\/mobilsedu\/wp-content\/uploads\/usu64\/2021\/12\/innovating-pedagogy.jpg\"><img loading=\"lazy\" decoding=\"async\" class=\"alignleft wp-image-9147\" src=\"https:\/\/agora.xtec.cat\/mobilsedu\/wp-content\/uploads\/usu64\/2021\/12\/innovating-pedagogy-219x300.jpg\" alt=\"\" width=\"190\" height=\"260\" srcset=\"https:\/\/agora.xtec.cat\/mobilsedu\/wp-content\/uploads\/usu64\/2021\/12\/innovating-pedagogy-219x300.jpg 219w, https:\/\/agora.xtec.cat\/mobilsedu\/wp-content\/uploads\/usu64\/2021\/12\/innovating-pedagogy.jpg 237w\" sizes=\"auto, (max-width: 190px) 100vw, 190px\" \/><\/a> <a href=\"https:\/\/agora.xtec.cat\/mobilsedu\/wp-content\/uploads\/usu64\/2021\/12\/learning-to-leapprof.jpg\"><img loading=\"lazy\" decoding=\"async\" class=\"alignleft wp-image-9148\" src=\"https:\/\/agora.xtec.cat\/mobilsedu\/wp-content\/uploads\/usu64\/2021\/12\/learning-to-leapprof-207x300.jpg\" alt=\"\" width=\"190\" height=\"275\" srcset=\"https:\/\/agora.xtec.cat\/mobilsedu\/wp-content\/uploads\/usu64\/2021\/12\/learning-to-leapprof-207x300.jpg 207w, https:\/\/agora.xtec.cat\/mobilsedu\/wp-content\/uploads\/usu64\/2021\/12\/learning-to-leapprof.jpg 225w\" sizes=\"auto, (max-width: 190px) 100vw, 190px\" \/><\/a> <a href=\"https:\/\/agora.xtec.cat\/mobilsedu\/wp-content\/uploads\/usu64\/2021\/12\/makerspaces.jpg\"><img loading=\"lazy\" decoding=\"async\" class=\"alignleft wp-image-9149\" src=\"https:\/\/agora.xtec.cat\/mobilsedu\/wp-content\/uploads\/usu64\/2021\/12\/makerspaces-193x300.jpg\" alt=\"\" width=\"190\" height=\"296\" srcset=\"https:\/\/agora.xtec.cat\/mobilsedu\/wp-content\/uploads\/usu64\/2021\/12\/makerspaces-193x300.jpg 193w, https:\/\/agora.xtec.cat\/mobilsedu\/wp-content\/uploads\/usu64\/2021\/12\/makerspaces.jpg 199w\" sizes=\"auto, (max-width: 190px) 100vw, 190px\" \/><\/a><a href=\"https:\/\/agora.xtec.cat\/mobilsedu\/wp-content\/uploads\/usu64\/2021\/12\/Otras-formas-de-aprender.jpg\"><img loading=\"lazy\" decoding=\"async\" class=\"alignleft wp-image-9151\" src=\"https:\/\/agora.xtec.cat\/mobilsedu\/wp-content\/uploads\/usu64\/2021\/12\/Otras-formas-de-aprender-205x300.jpg\" alt=\"\" width=\"190\" height=\"279\" srcset=\"https:\/\/agora.xtec.cat\/mobilsedu\/wp-content\/uploads\/usu64\/2021\/12\/Otras-formas-de-aprender-205x300.jpg 205w, https:\/\/agora.xtec.cat\/mobilsedu\/wp-content\/uploads\/usu64\/2021\/12\/Otras-formas-de-aprender.jpg 212w\" sizes=\"auto, (max-width: 190px) 100vw, 190px\" \/><\/a><\/p>\n<p>&nbsp;<\/p>\n<p>&nbsp;<\/p>\n<p>&nbsp;<\/p>\n<p>&nbsp;<\/p>\n<p>&nbsp;<\/p>\n<p>&nbsp;<\/p>\n<p>&nbsp;<\/p>\n<h3><span style=\"color: #000000;\">Aprofitem per desitjar-vos que tingueu unes bones vacances de Nadal! Ens retrobem l&#8217;any vinent.<\/span><\/h3>\n","protected":false},"excerpt":{"rendered":"<p>Si aquestes vacances voleu destinar alguna estona per a la lectura al Portal de Centre teniu totes les novetats bibliogr\u00e0fiques de<a href=\"https:\/\/espai.educacio.gencat.cat\/Recursos\/Biblioteca\/Pagines\/default.aspx\" target=\"_blank\" rel=\"noopener\"> la biblioteca del Departament<\/a>. Entreu-hi i les podreu consultar de forma integra en l\u00ednia.<br \/>\nD&#8217;entre les \u00faltimes novetats bibliogr\u00e0fiques podem destacar les&hellip;  <a href=\"https:\/\/agora.xtec.cat\/mobilsedu\/general\/novetats-bibliografiques-per-a-les-vacances\/\" title=\"Read Novetats bibliogr\u00e0fiques per a les vacances\">Llegeix m\u00e9s\u00bb<\/a><\/p>\n","protected":false},"author":495,"featured_media":9145,"comment_status":"open","ping_status":"closed","sticky":false,"template":"","format":"standard","meta":{"_bbp_topic_count":0,"_bbp_reply_count":0,"_bbp_total_topic_count":0,"_bbp_total_reply_count":0,"_bbp_voice_count":0,"_bbp_anonymous_reply_count":0,"_bbp_topic_count_hidden":0,"_bbp_reply_count_hidden":0,"_bbp_forum_subforum_count":0,"footnotes":""},"categories":[330,292,1,29,76],"tags":[],"class_list":["post-9142","post","type-post","status-publish","format-standard","has-post-thumbnail","hentry","category-articles","category-documents","category-general","category-portada","category-recursos"],"post_mailing_queue_ids":[],"_links":{"self":[{"href":"https:\/\/agora.xtec.cat\/mobilsedu\/wp-json\/wp\/v2\/posts\/9142","targetHints":{"allow":["GET"]}}],"collection":[{"href":"https:\/\/agora.xtec.cat\/mobilsedu\/wp-json\/wp\/v2\/posts"}],"about":[{"href":"https:\/\/agora.xtec.cat\/mobilsedu\/wp-json\/wp\/v2\/types\/post"}],"author":[{"embeddable":true,"href":"https:\/\/agora.xtec.cat\/mobilsedu\/wp-json\/wp\/v2\/users\/495"}],"replies":[{"embeddable":true,"href":"https:\/\/agora.xtec.cat\/mobilsedu\/wp-json\/wp\/v2\/comments?post=9142"}],"version-history":[{"count":4,"href":"https:\/\/agora.xtec.cat\/mobilsedu\/wp-json\/wp\/v2\/posts\/9142\/revisions"}],"predecessor-version":[{"id":9164,"href":"https:\/\/agora.xtec.cat\/mobilsedu\/wp-json\/wp\/v2\/posts\/9142\/revisions\/9164"}],"wp:featuredmedia":[{"embeddable":true,"href":"https:\/\/agora.xtec.cat\/mobilsedu\/wp-json\/wp\/v2\/media\/9145"}],"wp:attachment":[{"href":"https:\/\/agora.xtec.cat\/mobilsedu\/wp-json\/wp\/v2\/media?parent=9142"}],"wp:term":[{"taxonomy":"category","embeddable":true,"href":"https:\/\/agora.xtec.cat\/mobilsedu\/wp-json\/wp\/v2\/categories?post=9142"},{"taxonomy":"post_tag","embeddable":true,"href":"https:\/\/agora.xtec.cat\/mobilsedu\/wp-json\/wp\/v2\/tags?post=9142"}],"curies":[{"name":"wp","href":"https:\/\/api.w.org\/{rel}","templated":true}]}}