{"id":9110,"date":"2021-11-12T13:20:09","date_gmt":"2021-11-12T12:20:09","guid":{"rendered":"https:\/\/agora.xtec.cat\/mobilsedu\/?p=9110"},"modified":"2021-11-12T14:29:14","modified_gmt":"2021-11-12T13:29:14","slug":"jornada-el-potencial-didactic-de-la-georeferenciacio","status":"publish","type":"post","link":"https:\/\/agora.xtec.cat\/mobilsedu\/general\/jornada-el-potencial-didactic-de-la-georeferenciacio\/","title":{"rendered":"Jornada &#8220;El potencial did\u00e0ctic de la georeferenciaci\u00f3&#8221;"},"content":{"rendered":"<p><a href=\"https:\/\/agora.xtec.cat\/mobilsedu\/wp-content\/uploads\/usu64\/2021\/11\/unnamed.jpg\"><img loading=\"lazy\" decoding=\"async\" class=\"aligncenter size-full wp-image-9121\" src=\"https:\/\/agora.xtec.cat\/mobilsedu\/wp-content\/uploads\/usu64\/2021\/11\/unnamed.jpg\" alt=\"\" width=\"410\" height=\"275\" srcset=\"https:\/\/agora.xtec.cat\/mobilsedu\/wp-content\/uploads\/usu64\/2021\/11\/unnamed.jpg 410w, https:\/\/agora.xtec.cat\/mobilsedu\/wp-content\/uploads\/usu64\/2021\/11\/unnamed-300x201.jpg 300w\" sizes=\"auto, (max-width: 410px) 100vw, 410px\" \/><\/a><\/p>\n<p>El dimecres 17 de novembre de 17:30 a 19:00h es realitzar\u00e0 la jornada &#8220;El potencial de la georeferenciaci\u00f3&#8221; en format virtual.<\/p>\n<p>Hi haur\u00e0 una pon\u00e8ncia sobre el paper de la georeferenciaci\u00f3 en metodologies actives i es presentaran tres projectes que utilitzen propostes de georeferenciaci\u00f3 des de tres sales que emetran a la vegada:<\/p>\n<ul>\n<li>L&#8217;Instamaps (Institut Cartogr\u00e0fic i Geol\u00f2gic de Catalunya).<\/li>\n<li>El mEduTarraco (Mobile History Map mSchools)<\/li>\n<li>La Manresada i Barcelonada 2022 (World Mobile City Project).<\/li>\n<\/ul>\n<p><a href=\"http:\/\/xtec.gencat.cat\/ca\/agenda\/Jornada-virtual-El-potencial-didactic-de-la-georeferenciacio\" target=\"_blank\" rel=\"noopener\">M\u00e9s informaci\u00f3 i enlla\u00e7 a les sales<\/a><\/p>\n","protected":false},"excerpt":{"rendered":"<p><a href=\"https:\/\/agora.xtec.cat\/mobilsedu\/wp-content\/uploads\/usu64\/2021\/11\/unnamed.jpg\"><\/a><br \/>\nEl dimecres 17 de novembre de 17:30 a 19:00h es realitzar\u00e0 la jornada &#8220;El potencial de la georeferenciaci\u00f3&#8221; en format virtual.<br \/>\nHi haur\u00e0 una pon\u00e8ncia sobre el paper de la georeferenciaci\u00f3 en metodologies actives i es presentaran tres projectes que utilitzen propostes de georeferenciaci\u00f3 des&hellip;  <a href=\"https:\/\/agora.xtec.cat\/mobilsedu\/general\/jornada-el-potencial-didactic-de-la-georeferenciacio\/\" title=\"Read Jornada &#8220;El potencial did\u00e0ctic de la georeferenciaci\u00f3&#8221;\">Llegeix m\u00e9s\u00bb<\/a><\/p>\n","protected":false},"author":518,"featured_media":9121,"comment_status":"open","ping_status":"closed","sticky":false,"template":"","format":"standard","meta":{"_bbp_topic_count":0,"_bbp_reply_count":0,"_bbp_total_topic_count":0,"_bbp_total_reply_count":0,"_bbp_voice_count":0,"_bbp_anonymous_reply_count":0,"_bbp_topic_count_hidden":0,"_bbp_reply_count_hidden":0,"_bbp_forum_subforum_count":0,"footnotes":""},"categories":[154,1,316,29,76],"tags":[],"class_list":["post-9110","post","type-post","status-publish","format-standard","has-post-thumbnail","hentry","category-formacio","category-general","category-jornades","category-portada","category-recursos"],"post_mailing_queue_ids":[],"_links":{"self":[{"href":"https:\/\/agora.xtec.cat\/mobilsedu\/wp-json\/wp\/v2\/posts\/9110","targetHints":{"allow":["GET"]}}],"collection":[{"href":"https:\/\/agora.xtec.cat\/mobilsedu\/wp-json\/wp\/v2\/posts"}],"about":[{"href":"https:\/\/agora.xtec.cat\/mobilsedu\/wp-json\/wp\/v2\/types\/post"}],"author":[{"embeddable":true,"href":"https:\/\/agora.xtec.cat\/mobilsedu\/wp-json\/wp\/v2\/users\/518"}],"replies":[{"embeddable":true,"href":"https:\/\/agora.xtec.cat\/mobilsedu\/wp-json\/wp\/v2\/comments?post=9110"}],"version-history":[{"count":3,"href":"https:\/\/agora.xtec.cat\/mobilsedu\/wp-json\/wp\/v2\/posts\/9110\/revisions"}],"predecessor-version":[{"id":9122,"href":"https:\/\/agora.xtec.cat\/mobilsedu\/wp-json\/wp\/v2\/posts\/9110\/revisions\/9122"}],"wp:featuredmedia":[{"embeddable":true,"href":"https:\/\/agora.xtec.cat\/mobilsedu\/wp-json\/wp\/v2\/media\/9121"}],"wp:attachment":[{"href":"https:\/\/agora.xtec.cat\/mobilsedu\/wp-json\/wp\/v2\/media?parent=9110"}],"wp:term":[{"taxonomy":"category","embeddable":true,"href":"https:\/\/agora.xtec.cat\/mobilsedu\/wp-json\/wp\/v2\/categories?post=9110"},{"taxonomy":"post_tag","embeddable":true,"href":"https:\/\/agora.xtec.cat\/mobilsedu\/wp-json\/wp\/v2\/tags?post=9110"}],"curies":[{"name":"wp","href":"https:\/\/api.w.org\/{rel}","templated":true}]}}