{"id":9075,"date":"2021-10-22T12:22:03","date_gmt":"2021-10-22T10:22:03","guid":{"rendered":"https:\/\/agora.xtec.cat\/mobilsedu\/?p=9075"},"modified":"2021-10-22T12:24:25","modified_gmt":"2021-10-22T10:24:25","slug":"seminaris-web-xarxa-territorial-de-cultura-digital","status":"publish","type":"post","link":"https:\/\/agora.xtec.cat\/mobilsedu\/general\/seminaris-web-xarxa-territorial-de-cultura-digital\/","title":{"rendered":"Seminaris Web Xarxa Territorial de Cultura Digital"},"content":{"rendered":"<p>La Xarxa Territorial de Cultura Digital (XTCD) \u00e9s el punt de trobada de tots els docents d\u2019un territori\u00a0 al voltant d\u2019eixos tem\u00e0tics relacionats amb la integraci\u00f3 de les tecnologies digitals a l&#8217;educaci\u00f3.<a href=\"https:\/\/sites.google.com\/a\/xtec.cat\/seminaris-tac\/\">\u00a0<\/a><\/p>\n<p>L\u2019objectiu d\u2019aquesta proposta \u00e9s intercanviar i compartir experi\u00e8ncies d\u2019aula i de centre, sumar i enriquir la feina que ja s\u2019est\u00e0 fent arreu del territori, tot potenciant el treball en xarxa i facilitant, des de l\u2019\u00c0rea de Cultura Digital, espais de coordinaci\u00f3 i documentaci\u00f3 sobre temes espec\u00edfics.<\/p>\n<p>Ahir dijous 21 d&#8217;octubre es va realitzar la primera sessi\u00f3 virtual de la XTCD que est\u00e0 formada per tres sub-xarxes:<\/p>\n<ul>\n<li>La<strong> Subxarxa de Compet\u00e8ncia digital docent, <\/strong>dirigida a docents de tots els nivells educatius<\/li>\n<li>La <strong>Subxarxa d&#8217;Estrat\u00e8gia digital de centre<\/strong>, dirigida a membres de la comissi\u00f3 digital d&#8217;estrat\u00e8gia digital<\/li>\n<li>La <strong>Subxarxa de Coordinaci\u00f3 digital,<\/strong>\u00a0dirigida a coordinadors i coordinadores digitals<\/li>\n<\/ul>\n<p>A partir de les sessions virtuals de la XTCD, els serveis educatius realitzen seminaris\u00a0 per tal d&#8217;aprofundir i completar part dels continguts i afegir altres continguts adaptats a les necessitats dels centres educatius de la zona.<\/p>\n<p>A m\u00e9s, per tal de continuar parlant dels temes que s&#8217;han tractat al seminari web de la XTCD i a les sessions territorials teniu disponible la comunitat virtual <a href=\"https:\/\/comunitat.edigital.cat\/\" target=\"_blank\" rel=\"noopener\">Nus<\/a>.<\/p>\n<p>M\u00e9s informaci\u00f3 al <a href=\"https:\/\/projectes.xtec.cat\/xtcd\/\" target=\"_blank\" rel=\"noopener\">Nodes de la Xarxa Territorial de Cultura Digital<\/a>.<\/p>\n","protected":false},"excerpt":{"rendered":"<p>La Xarxa Territorial de Cultura Digital (XTCD) \u00e9s el punt de trobada de tots els docents d\u2019un territori\u00a0 al voltant d\u2019eixos tem\u00e0tics relacionats amb la integraci\u00f3 de les tecnologies digitals a l&#8217;educaci\u00f3.<a href=\"https:\/\/sites.google.com\/a\/xtec.cat\/seminaris-tac\/\">\u00a0<\/a><br \/>\nL\u2019objectiu d\u2019aquesta proposta \u00e9s intercanviar i compartir experi\u00e8ncies d\u2019aula i de centre, sumar&hellip;  <a href=\"https:\/\/agora.xtec.cat\/mobilsedu\/general\/seminaris-web-xarxa-territorial-de-cultura-digital\/\" title=\"Read Seminaris Web Xarxa Territorial de Cultura Digital\">Llegeix m\u00e9s\u00bb<\/a><\/p>\n","protected":false},"author":495,"featured_media":9079,"comment_status":"open","ping_status":"closed","sticky":false,"template":"","format":"standard","meta":{"_bbp_topic_count":0,"_bbp_reply_count":0,"_bbp_total_topic_count":0,"_bbp_total_reply_count":0,"_bbp_voice_count":0,"_bbp_anonymous_reply_count":0,"_bbp_topic_count_hidden":0,"_bbp_reply_count_hidden":0,"_bbp_forum_subforum_count":0,"footnotes":""},"categories":[64,66,154,1,316,29,76],"tags":[],"class_list":["post-9075","post","type-post","status-publish","format-standard","has-post-thumbnail","hentry","category-comunitat","category-dinamitzacio","category-formacio","category-general","category-jornades","category-portada","category-recursos"],"post_mailing_queue_ids":[],"_links":{"self":[{"href":"https:\/\/agora.xtec.cat\/mobilsedu\/wp-json\/wp\/v2\/posts\/9075","targetHints":{"allow":["GET"]}}],"collection":[{"href":"https:\/\/agora.xtec.cat\/mobilsedu\/wp-json\/wp\/v2\/posts"}],"about":[{"href":"https:\/\/agora.xtec.cat\/mobilsedu\/wp-json\/wp\/v2\/types\/post"}],"author":[{"embeddable":true,"href":"https:\/\/agora.xtec.cat\/mobilsedu\/wp-json\/wp\/v2\/users\/495"}],"replies":[{"embeddable":true,"href":"https:\/\/agora.xtec.cat\/mobilsedu\/wp-json\/wp\/v2\/comments?post=9075"}],"version-history":[{"count":2,"href":"https:\/\/agora.xtec.cat\/mobilsedu\/wp-json\/wp\/v2\/posts\/9075\/revisions"}],"predecessor-version":[{"id":9078,"href":"https:\/\/agora.xtec.cat\/mobilsedu\/wp-json\/wp\/v2\/posts\/9075\/revisions\/9078"}],"wp:featuredmedia":[{"embeddable":true,"href":"https:\/\/agora.xtec.cat\/mobilsedu\/wp-json\/wp\/v2\/media\/9079"}],"wp:attachment":[{"href":"https:\/\/agora.xtec.cat\/mobilsedu\/wp-json\/wp\/v2\/media?parent=9075"}],"wp:term":[{"taxonomy":"category","embeddable":true,"href":"https:\/\/agora.xtec.cat\/mobilsedu\/wp-json\/wp\/v2\/categories?post=9075"},{"taxonomy":"post_tag","embeddable":true,"href":"https:\/\/agora.xtec.cat\/mobilsedu\/wp-json\/wp\/v2\/tags?post=9075"}],"curies":[{"name":"wp","href":"https:\/\/api.w.org\/{rel}","templated":true}]}}