{"id":9005,"date":"2021-06-18T11:05:00","date_gmt":"2021-06-18T09:05:00","guid":{"rendered":"https:\/\/agora.xtec.cat\/mobilsedu\/?p=9005"},"modified":"2021-06-18T11:05:00","modified_gmt":"2021-06-18T09:05:00","slug":"com-hauria-de-ser-una-educacio-mixta-presencial-i-en-linia-a-les-escoles","status":"publish","type":"post","link":"https:\/\/agora.xtec.cat\/mobilsedu\/general\/com-hauria-de-ser-una-educacio-mixta-presencial-i-en-linia-a-les-escoles\/","title":{"rendered":"Com hauria de ser una educaci\u00f3 mixta presencial i en l\u00ednia a les escoles?"},"content":{"rendered":"<p>A l&#8217;article: <a href=\"https:\/\/www.uoc.edu\/portal\/ca\/news\/actualitat\/2020\/241-educacio-mixta.html\" target=\"_blank\" rel=\"noopener noreferrer\">&#8220;Com hauria de ser una educaci\u00f3 mixta presencial i en l\u00ednia a les escoles?&#8221;<\/a> dos professors experts de la UOC, Lourdes Gu\u00e0rdia i\u00a0 Albert Sangr\u00e0, ens donen la seva opini\u00f3 sobre com abordar un model d&#8217;educaci\u00f3 h\u00edbrida, fent refer\u00e8ncia a la bretxa digital i la socialitzaci\u00f3 dels estudiants com a grans reptes d&#8217;aquest model.<\/p>\n<p>Tamb\u00e9 analitzen les dificultats que ens podem trobar i actuacions que es poden dur a terme per implementar un sistema d&#8217;educaci\u00f3 h\u00edbrid.<\/p>\n<p>&nbsp;<\/p>\n<h1 class=\"h1 h1-responsive\"><\/h1>\n","protected":false},"excerpt":{"rendered":"<p>A l&#8217;article: <a href=\"https:\/\/www.uoc.edu\/portal\/ca\/news\/actualitat\/2020\/241-educacio-mixta.html\" target=\"_blank\" rel=\"noopener noreferrer\">&#8220;Com hauria de ser una educaci\u00f3 mixta presencial i en l\u00ednia a les escoles?&#8221;<\/a> dos professors experts de la UOC, Lourdes Gu\u00e0rdia i\u00a0 Albert Sangr\u00e0, ens donen la seva opini\u00f3 sobre com abordar un model d&#8217;educaci\u00f3 h\u00edbrida, fent refer\u00e8ncia&hellip;  <a href=\"https:\/\/agora.xtec.cat\/mobilsedu\/general\/com-hauria-de-ser-una-educacio-mixta-presencial-i-en-linia-a-les-escoles\/\" title=\"Read Com hauria de ser una educaci\u00f3 mixta presencial i en l\u00ednia a les escoles?\">Llegeix m\u00e9s\u00bb<\/a><\/p>\n","protected":false},"author":495,"featured_media":9006,"comment_status":"open","ping_status":"closed","sticky":false,"template":"","format":"standard","meta":{"_bbp_topic_count":0,"_bbp_reply_count":0,"_bbp_total_topic_count":0,"_bbp_total_reply_count":0,"_bbp_voice_count":0,"_bbp_anonymous_reply_count":0,"_bbp_topic_count_hidden":0,"_bbp_reply_count_hidden":0,"_bbp_forum_subforum_count":0,"footnotes":""},"categories":[330,1,29],"tags":[],"class_list":["post-9005","post","type-post","status-publish","format-standard","has-post-thumbnail","hentry","category-articles","category-general","category-portada"],"post_mailing_queue_ids":[],"_links":{"self":[{"href":"https:\/\/agora.xtec.cat\/mobilsedu\/wp-json\/wp\/v2\/posts\/9005","targetHints":{"allow":["GET"]}}],"collection":[{"href":"https:\/\/agora.xtec.cat\/mobilsedu\/wp-json\/wp\/v2\/posts"}],"about":[{"href":"https:\/\/agora.xtec.cat\/mobilsedu\/wp-json\/wp\/v2\/types\/post"}],"author":[{"embeddable":true,"href":"https:\/\/agora.xtec.cat\/mobilsedu\/wp-json\/wp\/v2\/users\/495"}],"replies":[{"embeddable":true,"href":"https:\/\/agora.xtec.cat\/mobilsedu\/wp-json\/wp\/v2\/comments?post=9005"}],"version-history":[{"count":2,"href":"https:\/\/agora.xtec.cat\/mobilsedu\/wp-json\/wp\/v2\/posts\/9005\/revisions"}],"predecessor-version":[{"id":9008,"href":"https:\/\/agora.xtec.cat\/mobilsedu\/wp-json\/wp\/v2\/posts\/9005\/revisions\/9008"}],"wp:featuredmedia":[{"embeddable":true,"href":"https:\/\/agora.xtec.cat\/mobilsedu\/wp-json\/wp\/v2\/media\/9006"}],"wp:attachment":[{"href":"https:\/\/agora.xtec.cat\/mobilsedu\/wp-json\/wp\/v2\/media?parent=9005"}],"wp:term":[{"taxonomy":"category","embeddable":true,"href":"https:\/\/agora.xtec.cat\/mobilsedu\/wp-json\/wp\/v2\/categories?post=9005"},{"taxonomy":"post_tag","embeddable":true,"href":"https:\/\/agora.xtec.cat\/mobilsedu\/wp-json\/wp\/v2\/tags?post=9005"}],"curies":[{"name":"wp","href":"https:\/\/api.w.org\/{rel}","templated":true}]}}