{"id":8928,"date":"2021-04-23T09:37:20","date_gmt":"2021-04-23T07:37:20","guid":{"rendered":"https:\/\/agora.xtec.cat\/mobilsedu\/?p=8928"},"modified":"2021-04-23T09:55:58","modified_gmt":"2021-04-23T07:55:58","slug":"funcions-i-organitzacio-de-la-comissio-destrategia-digital-de-centre","status":"publish","type":"post","link":"https:\/\/agora.xtec.cat\/mobilsedu\/general\/funcions-i-organitzacio-de-la-comissio-destrategia-digital-de-centre\/","title":{"rendered":"Funcions i organitzaci\u00f3 de la comissi\u00f3 d&#8217;estrat\u00e8gia digital de centre"},"content":{"rendered":"<p>En el document: &#8220;Funcions i organitzaci\u00f3 de la comissi\u00f3 d&#8217;estrat\u00e8gia digital de centre&#8221; es defineix qu\u00e8 \u00e9s la comissi\u00f3 d&#8217;estrat\u00e8gia digital de centre, qui en forma part, el seu funcionament i com la comissi\u00f3 d&#8217;estrat\u00e8gia digital ha de dinamitzar l&#8217;estrat\u00e8gia digital perqu\u00e8 arribi a tota la comunitat educativa.<\/p>\n<p>La comissi\u00f3 d&#8217;estrat\u00e8gia digital \u00e9s l\u2019equip encarregat de definir i implementar l\u2019estrat\u00e8gia que vol seguir un centre en relaci\u00f3 amb les tecnologies digitals, amb l\u2019objectiu que l\u2019alumnat, els docents i el centre assoleixin el nivell m\u00e9s alt possible de maduresa i compet\u00e8ncia digital des d\u2019una perspectiva d\u2019innovaci\u00f3 i de millora cont\u00ednua. Per tant, ha de ser l\u2019equip impulsor de l\u2019Estrat\u00e8gia Digital de Centre, la planificaci\u00f3 de la seva implementaci\u00f3, i el seu seguiment i avaluaci\u00f3.<\/p>\n<p>La comissi\u00f3 ha d\u2019estar impulsada i liderada per l\u2019equip directiu del centre i cada centre pot organitzar la comissi\u00f3 segons les seves necessitats i din\u00e0miques de funcionament.<\/p>\n<p>Els documents que s&#8217;han tingut com a refer\u00e8ncia per determinar els objectius, el funcionament i l\u2019estructura de la comissi\u00f3 d\u2019estrat\u00e8gia digital s\u00f3n el <a href=\"http:\/\/educacio.gencat.cat\/web\/.content\/home\/departament\/publicacions\/monografies\/pla-educacio-digital\/pla-educacio-digital.pdf\" target=\"_blank\" rel=\"noopener noreferrer\">Pla d&#8217;Educaci\u00f3 Digital de Catalunya (PEDC)<\/a>, <a href=\"http:\/\/educacio.gencat.cat\/web\/.content\/home\/departament\/publicacions\/monografies\/pla-educacio-digital\/estrategia-digital-centre\/estrategia-digital-centre.pdf\" target=\"_blank\" rel=\"noopener noreferrer\">l&#8217;Estrat\u00e8gia\u00a0Digital de Centre (EDC)<\/a> i <a href=\"https:\/\/projectes.xtec.cat\/edc-suport\/\" target=\"_blank\" rel=\"noopener noreferrer\">la Web de suport a l&#8217;EDC.<\/a><\/p>\n<p><a href=\"http:\/\/educacio.gencat.cat\/web\/.content\/home\/departament\/publicacions\/monografies\/pla-educacio-digital\/funcions-comissio-estrategia-digital-centre\/funcions-comissio-estrategia-digital-centre.pdf\" target=\"_blank\" rel=\"noopener noreferrer\"><img loading=\"lazy\" decoding=\"async\" class=\"aligncenter wp-image-8929 size-full\" src=\"https:\/\/agora.xtec.cat\/mobilsedu\/wp-content\/uploads\/usu64\/2021\/04\/funcions-comissio-estrategia-digital-centre-268x378.jpg_2025808969.jpg\" alt=\"\" width=\"268\" height=\"378\" srcset=\"https:\/\/agora.xtec.cat\/mobilsedu\/wp-content\/uploads\/usu64\/2021\/04\/funcions-comissio-estrategia-digital-centre-268x378.jpg_2025808969.jpg 268w, https:\/\/agora.xtec.cat\/mobilsedu\/wp-content\/uploads\/usu64\/2021\/04\/funcions-comissio-estrategia-digital-centre-268x378.jpg_2025808969-213x300.jpg 213w\" sizes=\"auto, (max-width: 268px) 100vw, 268px\" \/><\/a><\/p>\n","protected":false},"excerpt":{"rendered":"<p>En el document: &#8220;Funcions i organitzaci\u00f3 de la comissi\u00f3 d&#8217;estrat\u00e8gia digital de centre&#8221; es defineix qu\u00e8 \u00e9s la comissi\u00f3 d&#8217;estrat\u00e8gia digital de centre, qui en forma part, el seu funcionament i com la comissi\u00f3 d&#8217;estrat\u00e8gia digital ha de dinamitzar l&#8217;estrat\u00e8gia digital perqu\u00e8 arribi a tota&hellip;  <a href=\"https:\/\/agora.xtec.cat\/mobilsedu\/general\/funcions-i-organitzacio-de-la-comissio-destrategia-digital-de-centre\/\" title=\"Read Funcions i organitzaci\u00f3 de la comissi\u00f3 d&#8217;estrat\u00e8gia digital de centre\">Llegeix m\u00e9s\u00bb<\/a><\/p>\n","protected":false},"author":495,"featured_media":8929,"comment_status":"open","ping_status":"closed","sticky":false,"template":"","format":"standard","meta":{"_bbp_topic_count":0,"_bbp_reply_count":0,"_bbp_total_topic_count":0,"_bbp_total_reply_count":0,"_bbp_voice_count":0,"_bbp_anonymous_reply_count":0,"_bbp_topic_count_hidden":0,"_bbp_reply_count_hidden":0,"_bbp_forum_subforum_count":0,"footnotes":""},"categories":[1,29,76],"tags":[],"class_list":["post-8928","post","type-post","status-publish","format-standard","has-post-thumbnail","hentry","category-general","category-portada","category-recursos"],"post_mailing_queue_ids":[],"_links":{"self":[{"href":"https:\/\/agora.xtec.cat\/mobilsedu\/wp-json\/wp\/v2\/posts\/8928","targetHints":{"allow":["GET"]}}],"collection":[{"href":"https:\/\/agora.xtec.cat\/mobilsedu\/wp-json\/wp\/v2\/posts"}],"about":[{"href":"https:\/\/agora.xtec.cat\/mobilsedu\/wp-json\/wp\/v2\/types\/post"}],"author":[{"embeddable":true,"href":"https:\/\/agora.xtec.cat\/mobilsedu\/wp-json\/wp\/v2\/users\/495"}],"replies":[{"embeddable":true,"href":"https:\/\/agora.xtec.cat\/mobilsedu\/wp-json\/wp\/v2\/comments?post=8928"}],"version-history":[{"count":3,"href":"https:\/\/agora.xtec.cat\/mobilsedu\/wp-json\/wp\/v2\/posts\/8928\/revisions"}],"predecessor-version":[{"id":8933,"href":"https:\/\/agora.xtec.cat\/mobilsedu\/wp-json\/wp\/v2\/posts\/8928\/revisions\/8933"}],"wp:featuredmedia":[{"embeddable":true,"href":"https:\/\/agora.xtec.cat\/mobilsedu\/wp-json\/wp\/v2\/media\/8929"}],"wp:attachment":[{"href":"https:\/\/agora.xtec.cat\/mobilsedu\/wp-json\/wp\/v2\/media?parent=8928"}],"wp:term":[{"taxonomy":"category","embeddable":true,"href":"https:\/\/agora.xtec.cat\/mobilsedu\/wp-json\/wp\/v2\/categories?post=8928"},{"taxonomy":"post_tag","embeddable":true,"href":"https:\/\/agora.xtec.cat\/mobilsedu\/wp-json\/wp\/v2\/tags?post=8928"}],"curies":[{"name":"wp","href":"https:\/\/api.w.org\/{rel}","templated":true}]}}