{"id":8912,"date":"2021-04-16T11:54:26","date_gmt":"2021-04-16T09:54:26","guid":{"rendered":"https:\/\/agora.xtec.cat\/mobilsedu\/?p=8912"},"modified":"2021-04-16T11:54:26","modified_gmt":"2021-04-16T09:54:26","slug":"iniciativa-families-digitals","status":"publish","type":"post","link":"https:\/\/agora.xtec.cat\/mobilsedu\/general\/iniciativa-families-digitals\/","title":{"rendered":"Iniciativa &#8220;Fam\u00edlies digitals&#8221;"},"content":{"rendered":"<p>La iniciativa &#8220;Fam\u00edlies digitals&#8221; est\u00e0 emmarcada dins del Pla d&#8217;educaci\u00f3 digital de Catalunya (PEDC) i tamb\u00e9 sorgeix a partir del Pla de millora d&#8217;oportunitats educatives, impulsats des del Departament d&#8217;Educaci\u00f3. T\u00e9 la finalitat de facilitar l&#8217;adquisici\u00f3 de la Compet\u00e8ncia Digital per part de les fam\u00edlies i acompanyar-les en funci\u00f3 de les necessitats que puguin tenir en l&#8217;\u00e0mbit digital.<\/p>\n<p>\u00c9s molt important que les fam\u00edlies, com a part rellevant de la comunitat educativa, tinguin els recursos, les habilitats i les compet\u00e8ncies necess\u00e0ries per garantir un acompanyament \u00f2ptim en el proc\u00e9s d&#8217;aprenentatge d&#8217;infants i joves.<\/p>\n<p>Les l\u00ednies d&#8217;actuaci\u00f3 d&#8217;aquesta iniciativa s\u00f3n:<\/p>\n<ul style=\"list-style-type: circle;\">\n<li>Assessorar i capacitar digitalment a les fam\u00edlies.<\/li>\n<li>Millorar la comunicaci\u00f3 i participaci\u00f3 de la comunitat educativa.<\/li>\n<li>La millora de la connectivitat i les infraestructures.<\/li>\n<\/ul>\n<p>En aquest sentit, des del Departament d&#8217;Educaci\u00f3 s&#8217;ofereix la seg\u00fcent web <a href=\"https:\/\/projectes.xtec.cat\/families-digitals\/\" target=\"_blank\" rel=\"noopener noreferrer\">https:\/\/projectes.xtec.cat\/families-digitals\/<\/a> en la qual les fam\u00edlies poden trobar v\u00eddeos formatius en diferents idiomes, i tota mena de recursos que els hi poden ser \u00fatils i estan relacionats amb els grups de missatgeria escolars, les xarxes socials, l&#8217;\u00fas i ab\u00fas de la tecnologia i la prevenci\u00f3 i detecci\u00f3 del ciberassetjament.<\/p>\n","protected":false},"excerpt":{"rendered":"<p>La iniciativa &#8220;Fam\u00edlies digitals&#8221; est\u00e0 emmarcada dins del Pla d&#8217;educaci\u00f3 digital de Catalunya (PEDC) i tamb\u00e9 sorgeix a partir del Pla de millora d&#8217;oportunitats educatives, impulsats des del Departament d&#8217;Educaci\u00f3. T\u00e9 la finalitat de facilitar l&#8217;adquisici\u00f3 de la Compet\u00e8ncia Digital per part de les fam\u00edlies&hellip;  <a href=\"https:\/\/agora.xtec.cat\/mobilsedu\/general\/iniciativa-families-digitals\/\" title=\"Read Iniciativa &#8220;Fam\u00edlies digitals&#8221;\">Llegeix m\u00e9s\u00bb<\/a><\/p>\n","protected":false},"author":495,"featured_media":8914,"comment_status":"open","ping_status":"closed","sticky":false,"template":"","format":"standard","meta":{"_bbp_topic_count":0,"_bbp_reply_count":0,"_bbp_total_topic_count":0,"_bbp_total_reply_count":0,"_bbp_voice_count":0,"_bbp_anonymous_reply_count":0,"_bbp_topic_count_hidden":0,"_bbp_reply_count_hidden":0,"_bbp_forum_subforum_count":0,"footnotes":""},"categories":[1,29,76],"tags":[],"class_list":["post-8912","post","type-post","status-publish","format-standard","has-post-thumbnail","hentry","category-general","category-portada","category-recursos"],"post_mailing_queue_ids":[],"_links":{"self":[{"href":"https:\/\/agora.xtec.cat\/mobilsedu\/wp-json\/wp\/v2\/posts\/8912","targetHints":{"allow":["GET"]}}],"collection":[{"href":"https:\/\/agora.xtec.cat\/mobilsedu\/wp-json\/wp\/v2\/posts"}],"about":[{"href":"https:\/\/agora.xtec.cat\/mobilsedu\/wp-json\/wp\/v2\/types\/post"}],"author":[{"embeddable":true,"href":"https:\/\/agora.xtec.cat\/mobilsedu\/wp-json\/wp\/v2\/users\/495"}],"replies":[{"embeddable":true,"href":"https:\/\/agora.xtec.cat\/mobilsedu\/wp-json\/wp\/v2\/comments?post=8912"}],"version-history":[{"count":3,"href":"https:\/\/agora.xtec.cat\/mobilsedu\/wp-json\/wp\/v2\/posts\/8912\/revisions"}],"predecessor-version":[{"id":8916,"href":"https:\/\/agora.xtec.cat\/mobilsedu\/wp-json\/wp\/v2\/posts\/8912\/revisions\/8916"}],"wp:featuredmedia":[{"embeddable":true,"href":"https:\/\/agora.xtec.cat\/mobilsedu\/wp-json\/wp\/v2\/media\/8914"}],"wp:attachment":[{"href":"https:\/\/agora.xtec.cat\/mobilsedu\/wp-json\/wp\/v2\/media?parent=8912"}],"wp:term":[{"taxonomy":"category","embeddable":true,"href":"https:\/\/agora.xtec.cat\/mobilsedu\/wp-json\/wp\/v2\/categories?post=8912"},{"taxonomy":"post_tag","embeddable":true,"href":"https:\/\/agora.xtec.cat\/mobilsedu\/wp-json\/wp\/v2\/tags?post=8912"}],"curies":[{"name":"wp","href":"https:\/\/api.w.org\/{rel}","templated":true}]}}