{"id":8657,"date":"2020-02-04T09:48:21","date_gmt":"2020-02-04T08:48:21","guid":{"rendered":"https:\/\/agora.xtec.cat\/mobilsedu\/?p=8657"},"modified":"2020-02-04T09:50:50","modified_gmt":"2020-02-04T08:50:50","slug":"debat-els-mobils-a-les-aules-a-catalunya-futur","status":"publish","type":"post","link":"https:\/\/agora.xtec.cat\/mobilsedu\/portada\/debat-els-mobils-a-les-aules-a-catalunya-futur\/","title":{"rendered":"Debat &#8220;els m\u00f2bils a les aules&#8221; a Catalunya Futur"},"content":{"rendered":"<p>El passat dilluns 3 de febrer, dins del <strong>Catalunya Futur<\/strong>, hi va haver el debat sobre &#8220;els m\u00f2bils a les aules&#8221;. Hi van participar:<\/p>\n<ul>\n<li><strong>Sra. Mar Camacho<\/strong>, Directora General d&#8217;Innovaci\u00f3, Recerca i Cultura Digital, Departament d&#8217;Educaci\u00f3<\/li>\n<li><strong>Sr. Evaristo Gonz\u00e1lez<\/strong>, Director de l&#8217;Institut Torre del Palau de Terrassa<\/li>\n<li><strong>Sra. Martina Mairg\u00fcnther<\/strong>, Coordinadora de Prim\u00e0ria de l&#8217;Escola Jacint Verdaguer de Castelldefels<\/li>\n<li><strong>Sra. Coral Reg\u00ed<\/strong>, Directora de l&#8217;Escola Virolai de Barcelona. Membre del Consell Escolar de Catalunya<\/li>\n<li><strong>Sr. Jordi Rodon<\/strong>, Secretari del Consell Escolar de Catalunya<\/li>\n<li><strong>Sra. N\u00faria Sabat\u00e9<\/strong>, Directora de l&#8217;Escola Mari\u00e0 Fortuny de Reus. Guanyadora de l&#8217;mSchools Student Awards 2019<\/li>\n<\/ul>\n<p>Amb la moderaci\u00f3 de la periodista <strong>M\u00f2nica Hern\u00e0ndez<\/strong>.<\/p>\n<p><iframe loading=\"lazy\" title=\"El m\u00f2bil a les aules\" width=\"500\" height=\"281\" src=\"https:\/\/www.youtube.com\/embed\/OurC-Bpk-sA?feature=oembed\" frameborder=\"0\" allow=\"accelerometer; autoplay; clipboard-write; encrypted-media; gyroscope; picture-in-picture; web-share\" referrerpolicy=\"strict-origin-when-cross-origin\" allowfullscreen><\/iframe><\/p>\n<p><a href=\"https:\/\/www.lavanguardia.com\/vida\/20200131\/473225650541\/catalunya-futur-movil-aulas.html\" target=\"_blank\" rel=\"noopener noreferrer\">M\u00e9s informaci\u00f3<\/a><\/p>\n","protected":false},"excerpt":{"rendered":"<p><iframe loading=\"lazy\" width=\"100%\" height=\"256\" src=\"https:\/\/www.youtube.com\/embed\/OurC-Bpk-sA\" frameborder=\"0\" allow=\"accelerometer; autoplay; encrypted-media; gyroscope; picture-in-picture\" allowfullscreen><\/iframe>&hellip;  <a href=\"https:\/\/agora.xtec.cat\/mobilsedu\/portada\/debat-els-mobils-a-les-aules-a-catalunya-futur\/\" title=\"Read Debat &#8220;els m\u00f2bils a les aules&#8221; a Catalunya Futur\">Llegeix m\u00e9s\u00bb<\/a><\/p>\n","protected":false},"author":1,"featured_media":0,"comment_status":"open","ping_status":"closed","sticky":false,"template":"","format":"standard","meta":{"_bbp_topic_count":0,"_bbp_reply_count":0,"_bbp_total_topic_count":0,"_bbp_total_reply_count":0,"_bbp_voice_count":0,"_bbp_anonymous_reply_count":0,"_bbp_topic_count_hidden":0,"_bbp_reply_count_hidden":0,"_bbp_forum_subforum_count":0,"footnotes":""},"categories":[29],"tags":[],"class_list":["post-8657","post","type-post","status-publish","format-standard","hentry","category-portada"],"post_mailing_queue_ids":[],"_links":{"self":[{"href":"https:\/\/agora.xtec.cat\/mobilsedu\/wp-json\/wp\/v2\/posts\/8657","targetHints":{"allow":["GET"]}}],"collection":[{"href":"https:\/\/agora.xtec.cat\/mobilsedu\/wp-json\/wp\/v2\/posts"}],"about":[{"href":"https:\/\/agora.xtec.cat\/mobilsedu\/wp-json\/wp\/v2\/types\/post"}],"author":[{"embeddable":true,"href":"https:\/\/agora.xtec.cat\/mobilsedu\/wp-json\/wp\/v2\/users\/1"}],"replies":[{"embeddable":true,"href":"https:\/\/agora.xtec.cat\/mobilsedu\/wp-json\/wp\/v2\/comments?post=8657"}],"version-history":[{"count":3,"href":"https:\/\/agora.xtec.cat\/mobilsedu\/wp-json\/wp\/v2\/posts\/8657\/revisions"}],"predecessor-version":[{"id":8666,"href":"https:\/\/agora.xtec.cat\/mobilsedu\/wp-json\/wp\/v2\/posts\/8657\/revisions\/8666"}],"wp:attachment":[{"href":"https:\/\/agora.xtec.cat\/mobilsedu\/wp-json\/wp\/v2\/media?parent=8657"}],"wp:term":[{"taxonomy":"category","embeddable":true,"href":"https:\/\/agora.xtec.cat\/mobilsedu\/wp-json\/wp\/v2\/categories?post=8657"},{"taxonomy":"post_tag","embeddable":true,"href":"https:\/\/agora.xtec.cat\/mobilsedu\/wp-json\/wp\/v2\/tags?post=8657"}],"curies":[{"name":"wp","href":"https:\/\/api.w.org\/{rel}","templated":true}]}}