{"id":2118,"date":"2026-04-15T14:09:32","date_gmt":"2026-04-15T12:09:32","guid":{"rendered":"https:\/\/agora.xtec.cat\/llinfantslaflorida\/?p=2118"},"modified":"2026-04-26T23:03:14","modified_gmt":"2026-04-26T21:03:14","slug":"%f0%9f%8c%b9-recomanacions-de-sant-jordi-histories-per-enamorar-se-de-la-lectura","status":"publish","type":"post","link":"https:\/\/agora.xtec.cat\/llinfantslaflorida\/noticies\/%f0%9f%8c%b9-recomanacions-de-sant-jordi-histories-per-enamorar-se-de-la-lectura\/","title":{"rendered":"Recomanacions de Sant Jordi"},"content":{"rendered":"<div id=\"model-response-message-contentr_80a87cd8bdf04215\" class=\"markdown markdown-main-panel enable-updated-hr-color\" dir=\"ltr\" aria-live=\"polite\" aria-busy=\"false\">\n<p data-path-to-node=\"4\">La diada de Sant Jordi \u00e9s el moment perfecte per renovar la biblioteca dels m\u00e9s menuts. Aquest any, us proposem una selecci\u00f3 que va m\u00e9s enll\u00e0 de la tradici\u00f3, barrejant emocions, valors i molta m\u00e0gia.<a href=\"https:\/\/agora.xtec.cat\/llinfantslaflorida\/noticies\/%f0%9f%8c%b9-recomanacions-de-sant-jordi-histories-per-enamorar-se-de-la-lectura\/attachment\/images\/\" rel=\"attachment wp-att-2120\"><img loading=\"lazy\" decoding=\"async\" class=\"wp-image-2120 alignright\" src=\"https:\/\/agora.xtec.cat\/llinfantslaflorida\/wp-content\/uploads\/usu2269\/2026\/04\/images.jpg\" alt=\"\" width=\"427\" height=\"239\" \/><\/a><\/p>\n<p data-path-to-node=\"4\"><strong>\ud83d\udc09 Versions de la Llegenda\u00a0<\/strong><\/p>\n<p data-path-to-node=\"6\">No hi ha Sant Jordi sense dracs ni cavallers, per\u00f2 la manera com els expliquem est\u00e0 canviant:<\/p>\n<ul data-path-to-node=\"7\">\n<li>\n<p data-path-to-node=\"7,0,0\"><b data-path-to-node=\"7,0,0\" data-index-in-node=\"0\">La llegenda de Sant Jordi amb peces:<\/b> Una opci\u00f3 fant\u00e0stica i interactiva. Ideal per a mans inquietes que volen &#8220;tocar&#8221; la hist\u00f2ria mentre la descobreixen.<\/p>\n<\/li>\n<li>\n<p data-path-to-node=\"7,1,0\"><b data-path-to-node=\"7,1,0\" data-index-in-node=\"0\">El meu primer llibre de Sant Jordi:<\/b> La introducci\u00f3 perfecta per als nadons de la casa, amb il\u00b7lustracions senzilles i resistents.<\/p>\n<\/li>\n<li>\n<p data-path-to-node=\"7,2,0\"><b data-path-to-node=\"7,2,0\" data-index-in-node=\"0\">Santa Jordina:<\/b> Una volta de fulla necess\u00e0ria al mite cl\u00e0ssic. Qui diu que les noies no poden ser les hero\u00efnes? Un llibre que trenca estereotips amb molta gr\u00e0cia.<\/p>\n<\/li>\n<\/ul>\n<p data-path-to-node=\"7,2,0\"><strong>Educaci\u00f3 emocional: El regal que perdura<\/strong><\/p>\n<p data-path-to-node=\"9\">Si preferiu aprofitar la diada per parlar del que portem a dins, aquests t\u00edtols s\u00f3n aut\u00e8ntics imprescindibles:<\/p>\n<ul data-path-to-node=\"10\">\n<li>\n<p data-path-to-node=\"10,0,0\"><b data-path-to-node=\"10,0,0\" data-index-in-node=\"0\">De quin color s\u00f3n els petons?:<\/b> Un \u00e8xit total de Roc\u00edo Bonilla. Acompanya la Minimoni en la seva recerca per saber com pintar un pet\u00f3. \u00c9s vital, colorit i molt tendre.<\/p>\n<\/li>\n<li>\n<p data-path-to-node=\"10,1,0\"><b data-path-to-node=\"10,1,0\" data-index-in-node=\"0\">Aix\u00ed \u00e9s el meu cor:<\/b> Un llibre preci\u00f3s per explorar els sentiments. Cada p\u00e0gina \u00e9s una finestra oberta a una emoci\u00f3 diferent, ajudant els nens a posar nom a la seva alegria, tristesa o calma.<\/p>\n<\/li>\n<li>\n<p data-path-to-node=\"10,2,0\"><b data-path-to-node=\"10,2,0\" data-index-in-node=\"0\">El fil invisible:<\/b> Una lectura imprescindible per parlar dels vincles que ens uneixen a les persones que estimem, estiguin a prop o lluny. Ideal per gestionar l&#8217;ansietat de separaci\u00f3.<\/p>\n<\/li>\n<li>\n<p data-path-to-node=\"10,3,0\"><b data-path-to-node=\"10,3,0\" data-index-in-node=\"0\">M&#8217;estimo molt:<\/b> Un llibre que treballa l&#8217;autoestima i l&#8217;amor propi des de la inf\u00e0ncia. Perqu\u00e8 abans d&#8217;estimar els altres, hem d&#8217;aprendre a estimar-nos a nosaltres mateixos.<\/p>\n<\/li>\n<\/ul>\n<\/div>\n","protected":false},"excerpt":{"rendered":"<p>La diada de Sant Jordi \u00e9s el moment perfecte per renovar la biblioteca dels m\u00e9s menuts. Aquest any, us proposem una selecci\u00f3 que va m\u00e9s enll\u00e0 de la tradici\u00f3, barrejant emocions, valors i molta m\u00e0gia. \ud83d\udc09 Versions de la Llegenda\u00a0 No hi ha Sant Jordi sense dracs ni cavallers, per\u00f2 la manera com els expliquem [&hellip;]<\/p>\n","protected":false},"author":1,"featured_media":2120,"comment_status":"open","ping_status":"open","sticky":false,"template":"","format":"standard","meta":{"_bbp_topic_count":0,"_bbp_reply_count":0,"_bbp_total_topic_count":0,"_bbp_total_reply_count":0,"_bbp_voice_count":0,"_bbp_anonymous_reply_count":0,"_bbp_topic_count_hidden":0,"_bbp_reply_count_hidden":0,"_bbp_forum_subforum_count":0,"site-sidebar-layout":"default","site-content-layout":"","ast-site-content-layout":"default","site-content-style":"default","site-sidebar-style":"default","ast-global-header-display":"","ast-banner-title-visibility":"","ast-main-header-display":"","ast-hfb-above-header-display":"","ast-hfb-below-header-display":"","ast-hfb-mobile-header-display":"","site-post-title":"","ast-breadcrumbs-content":"","ast-featured-img":"","footer-sml-layout":"","theme-transparent-header-meta":"default","adv-header-id-meta":"","stick-header-meta":"","header-above-stick-meta":"","header-main-stick-meta":"","header-below-stick-meta":"","astra-migrate-meta-layouts":"set","ast-page-background-enabled":"default","ast-page-background-meta":{"desktop":{"background-color":"var(--ast-global-color-4)","background-image":"","background-repeat":"repeat","background-position":"center center","background-size":"auto","background-attachment":"scroll","background-type":"","background-media":"","overlay-type":"","overlay-color":"","overlay-opacity":"","overlay-gradient":""},"tablet":{"background-color":"","background-image":"","background-repeat":"repeat","background-position":"center center","background-size":"auto","background-attachment":"scroll","background-type":"","background-media":"","overlay-type":"","overlay-color":"","overlay-opacity":"","overlay-gradient":""},"mobile":{"background-color":"","background-image":"","background-repeat":"repeat","background-position":"center center","background-size":"auto","background-attachment":"scroll","background-type":"","background-media":"","overlay-type":"","overlay-color":"","overlay-opacity":"","overlay-gradient":""}},"ast-content-background-meta":{"desktop":{"background-color":"var(--ast-global-color-5)","background-image":"","background-repeat":"repeat","background-position":"center center","background-size":"auto","background-attachment":"scroll","background-type":"","background-media":"","overlay-type":"","overlay-color":"","overlay-opacity":"","overlay-gradient":""},"tablet":{"background-color":"var(--ast-global-color-5)","background-image":"","background-repeat":"repeat","background-position":"center center","background-size":"auto","background-attachment":"scroll","background-type":"","background-media":"","overlay-type":"","overlay-color":"","overlay-opacity":"","overlay-gradient":""},"mobile":{"background-color":"var(--ast-global-color-5)","background-image":"","background-repeat":"repeat","background-position":"center center","background-size":"auto","background-attachment":"scroll","background-type":"","background-media":"","overlay-type":"","overlay-color":"","overlay-opacity":"","overlay-gradient":""}},"footnotes":""},"categories":[1],"tags":[],"class_list":["post-2118","post","type-post","status-publish","format-standard","has-post-thumbnail","hentry","category-noticies"],"post_mailing_queue_ids":[],"_links":{"self":[{"href":"https:\/\/agora.xtec.cat\/llinfantslaflorida\/wp-json\/wp\/v2\/posts\/2118","targetHints":{"allow":["GET"]}}],"collection":[{"href":"https:\/\/agora.xtec.cat\/llinfantslaflorida\/wp-json\/wp\/v2\/posts"}],"about":[{"href":"https:\/\/agora.xtec.cat\/llinfantslaflorida\/wp-json\/wp\/v2\/types\/post"}],"author":[{"embeddable":true,"href":"https:\/\/agora.xtec.cat\/llinfantslaflorida\/wp-json\/wp\/v2\/users\/1"}],"replies":[{"embeddable":true,"href":"https:\/\/agora.xtec.cat\/llinfantslaflorida\/wp-json\/wp\/v2\/comments?post=2118"}],"version-history":[{"count":5,"href":"https:\/\/agora.xtec.cat\/llinfantslaflorida\/wp-json\/wp\/v2\/posts\/2118\/revisions"}],"predecessor-version":[{"id":2125,"href":"https:\/\/agora.xtec.cat\/llinfantslaflorida\/wp-json\/wp\/v2\/posts\/2118\/revisions\/2125"}],"wp:featuredmedia":[{"embeddable":true,"href":"https:\/\/agora.xtec.cat\/llinfantslaflorida\/wp-json\/wp\/v2\/media\/2120"}],"wp:attachment":[{"href":"https:\/\/agora.xtec.cat\/llinfantslaflorida\/wp-json\/wp\/v2\/media?parent=2118"}],"wp:term":[{"taxonomy":"category","embeddable":true,"href":"https:\/\/agora.xtec.cat\/llinfantslaflorida\/wp-json\/wp\/v2\/categories?post=2118"},{"taxonomy":"post_tag","embeddable":true,"href":"https:\/\/agora.xtec.cat\/llinfantslaflorida\/wp-json\/wp\/v2\/tags?post=2118"}],"curies":[{"name":"wp","href":"https:\/\/api.w.org\/{rel}","templated":true}]}}