{"id":1820,"date":"2025-12-08T19:54:16","date_gmt":"2025-12-08T18:54:16","guid":{"rendered":"https:\/\/agora.xtec.cat\/llinfantslaflorida\/?p=1820"},"modified":"2025-12-09T14:43:29","modified_gmt":"2025-12-09T13:43:29","slug":"arriba-el-tio-a-la-llar","status":"publish","type":"post","link":"https:\/\/agora.xtec.cat\/llinfantslaflorida\/noticies\/arriba-el-tio-a-la-llar\/","title":{"rendered":"Arriba el tio a la Llar!"},"content":{"rendered":"<div id=\"model-response-message-contentr_81b1e7c9b3e83013\" class=\"markdown markdown-main-panel enable-updated-hr-color\" dir=\"ltr\" aria-live=\"polite\" aria-busy=\"false\">\n<p data-path-to-node=\"4\">La llar s&#8217;ha omplert d&#8217;il\u00b7lusi\u00f3 amb l&#8217;arribada simult\u00e0nia de dos Tions de Nadal. Aquests entranyables troncs amb barretina han iniciat la seva estada amb una s\u00e8rie d&#8217;aparicions sorpresa per diferents zones de la llar, convertint-se r\u00e0pidament en els protagonistes de les festes.<\/p>\n<p data-path-to-node=\"5\">Els nostres dos amics han fet un viatge m\u00e0gic des del bosc. Primer, un d&#8217;ells va ser descobert, ben abrigat amb la seva manta, al pati exterior. Poc despr\u00e9s, l&#8217;altre va sorprendre a tots apareixent a la sala de psicomotricitat, com si hagu\u00e9s estat jugant i estirant les potes abans d&#8217;instal\u00b7lar-se.<\/p>\n<p data-path-to-node=\"5\"><a href=\"https:\/\/agora.xtec.cat\/llinfantslaflorida\/noticies\/arriba-el-tio-a-la-llar\/attachment\/5874349a-f8b3-4125-aa8d-f8396120a742\/\" rel=\"attachment wp-att-1886\"><img loading=\"lazy\" decoding=\"async\" class=\"wp-image-1886 aligncenter\" src=\"https:\/\/agora.xtec.cat\/llinfantslaflorida\/wp-content\/uploads\/usu2269\/2025\/12\/5874349a-f8b3-4125-aa8d-f8396120a742-1024x690.jpg\" alt=\"\" width=\"490\" height=\"330\" srcset=\"https:\/\/agora.xtec.cat\/llinfantslaflorida\/wp-content\/uploads\/usu2269\/2025\/12\/5874349a-f8b3-4125-aa8d-f8396120a742-1024x690.jpg 1024w, https:\/\/agora.xtec.cat\/llinfantslaflorida\/wp-content\/uploads\/usu2269\/2025\/12\/5874349a-f8b3-4125-aa8d-f8396120a742-300x202.jpg 300w, https:\/\/agora.xtec.cat\/llinfantslaflorida\/wp-content\/uploads\/usu2269\/2025\/12\/5874349a-f8b3-4125-aa8d-f8396120a742-768x517.jpg 768w, https:\/\/agora.xtec.cat\/llinfantslaflorida\/wp-content\/uploads\/usu2269\/2025\/12\/5874349a-f8b3-4125-aa8d-f8396120a742.jpg 1430w\" sizes=\"auto, (max-width: 490px) 100vw, 490px\" \/><\/a><\/p>\n<p data-path-to-node=\"5\"><a href=\"https:\/\/agora.xtec.cat\/llinfantslaflorida\/noticies\/arriba-el-tio-a-la-llar\/attachment\/img_2190_11zon\/\" rel=\"attachment wp-att-1825\"><img loading=\"lazy\" decoding=\"async\" class=\"wp-image-1825 alignleft\" src=\"https:\/\/agora.xtec.cat\/llinfantslaflorida\/wp-content\/uploads\/usu2269\/2025\/12\/IMG_2190_11zon-1024x590.jpg\" alt=\"\" width=\"502\" height=\"289\" srcset=\"https:\/\/agora.xtec.cat\/llinfantslaflorida\/wp-content\/uploads\/usu2269\/2025\/12\/IMG_2190_11zon-1024x590.jpg 1024w, https:\/\/agora.xtec.cat\/llinfantslaflorida\/wp-content\/uploads\/usu2269\/2025\/12\/IMG_2190_11zon-300x173.jpg 300w, https:\/\/agora.xtec.cat\/llinfantslaflorida\/wp-content\/uploads\/usu2269\/2025\/12\/IMG_2190_11zon-768x443.jpg 768w, https:\/\/agora.xtec.cat\/llinfantslaflorida\/wp-content\/uploads\/usu2269\/2025\/12\/IMG_2190_11zon-1536x885.jpg 1536w, https:\/\/agora.xtec.cat\/llinfantslaflorida\/wp-content\/uploads\/usu2269\/2025\/12\/IMG_2190_11zon-2048x1180.jpg 2048w\" sizes=\"auto, (max-width: 502px) 100vw, 502px\" \/><\/a><a href=\"https:\/\/agora.xtec.cat\/llinfantslaflorida\/?attachment_id=\" rel=\"attachment wp-att-1823\"><img decoding=\"async\" class=\"alignnone size-full wp-image-1823\" src=\"https:\/\/agora.xtec.cat\/llinfantslaflorida\/wp-content\/uploads\/usu2269\/2025\/12\/IMG_2193.heic\" alt=\"\" \/><\/a><a href=\"https:\/\/agora.xtec.cat\/llinfantslaflorida\/?attachment_id=\" rel=\"attachment wp-att-1823\"><img decoding=\"async\" class=\"alignnone size-full wp-image-1823\" src=\"https:\/\/agora.xtec.cat\/llinfantslaflorida\/wp-content\/uploads\/usu2269\/2025\/12\/IMG_2193.heic\" alt=\"\" \/><\/a><a href=\"https:\/\/agora.xtec.cat\/llinfantslaflorida\/?attachment_id=\" rel=\"attachment wp-att-1823\"><img decoding=\"async\" class=\"alignnone size-full wp-image-1823\" src=\"https:\/\/agora.xtec.cat\/llinfantslaflorida\/wp-content\/uploads\/usu2269\/2025\/12\/IMG_2193.heic\" alt=\"\" \/><\/a><\/p>\n<p data-path-to-node=\"5\"><a href=\"https:\/\/agora.xtec.cat\/llinfantslaflorida\/noticies\/arriba-el-tio-a-la-llar\/attachment\/img_2193_11zon\/\" rel=\"attachment wp-att-1824\"><img loading=\"lazy\" decoding=\"async\" class=\"wp-image-1824 alignright\" src=\"https:\/\/agora.xtec.cat\/llinfantslaflorida\/wp-content\/uploads\/usu2269\/2025\/12\/IMG_2193_11zon-1024x596.jpg\" alt=\"\" width=\"481\" height=\"280\" srcset=\"https:\/\/agora.xtec.cat\/llinfantslaflorida\/wp-content\/uploads\/usu2269\/2025\/12\/IMG_2193_11zon-1024x596.jpg 1024w, https:\/\/agora.xtec.cat\/llinfantslaflorida\/wp-content\/uploads\/usu2269\/2025\/12\/IMG_2193_11zon-300x175.jpg 300w, https:\/\/agora.xtec.cat\/llinfantslaflorida\/wp-content\/uploads\/usu2269\/2025\/12\/IMG_2193_11zon-768x447.jpg 768w, https:\/\/agora.xtec.cat\/llinfantslaflorida\/wp-content\/uploads\/usu2269\/2025\/12\/IMG_2193_11zon-1536x894.jpg 1536w, https:\/\/agora.xtec.cat\/llinfantslaflorida\/wp-content\/uploads\/usu2269\/2025\/12\/IMG_2193_11zon-2048x1192.jpg 2048w\" sizes=\"auto, (max-width: 481px) 100vw, 481px\" \/><\/a><\/p>\n<p data-path-to-node=\"5\">\n<p data-path-to-node=\"5\">\n<p data-path-to-node=\"5\">\n<p data-path-to-node=\"5\">\n<p data-path-to-node=\"5\">\n<p data-path-to-node=\"5\">\n<p data-path-to-node=\"5\">\n<p data-path-to-node=\"5\">\n<p data-path-to-node=\"5\">\n<p data-path-to-node=\"5\">\n<p data-path-to-node=\"5\">Ara, els Tions han buscat un lloc m\u00e9s tranquil on esperar els dies. Els podreu trobar instal\u00b7lats, cadascun al seu lloc, esperant amb impaci\u00e8ncia la vostra visita: un reposa a la Primera Planta i l&#8217;altre ens espera a la Segona Planta.<\/p>\n<p data-path-to-node=\"7\">La tasca m\u00e9s important ara \u00e9s cuidar-los i donar-los menjar amb les educadores! Com m\u00e9s atencions rebin, m\u00e9s forts estaran\u00a0 i m\u00e9s regals ens cagaran. Que comenci la m\u00e0gia del Ti\u00f3!<\/p>\n<ul style=\"list-style-type: square;\">\n<li data-path-to-node=\"7\"><b>Un fet curi\u00f3s de la tradici\u00f3:<\/b> Antigament, el Ti\u00f3 de Nadal no nom\u00e9s era el protagonista de la &#8220;cagada&#8221;. Despr\u00e9s de donar els regals, el tronc era l&#8217;element central que havia de ser cremat a la llar de foc. La seva funci\u00f3 principal era, en un origen, proporcionar escalfor a tota la fam\u00edlia durant la nit m\u00e9s freda de l&#8217;any.<\/li>\n<\/ul>\n<\/div>\n","protected":false},"excerpt":{"rendered":"<p>La llar s&#8217;ha omplert d&#8217;il\u00b7lusi\u00f3 amb l&#8217;arribada simult\u00e0nia de dos Tions de Nadal. Aquests entranyables troncs amb barretina han iniciat la seva estada amb una s\u00e8rie d&#8217;aparicions sorpresa per diferents zones de la llar, convertint-se r\u00e0pidament en els protagonistes de les festes. Els nostres dos amics han fet un viatge m\u00e0gic des del bosc. Primer, [&hellip;]<\/p>\n","protected":false},"author":1,"featured_media":0,"comment_status":"open","ping_status":"open","sticky":false,"template":"","format":"standard","meta":{"_bbp_topic_count":0,"_bbp_reply_count":0,"_bbp_total_topic_count":0,"_bbp_total_reply_count":0,"_bbp_voice_count":0,"_bbp_anonymous_reply_count":0,"_bbp_topic_count_hidden":0,"_bbp_reply_count_hidden":0,"_bbp_forum_subforum_count":0,"site-sidebar-layout":"default","site-content-layout":"","ast-site-content-layout":"full-width-container","site-content-style":"default","site-sidebar-style":"default","ast-global-header-display":"","ast-banner-title-visibility":"disabled","ast-main-header-display":"disabled","ast-hfb-above-header-display":"","ast-hfb-below-header-display":"","ast-hfb-mobile-header-display":"","site-post-title":"","ast-breadcrumbs-content":"","ast-featured-img":"","footer-sml-layout":"","theme-transparent-header-meta":"default","adv-header-id-meta":"","stick-header-meta":"","header-above-stick-meta":"","header-main-stick-meta":"","header-below-stick-meta":"","astra-migrate-meta-layouts":"set","ast-page-background-enabled":"default","ast-page-background-meta":{"desktop":{"background-color":"var(--ast-global-color-4)","background-image":"","background-repeat":"repeat","background-position":"center center","background-size":"auto","background-attachment":"scroll","background-type":"","background-media":"","overlay-type":"","overlay-color":"","overlay-opacity":"","overlay-gradient":""},"tablet":{"background-color":"","background-image":"","background-repeat":"repeat","background-position":"center center","background-size":"auto","background-attachment":"scroll","background-type":"","background-media":"","overlay-type":"","overlay-color":"","overlay-opacity":"","overlay-gradient":""},"mobile":{"background-color":"","background-image":"","background-repeat":"repeat","background-position":"center center","background-size":"auto","background-attachment":"scroll","background-type":"","background-media":"","overlay-type":"","overlay-color":"","overlay-opacity":"","overlay-gradient":""}},"ast-content-background-meta":{"desktop":{"background-color":"var(--ast-global-color-5)","background-image":"","background-repeat":"repeat","background-position":"center center","background-size":"auto","background-attachment":"scroll","background-type":"","background-media":"","overlay-type":"","overlay-color":"","overlay-opacity":"","overlay-gradient":""},"tablet":{"background-color":"var(--ast-global-color-5)","background-image":"","background-repeat":"repeat","background-position":"center center","background-size":"auto","background-attachment":"scroll","background-type":"","background-media":"","overlay-type":"","overlay-color":"","overlay-opacity":"","overlay-gradient":""},"mobile":{"background-color":"var(--ast-global-color-5)","background-image":"","background-repeat":"repeat","background-position":"center center","background-size":"auto","background-attachment":"scroll","background-type":"","background-media":"","overlay-type":"","overlay-color":"","overlay-opacity":"","overlay-gradient":""}},"footnotes":""},"categories":[1],"tags":[],"class_list":["post-1820","post","type-post","status-publish","format-standard","hentry","category-noticies"],"post_mailing_queue_ids":[],"_links":{"self":[{"href":"https:\/\/agora.xtec.cat\/llinfantslaflorida\/wp-json\/wp\/v2\/posts\/1820","targetHints":{"allow":["GET"]}}],"collection":[{"href":"https:\/\/agora.xtec.cat\/llinfantslaflorida\/wp-json\/wp\/v2\/posts"}],"about":[{"href":"https:\/\/agora.xtec.cat\/llinfantslaflorida\/wp-json\/wp\/v2\/types\/post"}],"author":[{"embeddable":true,"href":"https:\/\/agora.xtec.cat\/llinfantslaflorida\/wp-json\/wp\/v2\/users\/1"}],"replies":[{"embeddable":true,"href":"https:\/\/agora.xtec.cat\/llinfantslaflorida\/wp-json\/wp\/v2\/comments?post=1820"}],"version-history":[{"count":5,"href":"https:\/\/agora.xtec.cat\/llinfantslaflorida\/wp-json\/wp\/v2\/posts\/1820\/revisions"}],"predecessor-version":[{"id":1888,"href":"https:\/\/agora.xtec.cat\/llinfantslaflorida\/wp-json\/wp\/v2\/posts\/1820\/revisions\/1888"}],"wp:attachment":[{"href":"https:\/\/agora.xtec.cat\/llinfantslaflorida\/wp-json\/wp\/v2\/media?parent=1820"}],"wp:term":[{"taxonomy":"category","embeddable":true,"href":"https:\/\/agora.xtec.cat\/llinfantslaflorida\/wp-json\/wp\/v2\/categories?post=1820"},{"taxonomy":"post_tag","embeddable":true,"href":"https:\/\/agora.xtec.cat\/llinfantslaflorida\/wp-json\/wp\/v2\/tags?post=1820"}],"curies":[{"name":"wp","href":"https:\/\/api.w.org\/{rel}","templated":true}]}}