{"id":1785,"date":"2025-11-25T08:48:01","date_gmt":"2025-11-25T07:48:01","guid":{"rendered":"https:\/\/agora.xtec.cat\/llinfantslaflorida\/?p=1785"},"modified":"2026-04-29T08:17:44","modified_gmt":"2026-04-29T06:17:44","slug":"el-nadal-arriba-a-la-nostra-llar","status":"publish","type":"post","link":"https:\/\/agora.xtec.cat\/llinfantslaflorida\/noticies\/el-nadal-arriba-a-la-nostra-llar\/","title":{"rendered":"El Nadal arriba a la nostra llar!"},"content":{"rendered":"<p><span style=\"font-family: inherit; font-size: 1em;\">Amb l\u2019arribada dels dies m\u00e9s freds, la nostra llar comen\u00e7a a omplir-se d\u2019aquell caliu tan especial que nom\u00e9s el Nadal pot portar. Ja hem comen\u00e7at a decorar els espais del centre, transformant-los en racons plens de llum, colors i esperit nadalenc.<\/span><\/p>\n<p><a href=\"https:\/\/agora.xtec.cat\/llinfantslaflorida\/noticies\/el-nadal-arriba-a-la-nostra-llar\/attachment\/978b4644-b2ce-4aa1-a927-140c834d2bfa\/\" rel=\"attachment wp-att-1787\"><img loading=\"lazy\" decoding=\"async\" class=\"wp-image-1787 aligncenter\" src=\"https:\/\/agora.xtec.cat\/llinfantslaflorida\/wp-content\/uploads\/usu2269\/2025\/11\/978b4644-b2ce-4aa1-a927-140c834d2bfa-1024x768.jpeg\" alt=\"\" width=\"619\" height=\"464\" srcset=\"https:\/\/agora.xtec.cat\/llinfantslaflorida\/wp-content\/uploads\/usu2269\/2025\/11\/978b4644-b2ce-4aa1-a927-140c834d2bfa-1024x768.jpeg 1024w, https:\/\/agora.xtec.cat\/llinfantslaflorida\/wp-content\/uploads\/usu2269\/2025\/11\/978b4644-b2ce-4aa1-a927-140c834d2bfa-300x225.jpeg 300w, https:\/\/agora.xtec.cat\/llinfantslaflorida\/wp-content\/uploads\/usu2269\/2025\/11\/978b4644-b2ce-4aa1-a927-140c834d2bfa-768x576.jpeg 768w, https:\/\/agora.xtec.cat\/llinfantslaflorida\/wp-content\/uploads\/usu2269\/2025\/11\/978b4644-b2ce-4aa1-a927-140c834d2bfa-1536x1152.jpeg 1536w, https:\/\/agora.xtec.cat\/llinfantslaflorida\/wp-content\/uploads\/usu2269\/2025\/11\/978b4644-b2ce-4aa1-a927-140c834d2bfa-200x150.jpeg 200w, https:\/\/agora.xtec.cat\/llinfantslaflorida\/wp-content\/uploads\/usu2269\/2025\/11\/978b4644-b2ce-4aa1-a927-140c834d2bfa.jpeg 1600w\" sizes=\"auto, (max-width: 619px) 100vw, 619px\" \/><\/a><\/p>\n<p>Guirnaldes, arbres i petites decoracions prenen vida gr\u00e0cies a la dedicaci\u00f3 de l\u2019equip i la il\u00b7lusi\u00f3 de tots els que formen part del nostre dia a dia. \u00c9s un moment perfecte per compartir, per crear records i per gaudir de l\u2019ambient festiu que ens acompanya fins a les festes.<\/p>\n<p><a href=\"https:\/\/agora.xtec.cat\/llinfantslaflorida\/img_1976\/\" rel=\"attachment wp-att-1784\"><img loading=\"lazy\" decoding=\"async\" class=\"wp-image-1784 aligncenter\" src=\"https:\/\/agora.xtec.cat\/llinfantslaflorida\/wp-content\/uploads\/usu2269\/2025\/11\/IMG_1976-1024x768.jpeg\" alt=\"\" width=\"759\" height=\"569\" srcset=\"https:\/\/agora.xtec.cat\/llinfantslaflorida\/wp-content\/uploads\/usu2269\/2025\/11\/IMG_1976-1024x768.jpeg 1024w, https:\/\/agora.xtec.cat\/llinfantslaflorida\/wp-content\/uploads\/usu2269\/2025\/11\/IMG_1976-300x225.jpeg 300w, https:\/\/agora.xtec.cat\/llinfantslaflorida\/wp-content\/uploads\/usu2269\/2025\/11\/IMG_1976-768x576.jpeg 768w, https:\/\/agora.xtec.cat\/llinfantslaflorida\/wp-content\/uploads\/usu2269\/2025\/11\/IMG_1976-1536x1152.jpeg 1536w, https:\/\/agora.xtec.cat\/llinfantslaflorida\/wp-content\/uploads\/usu2269\/2025\/11\/IMG_1976-2048x1536.jpeg 2048w, https:\/\/agora.xtec.cat\/llinfantslaflorida\/wp-content\/uploads\/usu2269\/2025\/11\/IMG_1976-200x150.jpeg 200w\" sizes=\"auto, (max-width: 759px) 100vw, 759px\" \/><\/a><\/p>\n<p>A mesura que avancin els dies, anirem afegint nous detalls i activitats que faran encara m\u00e9s especial aquest per\u00edode tan m\u00e0gic. Us convidem a deixar-vos contagiar per l\u2019esperit nadalenc que ja comen\u00e7\u00e0 a omplir el centre.<\/p>\n<p><a href=\"https:\/\/agora.xtec.cat\/llinfantslaflorida\/img_1980\/\" rel=\"attachment wp-att-1783\"><img loading=\"lazy\" decoding=\"async\" class=\"wp-image-1783 aligncenter\" src=\"https:\/\/agora.xtec.cat\/llinfantslaflorida\/wp-content\/uploads\/usu2269\/2025\/11\/IMG_1980-1024x768.jpeg\" alt=\"\" width=\"587\" height=\"440\" srcset=\"https:\/\/agora.xtec.cat\/llinfantslaflorida\/wp-content\/uploads\/usu2269\/2025\/11\/IMG_1980-1024x768.jpeg 1024w, https:\/\/agora.xtec.cat\/llinfantslaflorida\/wp-content\/uploads\/usu2269\/2025\/11\/IMG_1980-300x225.jpeg 300w, https:\/\/agora.xtec.cat\/llinfantslaflorida\/wp-content\/uploads\/usu2269\/2025\/11\/IMG_1980-768x576.jpeg 768w, https:\/\/agora.xtec.cat\/llinfantslaflorida\/wp-content\/uploads\/usu2269\/2025\/11\/IMG_1980-1536x1152.jpeg 1536w, https:\/\/agora.xtec.cat\/llinfantslaflorida\/wp-content\/uploads\/usu2269\/2025\/11\/IMG_1980-2048x1536.jpeg 2048w, https:\/\/agora.xtec.cat\/llinfantslaflorida\/wp-content\/uploads\/usu2269\/2025\/11\/IMG_1980-200x150.jpeg 200w\" sizes=\"auto, (max-width: 587px) 100vw, 587px\" \/><\/a><\/p>\n","protected":false},"excerpt":{"rendered":"<p>Amb l\u2019arribada dels dies m\u00e9s freds, la nostra llar comen\u00e7a a omplir-se d\u2019aquell caliu tan especial que nom\u00e9s el Nadal pot portar. Ja hem comen\u00e7at a decorar els espais del centre, transformant-los en racons plens de llum, colors i esperit nadalenc. Guirnaldes, arbres i petites decoracions prenen vida gr\u00e0cies a la dedicaci\u00f3 de l\u2019equip i [&hellip;]<\/p>\n","protected":false},"author":1,"featured_media":1783,"comment_status":"open","ping_status":"open","sticky":false,"template":"","format":"standard","meta":{"_bbp_topic_count":0,"_bbp_reply_count":0,"_bbp_total_topic_count":0,"_bbp_total_reply_count":0,"_bbp_voice_count":0,"_bbp_anonymous_reply_count":0,"_bbp_topic_count_hidden":0,"_bbp_reply_count_hidden":0,"_bbp_forum_subforum_count":0,"site-sidebar-layout":"default","site-content-layout":"","ast-site-content-layout":"default","site-content-style":"default","site-sidebar-style":"default","ast-global-header-display":"","ast-banner-title-visibility":"","ast-main-header-display":"","ast-hfb-above-header-display":"","ast-hfb-below-header-display":"","ast-hfb-mobile-header-display":"","site-post-title":"","ast-breadcrumbs-content":"","ast-featured-img":"","footer-sml-layout":"","theme-transparent-header-meta":"default","adv-header-id-meta":"","stick-header-meta":"","header-above-stick-meta":"","header-main-stick-meta":"","header-below-stick-meta":"","astra-migrate-meta-layouts":"set","ast-page-background-enabled":"default","ast-page-background-meta":{"desktop":{"background-color":"var(--ast-global-color-4)","background-image":"","background-repeat":"repeat","background-position":"center center","background-size":"auto","background-attachment":"scroll","background-type":"","background-media":"","overlay-type":"","overlay-color":"","overlay-opacity":"","overlay-gradient":""},"tablet":{"background-color":"","background-image":"","background-repeat":"repeat","background-position":"center center","background-size":"auto","background-attachment":"scroll","background-type":"","background-media":"","overlay-type":"","overlay-color":"","overlay-opacity":"","overlay-gradient":""},"mobile":{"background-color":"","background-image":"","background-repeat":"repeat","background-position":"center center","background-size":"auto","background-attachment":"scroll","background-type":"","background-media":"","overlay-type":"","overlay-color":"","overlay-opacity":"","overlay-gradient":""}},"ast-content-background-meta":{"desktop":{"background-color":"var(--ast-global-color-5)","background-image":"","background-repeat":"repeat","background-position":"center center","background-size":"auto","background-attachment":"scroll","background-type":"","background-media":"","overlay-type":"","overlay-color":"","overlay-opacity":"","overlay-gradient":""},"tablet":{"background-color":"var(--ast-global-color-5)","background-image":"","background-repeat":"repeat","background-position":"center center","background-size":"auto","background-attachment":"scroll","background-type":"","background-media":"","overlay-type":"","overlay-color":"","overlay-opacity":"","overlay-gradient":""},"mobile":{"background-color":"var(--ast-global-color-5)","background-image":"","background-repeat":"repeat","background-position":"center center","background-size":"auto","background-attachment":"scroll","background-type":"","background-media":"","overlay-type":"","overlay-color":"","overlay-opacity":"","overlay-gradient":""}},"footnotes":""},"categories":[1],"tags":[],"class_list":["post-1785","post","type-post","status-publish","format-standard","has-post-thumbnail","hentry","category-noticies"],"post_mailing_queue_ids":[],"_links":{"self":[{"href":"https:\/\/agora.xtec.cat\/llinfantslaflorida\/wp-json\/wp\/v2\/posts\/1785","targetHints":{"allow":["GET"]}}],"collection":[{"href":"https:\/\/agora.xtec.cat\/llinfantslaflorida\/wp-json\/wp\/v2\/posts"}],"about":[{"href":"https:\/\/agora.xtec.cat\/llinfantslaflorida\/wp-json\/wp\/v2\/types\/post"}],"author":[{"embeddable":true,"href":"https:\/\/agora.xtec.cat\/llinfantslaflorida\/wp-json\/wp\/v2\/users\/1"}],"replies":[{"embeddable":true,"href":"https:\/\/agora.xtec.cat\/llinfantslaflorida\/wp-json\/wp\/v2\/comments?post=1785"}],"version-history":[{"count":4,"href":"https:\/\/agora.xtec.cat\/llinfantslaflorida\/wp-json\/wp\/v2\/posts\/1785\/revisions"}],"predecessor-version":[{"id":2178,"href":"https:\/\/agora.xtec.cat\/llinfantslaflorida\/wp-json\/wp\/v2\/posts\/1785\/revisions\/2178"}],"wp:featuredmedia":[{"embeddable":true,"href":"https:\/\/agora.xtec.cat\/llinfantslaflorida\/wp-json\/wp\/v2\/media\/1783"}],"wp:attachment":[{"href":"https:\/\/agora.xtec.cat\/llinfantslaflorida\/wp-json\/wp\/v2\/media?parent=1785"}],"wp:term":[{"taxonomy":"category","embeddable":true,"href":"https:\/\/agora.xtec.cat\/llinfantslaflorida\/wp-json\/wp\/v2\/categories?post=1785"},{"taxonomy":"post_tag","embeddable":true,"href":"https:\/\/agora.xtec.cat\/llinfantslaflorida\/wp-json\/wp\/v2\/tags?post=1785"}],"curies":[{"name":"wp","href":"https:\/\/api.w.org\/{rel}","templated":true}]}}