{"id":13,"date":"2014-09-18T11:49:40","date_gmt":"2014-09-18T11:49:40","guid":{"rendered":"http:\/\/agora.xtec.cat\/llinfantslaflorida\/?p=13"},"modified":"2025-10-22T08:42:54","modified_gmt":"2025-10-22T06:42:54","slug":"noticia","status":"publish","type":"post","link":"https:\/\/agora.xtec.cat\/llinfantslaflorida\/noticies\/noticia\/","title":{"rendered":"La Castanyada 2021"},"content":{"rendered":"<p>Bon dia fam\u00edlies<\/p>\n<p>Un nou curs ha comen\u00e7at i hem donat la benvinguda a la tardor amb la celebraci\u00f3 de\u00a0<u><b>la CASTANYADA<\/b><\/u>.<\/p>\n<p>&nbsp;<\/p>\n<div class=\"separator\"><a href=\"https:\/\/blogger.googleusercontent.com\/img\/a\/AVvXsEjDsY50z8A3P-5LN4UmChPicxC_Yw6khAL9i-wpAf8u3uTgSpq0bjc9iNAAN3iLkRmtZ3oolbQ1ilUCX6okW4cqT2aRKszHUk-AzGGMbziSau_IlNK1Twz1BBmOTfpthaQioJgnDPtb0skm-MvjVVpyussfjuaIa58QUG4EX_FUv0aL0fxTGkPjDpmE8w=s2048\"><img loading=\"lazy\" decoding=\"async\" class=\"aligncenter\" src=\"https:\/\/blogger.googleusercontent.com\/img\/a\/AVvXsEjDsY50z8A3P-5LN4UmChPicxC_Yw6khAL9i-wpAf8u3uTgSpq0bjc9iNAAN3iLkRmtZ3oolbQ1ilUCX6okW4cqT2aRKszHUk-AzGGMbziSau_IlNK1Twz1BBmOTfpthaQioJgnDPtb0skm-MvjVVpyussfjuaIa58QUG4EX_FUv0aL0fxTGkPjDpmE8w=w387-h506\" width=\"387\" height=\"506\" border=\"0\" data-original-height=\"2048\" data-original-width=\"1299\" \/><\/a><\/div>\n<p>&nbsp;<\/p>\n<p>&nbsp;<\/p>\n<p>A les aules hem fet experimentaci\u00f3 amb fulles seques, pinyes,\u00a0codonys, magranes,\u00a0carbasses de diferents mides i formes.<\/p>\n<p>Tamb\u00e9 hem tingut la visita d&#8217;unes castanyeres a les estances dels infants.<\/p>\n<p>&nbsp;<\/p>\n<table class=\"tr-caption-container\" cellspacing=\"0\" cellpadding=\"0\" align=\"center\">\n<tbody>\n<tr>\n<td><a href=\"https:\/\/blogger.googleusercontent.com\/img\/a\/AVvXsEgxFGdAnDzTqRcIf7TmhuGQCDcGxxqbdjg95VCVuoy7xQCq5-cMjgvHWSuUuwJd6qrgP_IVlqWLWOZqbvadeWYv_STyh_xEVHIUKYFeeh7MF01uHhzMEaUOVrLecJKS-F3P1VgKVf_MndJQBQZ0LLsEnZVWV3wB25HUe-etYfp2S9mPBg7qUAVJaSCcOw=s2000\"><img loading=\"lazy\" decoding=\"async\" src=\"https:\/\/blogger.googleusercontent.com\/img\/a\/AVvXsEgxFGdAnDzTqRcIf7TmhuGQCDcGxxqbdjg95VCVuoy7xQCq5-cMjgvHWSuUuwJd6qrgP_IVlqWLWOZqbvadeWYv_STyh_xEVHIUKYFeeh7MF01uHhzMEaUOVrLecJKS-F3P1VgKVf_MndJQBQZ0LLsEnZVWV3wB25HUe-etYfp2S9mPBg7qUAVJaSCcOw=w640-h296\" width=\"640\" height=\"296\" border=\"0\" data-original-height=\"922\" data-original-width=\"2000\" \/><\/a><\/td>\n<\/tr>\n<tr>\n<td class=\"tr-caption\">Les castanyeres de la Florida<\/td>\n<\/tr>\n<\/tbody>\n<\/table>\n<p>&nbsp;<\/p>\n<p>&nbsp;<\/p>\n<p>Les castanyeres han portat castanyes i moniatos als infants. A m\u00e9s han cantat i ballat junts la can\u00e7\u00f3 de la castanyera.<\/p>\n<p>&nbsp;<\/p>\n<table class=\"tr-caption-container\" cellspacing=\"0\" cellpadding=\"0\" align=\"center\">\n<tbody>\n<tr>\n<td><a href=\"https:\/\/blogger.googleusercontent.com\/img\/a\/AVvXsEjb6JN0T41tAvCEwb3OWAcPqDG9Qy8v2uuOJqiRcfIo9lwTgX6IHD6w_2YewNL3xgwGGzpZrGPtNH6puFHRKGGXB8moUwKIiupkI4lVErm0WTk9x1MPJNU12tpN95P6LDynYnJ_lTyqUs6U5RwJjfVC-4RPOAhrxkqCQdJAAE_lX7IYVznaJILCtRaQAg=s745\"><img loading=\"lazy\" decoding=\"async\" src=\"https:\/\/blogger.googleusercontent.com\/img\/a\/AVvXsEjb6JN0T41tAvCEwb3OWAcPqDG9Qy8v2uuOJqiRcfIo9lwTgX6IHD6w_2YewNL3xgwGGzpZrGPtNH6puFHRKGGXB8moUwKIiupkI4lVErm0WTk9x1MPJNU12tpN95P6LDynYnJ_lTyqUs6U5RwJjfVC-4RPOAhrxkqCQdJAAE_lX7IYVznaJILCtRaQAg=w514-h640\" width=\"514\" height=\"640\" border=\"0\" data-original-height=\"745\" data-original-width=\"598\" \/><\/a><\/td>\n<\/tr>\n<tr>\n<td class=\"tr-caption\">Experimentaci\u00f3 i tastet de les castanyes i el moniato<\/td>\n<\/tr>\n<\/tbody>\n<\/table>\n<p>Les criatures han gaudit molt experimentant amb aquests aliments i tastant-los.<\/p>\n","protected":false},"excerpt":{"rendered":"<p>Bon dia fam\u00edlies Un nou curs ha comen\u00e7at i hem donat la benvinguda a la tardor amb la celebraci\u00f3 de\u00a0la CASTANYADA. &nbsp; &nbsp; &nbsp; A les aules hem fet experimentaci\u00f3 amb fulles seques, pinyes,\u00a0codonys, magranes,\u00a0carbasses de diferents mides i formes. Tamb\u00e9 hem tingut la visita d&#8217;unes castanyeres a les estances dels infants. &nbsp; Les castanyeres [&hellip;]<\/p>\n","protected":false},"author":1,"featured_media":0,"comment_status":"closed","ping_status":"closed","sticky":false,"template":"","format":"standard","meta":{"_bbp_topic_count":0,"_bbp_reply_count":0,"_bbp_total_topic_count":0,"_bbp_total_reply_count":0,"_bbp_voice_count":0,"_bbp_anonymous_reply_count":0,"_bbp_topic_count_hidden":0,"_bbp_reply_count_hidden":0,"_bbp_forum_subforum_count":0,"site-sidebar-layout":"default","site-content-layout":"","ast-site-content-layout":"","site-content-style":"default","site-sidebar-style":"default","ast-global-header-display":"","ast-banner-title-visibility":"","ast-main-header-display":"","ast-hfb-above-header-display":"","ast-hfb-below-header-display":"","ast-hfb-mobile-header-display":"","site-post-title":"","ast-breadcrumbs-content":"","ast-featured-img":"","footer-sml-layout":"","theme-transparent-header-meta":"","adv-header-id-meta":"","stick-header-meta":"","header-above-stick-meta":"","header-main-stick-meta":"","header-below-stick-meta":"","astra-migrate-meta-layouts":"default","ast-page-background-enabled":"default","ast-page-background-meta":{"desktop":{"background-color":"var(--ast-global-color-4)","background-image":"","background-repeat":"repeat","background-position":"center center","background-size":"auto","background-attachment":"scroll","background-type":"","background-media":"","overlay-type":"","overlay-color":"","overlay-opacity":"","overlay-gradient":""},"tablet":{"background-color":"","background-image":"","background-repeat":"repeat","background-position":"center center","background-size":"auto","background-attachment":"scroll","background-type":"","background-media":"","overlay-type":"","overlay-color":"","overlay-opacity":"","overlay-gradient":""},"mobile":{"background-color":"","background-image":"","background-repeat":"repeat","background-position":"center center","background-size":"auto","background-attachment":"scroll","background-type":"","background-media":"","overlay-type":"","overlay-color":"","overlay-opacity":"","overlay-gradient":""}},"ast-content-background-meta":{"desktop":{"background-color":"var(--ast-global-color-5)","background-image":"","background-repeat":"repeat","background-position":"center center","background-size":"auto","background-attachment":"scroll","background-type":"","background-media":"","overlay-type":"","overlay-color":"","overlay-opacity":"","overlay-gradient":""},"tablet":{"background-color":"var(--ast-global-color-5)","background-image":"","background-repeat":"repeat","background-position":"center center","background-size":"auto","background-attachment":"scroll","background-type":"","background-media":"","overlay-type":"","overlay-color":"","overlay-opacity":"","overlay-gradient":""},"mobile":{"background-color":"var(--ast-global-color-5)","background-image":"","background-repeat":"repeat","background-position":"center center","background-size":"auto","background-attachment":"scroll","background-type":"","background-media":"","overlay-type":"","overlay-color":"","overlay-opacity":"","overlay-gradient":""}},"footnotes":""},"categories":[1],"tags":[64,65],"class_list":["post-13","post","type-post","status-publish","format-standard","hentry","category-noticies","tag-castanyada","tag-festes"],"post_mailing_queue_ids":[],"_links":{"self":[{"href":"https:\/\/agora.xtec.cat\/llinfantslaflorida\/wp-json\/wp\/v2\/posts\/13","targetHints":{"allow":["GET"]}}],"collection":[{"href":"https:\/\/agora.xtec.cat\/llinfantslaflorida\/wp-json\/wp\/v2\/posts"}],"about":[{"href":"https:\/\/agora.xtec.cat\/llinfantslaflorida\/wp-json\/wp\/v2\/types\/post"}],"author":[{"embeddable":true,"href":"https:\/\/agora.xtec.cat\/llinfantslaflorida\/wp-json\/wp\/v2\/users\/1"}],"replies":[{"embeddable":true,"href":"https:\/\/agora.xtec.cat\/llinfantslaflorida\/wp-json\/wp\/v2\/comments?post=13"}],"version-history":[{"count":3,"href":"https:\/\/agora.xtec.cat\/llinfantslaflorida\/wp-json\/wp\/v2\/posts\/13\/revisions"}],"predecessor-version":[{"id":942,"href":"https:\/\/agora.xtec.cat\/llinfantslaflorida\/wp-json\/wp\/v2\/posts\/13\/revisions\/942"}],"wp:attachment":[{"href":"https:\/\/agora.xtec.cat\/llinfantslaflorida\/wp-json\/wp\/v2\/media?parent=13"}],"wp:term":[{"taxonomy":"category","embeddable":true,"href":"https:\/\/agora.xtec.cat\/llinfantslaflorida\/wp-json\/wp\/v2\/categories?post=13"},{"taxonomy":"post_tag","embeddable":true,"href":"https:\/\/agora.xtec.cat\/llinfantslaflorida\/wp-json\/wp\/v2\/tags?post=13"}],"curies":[{"name":"wp","href":"https:\/\/api.w.org\/{rel}","templated":true}]}}