{"id":953,"date":"2021-07-23T20:00:52","date_gmt":"2021-07-23T18:00:52","guid":{"rendered":"https:\/\/agora.xtec.cat\/llarinfantsninscamprodon\/?p=953"},"modified":"2021-07-24T11:10:14","modified_gmt":"2021-07-24T09:10:14","slug":"gracies-jasmina","status":"publish","type":"post","link":"https:\/\/agora.xtec.cat\/llarinfantsninscamprodon\/general\/gracies-jasmina\/","title":{"rendered":"Gr\u00e0cies Jasmina!"},"content":{"rendered":"<p>Fa m\u00e9s de 21 anys que la Jasmina ens acompanya en el dia a dia de la nostra Llar, amb els infants i les fam\u00edlies. Avui li donem les gr\u00e0cies per la seva implicaci\u00f3 i comprom\u00eds en l&#8217;educaci\u00f3 dels m\u00e9s petits.<\/p>\n<p>Moltes gr\u00e0cies Jasmina per aquests anys compartits! Gaudeix del teu temps! Et trobarem a faltar!<\/p>\n<p><a href=\"https:\/\/agora.xtec.cat\/llarinfantsninscamprodon\/wp-content\/uploads\/usu2440\/2021\/07\/IMG-20210723-WA0086-1.jpg\"><img loading=\"lazy\" decoding=\"async\" class=\"aligncenter size-large wp-image-955\" src=\"https:\/\/agora.xtec.cat\/llarinfantsninscamprodon\/wp-content\/uploads\/usu2440\/2021\/07\/IMG-20210723-WA0086-1-1024x576.jpg\" alt=\"\" width=\"1024\" height=\"576\" srcset=\"https:\/\/agora.xtec.cat\/llarinfantsninscamprodon\/wp-content\/uploads\/usu2440\/2021\/07\/IMG-20210723-WA0086-1-1024x576.jpg 1024w, https:\/\/agora.xtec.cat\/llarinfantsninscamprodon\/wp-content\/uploads\/usu2440\/2021\/07\/IMG-20210723-WA0086-1-300x169.jpg 300w, https:\/\/agora.xtec.cat\/llarinfantsninscamprodon\/wp-content\/uploads\/usu2440\/2021\/07\/IMG-20210723-WA0086-1-768x432.jpg 768w, https:\/\/agora.xtec.cat\/llarinfantsninscamprodon\/wp-content\/uploads\/usu2440\/2021\/07\/IMG-20210723-WA0086-1-1536x864.jpg 1536w, https:\/\/agora.xtec.cat\/llarinfantsninscamprodon\/wp-content\/uploads\/usu2440\/2021\/07\/IMG-20210723-WA0086-1.jpg 1600w\" sizes=\"auto, (max-width: 1024px) 100vw, 1024px\" \/><\/a><\/p>\n","protected":false},"excerpt":{"rendered":"<p>Fa m\u00e9s de 21 anys que la Jasmina ens acompanya en el dia a dia de la nostra Llar, amb els infants i les fam\u00edlies. Avui li donem les gr\u00e0cies per la seva implicaci\u00f3 i comprom\u00eds en l&#8217;educaci\u00f3 dels m\u00e9s petits.<br \/>\nMoltes gr\u00e0cies Jasmina per aquests&hellip;  <a href=\"https:\/\/agora.xtec.cat\/llarinfantsninscamprodon\/general\/gracies-jasmina\/\" title=\"Read Gr\u00e0cies Jasmina!\">Llegeix m\u00e9s\u00bb<\/a><\/p>\n","protected":false},"author":1,"featured_media":954,"comment_status":"open","ping_status":"closed","sticky":false,"template":"","format":"standard","meta":{"_bbp_topic_count":0,"_bbp_reply_count":0,"_bbp_total_topic_count":0,"_bbp_total_reply_count":0,"_bbp_voice_count":0,"_bbp_anonymous_reply_count":0,"_bbp_topic_count_hidden":0,"_bbp_reply_count_hidden":0,"_bbp_forum_subforum_count":0,"footnotes":""},"categories":[1,60,4],"tags":[],"class_list":["post-953","post","type-post","status-publish","format-standard","has-post-thumbnail","hentry","category-general","category-inici","category-portada"],"post_mailing_queue_ids":[],"_links":{"self":[{"href":"https:\/\/agora.xtec.cat\/llarinfantsninscamprodon\/wp-json\/wp\/v2\/posts\/953","targetHints":{"allow":["GET"]}}],"collection":[{"href":"https:\/\/agora.xtec.cat\/llarinfantsninscamprodon\/wp-json\/wp\/v2\/posts"}],"about":[{"href":"https:\/\/agora.xtec.cat\/llarinfantsninscamprodon\/wp-json\/wp\/v2\/types\/post"}],"author":[{"embeddable":true,"href":"https:\/\/agora.xtec.cat\/llarinfantsninscamprodon\/wp-json\/wp\/v2\/users\/1"}],"replies":[{"embeddable":true,"href":"https:\/\/agora.xtec.cat\/llarinfantsninscamprodon\/wp-json\/wp\/v2\/comments?post=953"}],"version-history":[{"count":2,"href":"https:\/\/agora.xtec.cat\/llarinfantsninscamprodon\/wp-json\/wp\/v2\/posts\/953\/revisions"}],"predecessor-version":[{"id":957,"href":"https:\/\/agora.xtec.cat\/llarinfantsninscamprodon\/wp-json\/wp\/v2\/posts\/953\/revisions\/957"}],"wp:featuredmedia":[{"embeddable":true,"href":"https:\/\/agora.xtec.cat\/llarinfantsninscamprodon\/wp-json\/wp\/v2\/media\/954"}],"wp:attachment":[{"href":"https:\/\/agora.xtec.cat\/llarinfantsninscamprodon\/wp-json\/wp\/v2\/media?parent=953"}],"wp:term":[{"taxonomy":"category","embeddable":true,"href":"https:\/\/agora.xtec.cat\/llarinfantsninscamprodon\/wp-json\/wp\/v2\/categories?post=953"},{"taxonomy":"post_tag","embeddable":true,"href":"https:\/\/agora.xtec.cat\/llarinfantsninscamprodon\/wp-json\/wp\/v2\/tags?post=953"}],"curies":[{"name":"wp","href":"https:\/\/api.w.org\/{rel}","templated":true}]}}