{"id":950,"date":"2021-07-24T10:54:10","date_gmt":"2021-07-24T08:54:10","guid":{"rendered":"https:\/\/agora.xtec.cat\/llarinfantsninscamprodon\/?p=950"},"modified":"2021-07-24T10:54:55","modified_gmt":"2021-07-24T08:54:55","slug":"acaba-el-curs-2020-2021","status":"publish","type":"post","link":"https:\/\/agora.xtec.cat\/llarinfantsninscamprodon\/general\/acaba-el-curs-2020-2021\/","title":{"rendered":"Acaba el curs 2020-2021!"},"content":{"rendered":"<p>Un curs una mica complicat per\u00f2 finalment molt profit\u00f3s i ple d&#8217;experi\u00e8ncies compartides. Treballant conjuntament, seguint les mesures establertes i aconseguint que la Llar no hagi patit cap confinament! <span class=\"pq6dq46d tbxw36s4 knj5qynh kvgmc6g5 ditlmg2l oygrvhab nvdbi5me sf5mxxl7 gl3lb2sf hhz5lgdu\"><img loading=\"lazy\" decoding=\"async\" src=\"https:\/\/static.xx.fbcdn.net\/images\/emoji.php\/v9\/t68\/1\/16\/1f4aa_1f3fc.png\" alt=\"\ud83d\udcaa\ud83c\udffc\" width=\"16\" height=\"16\" \/><\/span><br \/>\nUs volem agrair la confian\u00e7a dipositada en nosaltres. Poder acompanyar-vos en el creixement dels vostres fills \u00e9s un plaer. <span class=\"pq6dq46d tbxw36s4 knj5qynh kvgmc6g5 ditlmg2l oygrvhab nvdbi5me sf5mxxl7 gl3lb2sf hhz5lgdu\"><img loading=\"lazy\" decoding=\"async\" src=\"https:\/\/static.xx.fbcdn.net\/images\/emoji.php\/v9\/t2\/1\/16\/1f60d.png\" alt=\"\ud83d\ude0d\" width=\"16\" height=\"16\" \/><\/span><br \/>\nDonar les gr\u00e0cies a la nostra AFA per la seva implicaci\u00f3 en l&#8217;educaci\u00f3 de tots els infants de la Llar. I tamb\u00e9 a la Comissi\u00f3 de Pati, gr\u00e0cies per ajudar-nos a tirar endavant aquest projecte. Gr\u00e0cies als que el curs que ve continueu i als que marxeu perqu\u00e8 els vostres fills\/es s&#8217;han fet grans, moltes gr\u00e0cies!\u00a0<span class=\"pq6dq46d tbxw36s4 knj5qynh kvgmc6g5 ditlmg2l oygrvhab nvdbi5me sf5mxxl7 gl3lb2sf hhz5lgdu\"><img loading=\"lazy\" decoding=\"async\" src=\"https:\/\/static.xx.fbcdn.net\/images\/emoji.php\/v9\/teb\/1\/16\/2763.png\" alt=\"\u2763\ufe0f\" width=\"16\" height=\"16\" \/><\/span><br \/>\nAls nens i nenes de Grans i les seves fam\u00edlies: molt bona entrada a P3! Us heu fet grans! Us trobarem a faltar!\u00a0<span class=\"pq6dq46d tbxw36s4 knj5qynh kvgmc6g5 ditlmg2l oygrvhab nvdbi5me sf5mxxl7 gl3lb2sf hhz5lgdu\"><img loading=\"lazy\" decoding=\"async\" src=\"https:\/\/static.xx.fbcdn.net\/images\/emoji.php\/v9\/t25\/1\/16\/1f393.png\" alt=\"\ud83c\udf93\" width=\"16\" height=\"16\" \/><\/span><span class=\"pq6dq46d tbxw36s4 knj5qynh kvgmc6g5 ditlmg2l oygrvhab nvdbi5me sf5mxxl7 gl3lb2sf hhz5lgdu\"><img loading=\"lazy\" decoding=\"async\" src=\"https:\/\/static.xx.fbcdn.net\/images\/emoji.php\/v9\/t6c\/1\/16\/2764.png\" alt=\"\u2764\ufe0f\" width=\"16\" height=\"16\" \/><\/span><br \/>\nA Petits i Mitjans, ens retrobem dimecres 1 de setembre, primer dia del curs 2021-2022!\u00a0<span class=\"pq6dq46d tbxw36s4 knj5qynh kvgmc6g5 ditlmg2l oygrvhab nvdbi5me sf5mxxl7 gl3lb2sf hhz5lgdu\"><img loading=\"lazy\" decoding=\"async\" src=\"https:\/\/static.xx.fbcdn.net\/images\/emoji.php\/v9\/t58\/1\/16\/1f929.png\" alt=\"\ud83e\udd29\" width=\"16\" height=\"16\" \/><\/span><br \/>\nGaudiu molt de l&#8217;estiu!\u00a0<span class=\"pq6dq46d tbxw36s4 knj5qynh kvgmc6g5 ditlmg2l oygrvhab nvdbi5me sf5mxxl7 gl3lb2sf hhz5lgdu\"><img loading=\"lazy\" decoding=\"async\" src=\"https:\/\/static.xx.fbcdn.net\/images\/emoji.php\/v9\/t5f\/1\/16\/1f31e.png\" alt=\"\ud83c\udf1e\" width=\"16\" height=\"16\" \/><\/span><br \/>\nUna forta abra\u00e7ada!\u00a0<span class=\"pq6dq46d tbxw36s4 knj5qynh kvgmc6g5 ditlmg2l oygrvhab nvdbi5me sf5mxxl7 gl3lb2sf hhz5lgdu\"><img loading=\"lazy\" decoding=\"async\" src=\"https:\/\/static.xx.fbcdn.net\/images\/emoji.php\/v9\/tb7\/1\/16\/1f917.png\" alt=\"\ud83e\udd17\" width=\"16\" height=\"16\" \/><\/span><br \/>\nEquip Nins\u00a0<span class=\"pq6dq46d tbxw36s4 knj5qynh kvgmc6g5 ditlmg2l oygrvhab nvdbi5me sf5mxxl7 gl3lb2sf hhz5lgdu\"><img loading=\"lazy\" decoding=\"async\" src=\"https:\/\/static.xx.fbcdn.net\/images\/emoji.php\/v9\/tea\/1\/16\/1f970.png\" alt=\"\ud83e\udd70\" width=\"16\" height=\"16\" \/><\/span><\/p>\n<p><a href=\"https:\/\/agora.xtec.cat\/llarinfantsninscamprodon\/wp-content\/uploads\/usu2440\/2021\/07\/222099062_2972068306374467_2327931379377842693_n.jpg\"><img loading=\"lazy\" decoding=\"async\" class=\"aligncenter size-large wp-image-951\" src=\"https:\/\/agora.xtec.cat\/llarinfantsninscamprodon\/wp-content\/uploads\/usu2440\/2021\/07\/222099062_2972068306374467_2327931379377842693_n-1024x768.jpg\" alt=\"\" width=\"1024\" height=\"768\" srcset=\"https:\/\/agora.xtec.cat\/llarinfantsninscamprodon\/wp-content\/uploads\/usu2440\/2021\/07\/222099062_2972068306374467_2327931379377842693_n-1024x768.jpg 1024w, https:\/\/agora.xtec.cat\/llarinfantsninscamprodon\/wp-content\/uploads\/usu2440\/2021\/07\/222099062_2972068306374467_2327931379377842693_n-300x225.jpg 300w, https:\/\/agora.xtec.cat\/llarinfantsninscamprodon\/wp-content\/uploads\/usu2440\/2021\/07\/222099062_2972068306374467_2327931379377842693_n-768x576.jpg 768w, https:\/\/agora.xtec.cat\/llarinfantsninscamprodon\/wp-content\/uploads\/usu2440\/2021\/07\/222099062_2972068306374467_2327931379377842693_n-200x150.jpg 200w, https:\/\/agora.xtec.cat\/llarinfantsninscamprodon\/wp-content\/uploads\/usu2440\/2021\/07\/222099062_2972068306374467_2327931379377842693_n.jpg 1080w\" sizes=\"auto, (max-width: 1024px) 100vw, 1024px\" \/><\/a><\/p>\n","protected":false},"excerpt":{"rendered":"<p>Un curs una mica complicat per\u00f2 finalment molt profit\u00f3s i ple d&#8217;experi\u00e8ncies compartides. Treballant conjuntament, seguint les mesures establertes i aconseguint que la Llar no hagi patit cap confinament!<br \/>\nUs volem agrair la confian\u00e7a dipositada en nosaltres. Poder acompanyar-vos en el creixement dels vostres fills&hellip;  <a href=\"https:\/\/agora.xtec.cat\/llarinfantsninscamprodon\/general\/acaba-el-curs-2020-2021\/\" title=\"Read Acaba el curs 2020-2021!\">Llegeix m\u00e9s\u00bb<\/a><\/p>\n","protected":false},"author":1,"featured_media":951,"comment_status":"open","ping_status":"closed","sticky":false,"template":"","format":"standard","meta":{"_bbp_topic_count":0,"_bbp_reply_count":0,"_bbp_total_topic_count":0,"_bbp_total_reply_count":0,"_bbp_voice_count":0,"_bbp_anonymous_reply_count":0,"_bbp_topic_count_hidden":0,"_bbp_reply_count_hidden":0,"_bbp_forum_subforum_count":0,"footnotes":""},"categories":[7,1,9,60,8,3,4],"tags":[],"class_list":["post-950","post","type-post","status-publish","format-standard","has-post-thumbnail","hentry","category-afa","category-general","category-grans","category-inici","category-mitjans","category-petits","category-portada"],"post_mailing_queue_ids":[],"_links":{"self":[{"href":"https:\/\/agora.xtec.cat\/llarinfantsninscamprodon\/wp-json\/wp\/v2\/posts\/950","targetHints":{"allow":["GET"]}}],"collection":[{"href":"https:\/\/agora.xtec.cat\/llarinfantsninscamprodon\/wp-json\/wp\/v2\/posts"}],"about":[{"href":"https:\/\/agora.xtec.cat\/llarinfantsninscamprodon\/wp-json\/wp\/v2\/types\/post"}],"author":[{"embeddable":true,"href":"https:\/\/agora.xtec.cat\/llarinfantsninscamprodon\/wp-json\/wp\/v2\/users\/1"}],"replies":[{"embeddable":true,"href":"https:\/\/agora.xtec.cat\/llarinfantsninscamprodon\/wp-json\/wp\/v2\/comments?post=950"}],"version-history":[{"count":1,"href":"https:\/\/agora.xtec.cat\/llarinfantsninscamprodon\/wp-json\/wp\/v2\/posts\/950\/revisions"}],"predecessor-version":[{"id":952,"href":"https:\/\/agora.xtec.cat\/llarinfantsninscamprodon\/wp-json\/wp\/v2\/posts\/950\/revisions\/952"}],"wp:featuredmedia":[{"embeddable":true,"href":"https:\/\/agora.xtec.cat\/llarinfantsninscamprodon\/wp-json\/wp\/v2\/media\/951"}],"wp:attachment":[{"href":"https:\/\/agora.xtec.cat\/llarinfantsninscamprodon\/wp-json\/wp\/v2\/media?parent=950"}],"wp:term":[{"taxonomy":"category","embeddable":true,"href":"https:\/\/agora.xtec.cat\/llarinfantsninscamprodon\/wp-json\/wp\/v2\/categories?post=950"},{"taxonomy":"post_tag","embeddable":true,"href":"https:\/\/agora.xtec.cat\/llarinfantsninscamprodon\/wp-json\/wp\/v2\/tags?post=950"}],"curies":[{"name":"wp","href":"https:\/\/api.w.org\/{rel}","templated":true}]}}