{"id":902,"date":"2021-06-30T15:41:48","date_gmt":"2021-06-30T13:41:48","guid":{"rendered":"https:\/\/agora.xtec.cat\/llarinfantsninscamprodon\/?p=902"},"modified":"2021-06-30T17:08:11","modified_gmt":"2021-06-30T15:08:11","slug":"casalet-destiu-2021","status":"publish","type":"post","link":"https:\/\/agora.xtec.cat\/llarinfantsninscamprodon\/general\/casalet-destiu-2021\/","title":{"rendered":"CASALET D&#8217;ESTIU 2021"},"content":{"rendered":"<p>Un any m\u00e9s l&#8217;Ajuntament de Camprodon organitza el Casalet d&#8217;Estiu de la Llar d&#8217;Infants Nins ajudant aix\u00ed a les fam\u00edlies a compatibilitzar la vida professional amb la familiar, obrint gaireb\u00e9 tot l&#8217;any aquest servei. Aquest any l&#8217;activitat tamb\u00e9 la dur\u00e0 a terme Bastiments Aventura.<\/p>\n<p>El Casalet s&#8217;iniciar\u00e0 dilluns 26 de juliol fins a divendres 27 d&#8217;agost dins les instal\u2022lacions de la Llar.<\/p>\n<p>Us fem arribar adjunta tota la informaci\u00f3. La trobareu a la part final d&#8217;aquest escrit.<\/p>\n<p>Cal que feu arribar la inscripci\u00f3 i la declaraci\u00f3 responsable degudament complimentada i signada per correu electr\u00f2nic a: <a href=\"mailto:activitats@bastimentsaventura.com\">activitats@bastimentsaventura.com<\/a>, per whatsapp al 629031582 (Marc Navarro) o de manera presencial a la Casa de Col\u00f2nies Torre del Coll: Carrer Sant Antoni, 9 Camprodon.<\/p>\n<p>Gr\u00e0cies!<\/p>\n<p>Inscripci\u00f3 al Casalet d&#8217;Estiu 2021: <a href=\"https:\/\/drive.google.com\/file\/d\/1HysFmx916VL4tfOjYUOcIL6FlIsdfUzA\/view?usp=sharing\">https:\/\/drive.google.com\/file\/d\/1HysFmx916VL4tfOjYUOcIL6FlIsdfUzA\/view?usp=sharing<\/a><\/p>\n<p>Informaci\u00f3 fam\u00edlies Casalet d&#8217;Estiu 2021:<a href=\"https:\/\/drive.google.com\/file\/d\/154gemau9IqpoEYwqHZAtPqMj3u_exy3j\/view?usp=sharing\">https:\/\/drive.google.com\/file\/d\/154gemau9IqpoEYwqHZAtPqMj3u_exy3j\/view?usp=sharing<\/a><\/p>\n<p>Declaraci\u00f3 responsable Casalet d&#8217;Estiu 2021:<a href=\"https:\/\/drive.google.com\/file\/d\/1MKENQFmNCAa2RuMImSVIiqeJSFPbkjO6\/view?usp=sharing\">https:\/\/drive.google.com\/file\/d\/1MKENQFmNCAa2RuMImSVIiqeJSFPbkjO6\/view?usp=sharing<\/a><\/p>\n","protected":false},"excerpt":{"rendered":"<p>Un any m\u00e9s l&#8217;Ajuntament de Camprodon organitza el Casalet d&#8217;Estiu de la Llar d&#8217;Infants Nins ajudant aix\u00ed a les fam\u00edlies a compatibilitzar la vida professional amb la familiar, obrint gaireb\u00e9 tot l&#8217;any aquest servei. Aquest any l&#8217;activitat tamb\u00e9 la dur\u00e0 a terme Bastiments Aventura.<br \/>\nEl Casalet&hellip;  <a href=\"https:\/\/agora.xtec.cat\/llarinfantsninscamprodon\/general\/casalet-destiu-2021\/\" title=\"Read CASALET D&#8217;ESTIU 2021\">Llegeix m\u00e9s\u00bb<\/a><\/p>\n","protected":false},"author":1,"featured_media":905,"comment_status":"open","ping_status":"closed","sticky":false,"template":"","format":"standard","meta":{"_bbp_topic_count":0,"_bbp_reply_count":0,"_bbp_total_topic_count":0,"_bbp_total_reply_count":0,"_bbp_voice_count":0,"_bbp_anonymous_reply_count":0,"_bbp_topic_count_hidden":0,"_bbp_reply_count_hidden":0,"_bbp_forum_subforum_count":0,"footnotes":""},"categories":[1,9,60,8,3,4],"tags":[],"class_list":["post-902","post","type-post","status-publish","format-standard","has-post-thumbnail","hentry","category-general","category-grans","category-inici","category-mitjans","category-petits","category-portada"],"post_mailing_queue_ids":[],"_links":{"self":[{"href":"https:\/\/agora.xtec.cat\/llarinfantsninscamprodon\/wp-json\/wp\/v2\/posts\/902","targetHints":{"allow":["GET"]}}],"collection":[{"href":"https:\/\/agora.xtec.cat\/llarinfantsninscamprodon\/wp-json\/wp\/v2\/posts"}],"about":[{"href":"https:\/\/agora.xtec.cat\/llarinfantsninscamprodon\/wp-json\/wp\/v2\/types\/post"}],"author":[{"embeddable":true,"href":"https:\/\/agora.xtec.cat\/llarinfantsninscamprodon\/wp-json\/wp\/v2\/users\/1"}],"replies":[{"embeddable":true,"href":"https:\/\/agora.xtec.cat\/llarinfantsninscamprodon\/wp-json\/wp\/v2\/comments?post=902"}],"version-history":[{"count":1,"href":"https:\/\/agora.xtec.cat\/llarinfantsninscamprodon\/wp-json\/wp\/v2\/posts\/902\/revisions"}],"predecessor-version":[{"id":903,"href":"https:\/\/agora.xtec.cat\/llarinfantsninscamprodon\/wp-json\/wp\/v2\/posts\/902\/revisions\/903"}],"wp:featuredmedia":[{"embeddable":true,"href":"https:\/\/agora.xtec.cat\/llarinfantsninscamprodon\/wp-json\/wp\/v2\/media\/905"}],"wp:attachment":[{"href":"https:\/\/agora.xtec.cat\/llarinfantsninscamprodon\/wp-json\/wp\/v2\/media?parent=902"}],"wp:term":[{"taxonomy":"category","embeddable":true,"href":"https:\/\/agora.xtec.cat\/llarinfantsninscamprodon\/wp-json\/wp\/v2\/categories?post=902"},{"taxonomy":"post_tag","embeddable":true,"href":"https:\/\/agora.xtec.cat\/llarinfantsninscamprodon\/wp-json\/wp\/v2\/tags?post=902"}],"curies":[{"name":"wp","href":"https:\/\/api.w.org\/{rel}","templated":true}]}}