{"id":883,"date":"2021-05-14T19:45:35","date_gmt":"2021-05-14T17:45:35","guid":{"rendered":"https:\/\/agora.xtec.cat\/llarinfantsninscamprodon\/?p=883"},"modified":"2021-07-24T11:11:28","modified_gmt":"2021-07-24T09:11:28","slug":"la-nostra-juana","status":"publish","type":"post","link":"https:\/\/agora.xtec.cat\/llarinfantsninscamprodon\/general\/la-nostra-juana\/","title":{"rendered":"La nostra Juana"},"content":{"rendered":"<div class=\"\" dir=\"auto\">\n<div class=\"\" dir=\"auto\">\n<div class=\"ecm0bbzt hv4rvrfc ihqw7lf3 dati1w0a\" data-ad-comet-preview=\"message\" data-ad-preview=\"message\">\n<div class=\"j83agx80 cbu4d94t ew0dbk1b irj2b8pg\">\n<div class=\"qzhwtbm6 knvmm38d\">\n<div class=\"kvgmc6g5 cxmmr5t8 oygrvhab hcukyx3x c1et5uql ii04i59q\">\n<div dir=\"auto\">La Juana, la nostra cuinera des de fa m\u00e9s de 10 anys se&#8217;ns jubila<span class=\"pq6dq46d tbxw36s4 knj5qynh kvgmc6g5 ditlmg2l oygrvhab nvdbi5me sf5mxxl7 gl3lb2sf hhz5lgdu\"><img loading=\"lazy\" decoding=\"async\" src=\"https:\/\/static.xx.fbcdn.net\/images\/emoji.php\/v9\/t77\/1\/16\/203c.png\" alt=\"\u203c\ufe0f\" width=\"16\" height=\"16\" \/><\/span><\/div>\n<div dir=\"auto\">Una persona entranyable i estimada per tothom, petits i grans.<\/div>\n<div dir=\"auto\">La Juana ha format part de l&#8217;Equip Nins des del seu primer dia. En contacte estret i directe amb tots els infants, perqu\u00e8 la seva feina a la Llar ha estat molt important per a tots nosaltres, un pilar fonamental. Oferint als infants un men\u00fa saludable i equilibrat, passant del triturat al s\u00f2lid, segons les necessitats de cada infant. Amb molta cura i atenci\u00f3.<\/div>\n<div dir=\"auto\">Gr\u00e0cies per la teva feina Juana! Et trobarem mooolt a faltar. Gaudeix d&#8217;aquesta merescuda nova etapa!<\/div>\n<div dir=\"auto\">T&#8217;estimem!!<\/div>\n<div dir=\"auto\"><\/div>\n<div dir=\"auto\"><\/div>\n<div dir=\"auto\"><a href=\"https:\/\/agora.xtec.cat\/llarinfantsninscamprodon\/wp-content\/uploads\/usu2440\/2021\/05\/186378462_5519581198114548_3196424973010297370_n.jpg\"><img loading=\"lazy\" decoding=\"async\" class=\"aligncenter wp-image-885 size-large\" src=\"https:\/\/agora.xtec.cat\/llarinfantsninscamprodon\/wp-content\/uploads\/usu2440\/2021\/05\/186378462_5519581198114548_3196424973010297370_n-1024x576.jpg\" alt=\"\" width=\"1024\" height=\"576\" srcset=\"https:\/\/agora.xtec.cat\/llarinfantsninscamprodon\/wp-content\/uploads\/usu2440\/2021\/05\/186378462_5519581198114548_3196424973010297370_n-1024x576.jpg 1024w, https:\/\/agora.xtec.cat\/llarinfantsninscamprodon\/wp-content\/uploads\/usu2440\/2021\/05\/186378462_5519581198114548_3196424973010297370_n-300x169.jpg 300w, https:\/\/agora.xtec.cat\/llarinfantsninscamprodon\/wp-content\/uploads\/usu2440\/2021\/05\/186378462_5519581198114548_3196424973010297370_n-768x432.jpg 768w, https:\/\/agora.xtec.cat\/llarinfantsninscamprodon\/wp-content\/uploads\/usu2440\/2021\/05\/186378462_5519581198114548_3196424973010297370_n.jpg 2016w\" sizes=\"auto, (max-width: 1024px) 100vw, 1024px\" \/><\/a><\/div>\n<\/div>\n<\/div>\n<\/div>\n<\/div>\n<\/div>\n<\/div>\n<div dir=\"auto\"><\/div>\n<div dir=\"auto\"><\/div>\n<div dir=\"auto\"><\/div>\n<div class=\"\" dir=\"auto\">\n<div class=\"\" dir=\"auto\">\n<div class=\"ecm0bbzt hv4rvrfc ihqw7lf3 dati1w0a\" data-ad-comet-preview=\"message\" data-ad-preview=\"message\">\n<div class=\"j83agx80 cbu4d94t ew0dbk1b irj2b8pg\">\n<div class=\"qzhwtbm6 knvmm38d\">\n<div class=\"kvgmc6g5 cxmmr5t8 oygrvhab hcukyx3x c1et5uql ii04i59q\">\n<div dir=\"auto\"><a href=\"https:\/\/agora.xtec.cat\/llarinfantsninscamprodon\/wp-content\/uploads\/usu2440\/2021\/05\/186423676_5519581028114565_8900550559732672015_n.jpg\"><img loading=\"lazy\" decoding=\"async\" class=\"aligncenter wp-image-886 size-large\" src=\"https:\/\/agora.xtec.cat\/llarinfantsninscamprodon\/wp-content\/uploads\/usu2440\/2021\/05\/186423676_5519581028114565_8900550559732672015_n-1024x576.jpg\" alt=\"\" width=\"1024\" height=\"576\" srcset=\"https:\/\/agora.xtec.cat\/llarinfantsninscamprodon\/wp-content\/uploads\/usu2440\/2021\/05\/186423676_5519581028114565_8900550559732672015_n-1024x576.jpg 1024w, https:\/\/agora.xtec.cat\/llarinfantsninscamprodon\/wp-content\/uploads\/usu2440\/2021\/05\/186423676_5519581028114565_8900550559732672015_n-300x169.jpg 300w, https:\/\/agora.xtec.cat\/llarinfantsninscamprodon\/wp-content\/uploads\/usu2440\/2021\/05\/186423676_5519581028114565_8900550559732672015_n-768x432.jpg 768w, https:\/\/agora.xtec.cat\/llarinfantsninscamprodon\/wp-content\/uploads\/usu2440\/2021\/05\/186423676_5519581028114565_8900550559732672015_n.jpg 2016w\" sizes=\"auto, (max-width: 1024px) 100vw, 1024px\" \/><\/a><\/div>\n<\/div>\n<\/div>\n<\/div>\n<\/div>\n<\/div>\n<\/div>\n","protected":false},"excerpt":{"rendered":"<p>La Juana, la nostra cuinera des de fa m\u00e9s de 10 anys se&#8217;ns jubila<br \/>\nUna persona entranyable i estimada per tothom, petits i grans.<br \/>\nLa Juana ha format part de l&#8217;Equip Nins des del seu primer dia. En contacte estret i directe amb tots els infants, perqu\u00e8&hellip;  <a href=\"https:\/\/agora.xtec.cat\/llarinfantsninscamprodon\/general\/la-nostra-juana\/\" title=\"Read La nostra Juana\">Llegeix m\u00e9s\u00bb<\/a><\/p>\n","protected":false},"author":1,"featured_media":885,"comment_status":"open","ping_status":"closed","sticky":false,"template":"","format":"standard","meta":{"_bbp_topic_count":0,"_bbp_reply_count":0,"_bbp_total_topic_count":0,"_bbp_total_reply_count":0,"_bbp_voice_count":0,"_bbp_anonymous_reply_count":0,"_bbp_topic_count_hidden":0,"_bbp_reply_count_hidden":0,"_bbp_forum_subforum_count":0,"footnotes":""},"categories":[1,60,4],"tags":[],"class_list":["post-883","post","type-post","status-publish","format-standard","has-post-thumbnail","hentry","category-general","category-inici","category-portada"],"post_mailing_queue_ids":[],"_links":{"self":[{"href":"https:\/\/agora.xtec.cat\/llarinfantsninscamprodon\/wp-json\/wp\/v2\/posts\/883","targetHints":{"allow":["GET"]}}],"collection":[{"href":"https:\/\/agora.xtec.cat\/llarinfantsninscamprodon\/wp-json\/wp\/v2\/posts"}],"about":[{"href":"https:\/\/agora.xtec.cat\/llarinfantsninscamprodon\/wp-json\/wp\/v2\/types\/post"}],"author":[{"embeddable":true,"href":"https:\/\/agora.xtec.cat\/llarinfantsninscamprodon\/wp-json\/wp\/v2\/users\/1"}],"replies":[{"embeddable":true,"href":"https:\/\/agora.xtec.cat\/llarinfantsninscamprodon\/wp-json\/wp\/v2\/comments?post=883"}],"version-history":[{"count":3,"href":"https:\/\/agora.xtec.cat\/llarinfantsninscamprodon\/wp-json\/wp\/v2\/posts\/883\/revisions"}],"predecessor-version":[{"id":958,"href":"https:\/\/agora.xtec.cat\/llarinfantsninscamprodon\/wp-json\/wp\/v2\/posts\/883\/revisions\/958"}],"wp:featuredmedia":[{"embeddable":true,"href":"https:\/\/agora.xtec.cat\/llarinfantsninscamprodon\/wp-json\/wp\/v2\/media\/885"}],"wp:attachment":[{"href":"https:\/\/agora.xtec.cat\/llarinfantsninscamprodon\/wp-json\/wp\/v2\/media?parent=883"}],"wp:term":[{"taxonomy":"category","embeddable":true,"href":"https:\/\/agora.xtec.cat\/llarinfantsninscamprodon\/wp-json\/wp\/v2\/categories?post=883"},{"taxonomy":"post_tag","embeddable":true,"href":"https:\/\/agora.xtec.cat\/llarinfantsninscamprodon\/wp-json\/wp\/v2\/tags?post=883"}],"curies":[{"name":"wp","href":"https:\/\/api.w.org\/{rel}","templated":true}]}}