{"id":950,"date":"2021-03-05T11:47:00","date_gmt":"2021-03-05T10:47:00","guid":{"rendered":"https:\/\/agora.xtec.cat\/llarelsangels\/?p=950"},"modified":"2023-06-15T11:24:35","modified_gmt":"2023-06-15T09:24:35","slug":"portes-obertes-curs-2021-22","status":"publish","type":"post","link":"https:\/\/agora.xtec.cat\/llarelsangels\/general\/portes-obertes-curs-2021-22\/","title":{"rendered":"Portes Obertes curs 2021-22"},"content":{"rendered":"<p><a href=\"https:\/\/agora.xtec.cat\/llarelsangels\/wp-content\/uploads\/usu1591\/2021\/03\/banner-verd-preins-web-centres.png\"><img loading=\"lazy\" decoding=\"async\" class=\"alignnone wp-image-930\" src=\"https:\/\/agora.xtec.cat\/llarelsangels\/wp-content\/uploads\/usu1591\/2021\/03\/banner-verd-preins-web-centres.png\" alt=\"\" width=\"593\" height=\"112\" srcset=\"https:\/\/agora.xtec.cat\/llarelsangels\/wp-content\/uploads\/usu1591\/2021\/03\/banner-verd-preins-web-centres.png 900w, https:\/\/agora.xtec.cat\/llarelsangels\/wp-content\/uploads\/usu1591\/2021\/03\/banner-verd-preins-web-centres-300x57.png 300w, https:\/\/agora.xtec.cat\/llarelsangels\/wp-content\/uploads\/usu1591\/2021\/03\/banner-verd-preins-web-centres-768x145.png 768w\" sizes=\"auto, (max-width: 593px) 100vw, 593px\" \/><\/a><\/p>\n<p>Les jornades de portes obertes seran el <strong>dimarts 20<\/strong> i el <strong>dimecres 21 d&#8217;abril<\/strong> de 2021.<\/p>\n<p>Tota la informaci\u00f3 que us donem a la visita presencial es penjar\u00e0 tamb\u00e9 a la web.<\/p>\n<ul>\n<li>Nom\u00e9s es pot accedir amb reserva de cita pr\u00e8via<\/li>\n<li>Nom\u00e9s podr\u00e0 assistir una persona per cita i sense infants.<\/li>\n<li>Caldr\u00e0 mantenir les normes de seguretat i salut: mascareta, temperatura, gel hidroalcoh\u00f2lic, i desinfecci\u00f3 del cal\u00e7at a la catifa desinfectant.<\/li>\n<li>Es prega no passar dins l&#8217;espai d&#8217;\u00fas dels infants que haurem delimitat.<\/li>\n<\/ul>\n<p>A partir del 15 de mar\u00e7 podreu fer la reserva de visita. Contacteu telef\u00f2nicament a la llar d&#8217;infants.<\/p>\n<p>&nbsp;<\/p>\n<p>En cas que per la situaci\u00f3 de la pand\u00e8mia no es pugui fer la visita presencial rebreu un correu electr\u00f2nic amb la informaci\u00f3 necess\u00e0ria.<\/p>\n<p>&nbsp;<\/p>\n","protected":false},"excerpt":{"rendered":"<p><a href=\"https:\/\/agora.xtec.cat\/llarelsangels\/wp-content\/uploads\/usu1591\/2021\/03\/banner-verd-preins-web-centres.png\"><\/a><br \/>\nLes jornades de portes obertes seran el dimarts 20 i el dimecres 21 d&#8217;abril de 2021.<br \/>\nTota la informaci\u00f3 que us donem a la visita presencial es penjar\u00e0 tamb\u00e9 a la web.<\/p>\n<ul>\n<li>Nom\u00e9s es pot accedir amb reserva de cita pr\u00e8via<\/li>\n<li>Nom\u00e9s podr\u00e0 assistir una persona per&hellip;  <a href=\"https:\/\/agora.xtec.cat\/llarelsangels\/general\/portes-obertes-curs-2021-22\/\" title=\"Read Portes Obertes curs 2021-22\">Llegeix m\u00e9s\u00bb<\/a><br \/>\n","protected":false},"author":1,"featured_media":0,"comment_status":"closed","ping_status":"closed","sticky":false,"template":"","format":"standard","meta":{"_bbp_topic_count":0,"_bbp_reply_count":0,"_bbp_total_topic_count":0,"_bbp_total_reply_count":0,"_bbp_voice_count":0,"_bbp_anonymous_reply_count":0,"_bbp_topic_count_hidden":0,"_bbp_reply_count_hidden":0,"_bbp_forum_subforum_count":0,"footnotes":""},"categories":[1],"tags":[79,64],"class_list":["post-950","post","type-post","status-publish","format-standard","hentry","category-general","tag-curs-2021-22","tag-jornada-de-portes-obertes"],"post_mailing_queue_ids":[],"_links":{"self":[{"href":"https:\/\/agora.xtec.cat\/llarelsangels\/wp-json\/wp\/v2\/posts\/950","targetHints":{"allow":["GET"]}}],"collection":[{"href":"https:\/\/agora.xtec.cat\/llarelsangels\/wp-json\/wp\/v2\/posts"}],"about":[{"href":"https:\/\/agora.xtec.cat\/llarelsangels\/wp-json\/wp\/v2\/types\/post"}],"author":[{"embeddable":true,"href":"https:\/\/agora.xtec.cat\/llarelsangels\/wp-json\/wp\/v2\/users\/1"}],"replies":[{"embeddable":true,"href":"https:\/\/agora.xtec.cat\/llarelsangels\/wp-json\/wp\/v2\/comments?post=950"}],"version-history":[{"count":1,"href":"https:\/\/agora.xtec.cat\/llarelsangels\/wp-json\/wp\/v2\/posts\/950\/revisions"}],"predecessor-version":[{"id":951,"href":"https:\/\/agora.xtec.cat\/llarelsangels\/wp-json\/wp\/v2\/posts\/950\/revisions\/951"}],"wp:attachment":[{"href":"https:\/\/agora.xtec.cat\/llarelsangels\/wp-json\/wp\/v2\/media?parent=950"}],"wp:term":[{"taxonomy":"category","embeddable":true,"href":"https:\/\/agora.xtec.cat\/llarelsangels\/wp-json\/wp\/v2\/categories?post=950"},{"taxonomy":"post_tag","embeddable":true,"href":"https:\/\/agora.xtec.cat\/llarelsangels\/wp-json\/wp\/v2\/tags?post=950"}],"curies":[{"name":"wp","href":"https:\/\/api.w.org\/{rel}","templated":true}]}}