{"id":742,"date":"2020-09-10T15:32:40","date_gmt":"2020-09-10T13:32:40","guid":{"rendered":"https:\/\/agora.xtec.cat\/llarelsangels\/?p=742"},"modified":"2022-02-16T09:18:28","modified_gmt":"2022-02-16T08:18:28","slug":"pla-dactuacio-en-el-marc-de-la-covid-19","status":"publish","type":"post","link":"https:\/\/agora.xtec.cat\/llarelsangels\/general\/pla-dactuacio-en-el-marc-de-la-covid-19\/","title":{"rendered":"Pla d&#8217;actuaci\u00f3 en el marc de la COVID-19"},"content":{"rendered":"<p>El Consell Escolar de la llar d&#8217;infants ha aprovat el Pla d&#8217;actuaci\u00f3 2020-21 en el marc de la pand\u00e8mia per la COVID-19, que regeix tots els protocols que s&#8217;aplicaran a la llar.<\/p>\n<p>Aquest Pla est\u00e0 subjecte a les variacions que puguin anar establint les autoritats sanit\u00e0ries en funci\u00f3 de l&#8217;evoluci\u00f3 de la pand\u00e8mia.<\/p>\n<p>https:\/\/drive.google.com\/file\/d\/1nAd80FWhbUqSgi-X4zEzjmdN2nFK1wQj\/view?usp=sharing<\/p>\n<p>&nbsp;<\/p>\n","protected":false},"excerpt":{"rendered":"<p>El Consell Escolar de la llar d&#8217;infants ha aprovat el Pla d&#8217;actuaci\u00f3 2020-21 en el marc de la pand\u00e8mia per la COVID-19, que regeix tots els protocols que s&#8217;aplicaran a la llar.<br \/>\nAquest Pla est\u00e0 subjecte a les variacions que puguin anar establint les autoritats sanit\u00e0ries&hellip;  <a href=\"https:\/\/agora.xtec.cat\/llarelsangels\/general\/pla-dactuacio-en-el-marc-de-la-covid-19\/\" title=\"Read Pla d&#8217;actuaci\u00f3 en el marc de la COVID-19\">Llegeix m\u00e9s\u00bb<\/a><\/p>\n","protected":false},"author":1,"featured_media":0,"comment_status":"closed","ping_status":"closed","sticky":false,"template":"","format":"standard","meta":{"_bbp_topic_count":0,"_bbp_reply_count":0,"_bbp_total_topic_count":0,"_bbp_total_reply_count":0,"_bbp_voice_count":0,"_bbp_anonymous_reply_count":0,"_bbp_topic_count_hidden":0,"_bbp_reply_count_hidden":0,"_bbp_forum_subforum_count":0,"footnotes":""},"categories":[1,4],"tags":[72,69,77,65,70,74],"class_list":["post-742","post","type-post","status-publish","format-standard","hentry","category-general","category-portada","tag-cargols","tag-conills","tag-curs-2020-21","tag-peixos","tag-pollets","tag-tortugues"],"post_mailing_queue_ids":[],"_links":{"self":[{"href":"https:\/\/agora.xtec.cat\/llarelsangels\/wp-json\/wp\/v2\/posts\/742","targetHints":{"allow":["GET"]}}],"collection":[{"href":"https:\/\/agora.xtec.cat\/llarelsangels\/wp-json\/wp\/v2\/posts"}],"about":[{"href":"https:\/\/agora.xtec.cat\/llarelsangels\/wp-json\/wp\/v2\/types\/post"}],"author":[{"embeddable":true,"href":"https:\/\/agora.xtec.cat\/llarelsangels\/wp-json\/wp\/v2\/users\/1"}],"replies":[{"embeddable":true,"href":"https:\/\/agora.xtec.cat\/llarelsangels\/wp-json\/wp\/v2\/comments?post=742"}],"version-history":[{"count":3,"href":"https:\/\/agora.xtec.cat\/llarelsangels\/wp-json\/wp\/v2\/posts\/742\/revisions"}],"predecessor-version":[{"id":1080,"href":"https:\/\/agora.xtec.cat\/llarelsangels\/wp-json\/wp\/v2\/posts\/742\/revisions\/1080"}],"wp:attachment":[{"href":"https:\/\/agora.xtec.cat\/llarelsangels\/wp-json\/wp\/v2\/media?parent=742"}],"wp:term":[{"taxonomy":"category","embeddable":true,"href":"https:\/\/agora.xtec.cat\/llarelsangels\/wp-json\/wp\/v2\/categories?post=742"},{"taxonomy":"post_tag","embeddable":true,"href":"https:\/\/agora.xtec.cat\/llarelsangels\/wp-json\/wp\/v2\/tags?post=742"}],"curies":[{"name":"wp","href":"https:\/\/api.w.org\/{rel}","templated":true}]}}