{"id":728,"date":"2020-06-15T12:35:19","date_gmt":"2020-06-15T10:35:19","guid":{"rendered":"https:\/\/agora.xtec.cat\/llarelsangels\/?p=728"},"modified":"2023-06-15T11:28:07","modified_gmt":"2023-06-15T09:28:07","slug":"matricules-curs-2020-21","status":"publish","type":"post","link":"https:\/\/agora.xtec.cat\/llarelsangels\/general\/matricules-curs-2020-21\/","title":{"rendered":"MATR\u00cdCULES CURS 2020-21"},"content":{"rendered":"<div><\/div>\n<p>Totes les preinscripcions presentades a la llar d&#8217;infants Els \u00c0ngels han estat <strong>admeses.<\/strong> Podeu iniciar el tr\u00e0mit de matr\u00edcula.<\/p>\n<p>Les matr\u00edcules es fan de forma presencial a partir del dimecres 17. \u00c9s imprescindible demanar <strong>cita pr\u00e8via<\/strong> al tel\u00e8fon 937163842.<a href=\"https:\/\/drive.google.com\/open?id=1OQAgPhnIVqNpeqXDV9c73iITf7I4BrZfT-k8MKePjDw\"><br \/>\n<\/a><\/p>\n<p>&nbsp;<\/p>\n<p>La <strong>documentaci\u00f3<\/strong> que haureu de portar quan vingueu a fer la matr\u00edcula \u00e9s:<\/p>\n<ul>\n<li>Carnet de vacunes actualitzat (original)<\/li>\n<li>1 foto de carnet del nen\/a<\/li>\n<li>Els 3 documents que us enllacem omplerts i signats:<\/li>\n<\/ul>\n<ol>\n<li style=\"list-style-type: none;\">\n<ol>\n<li>ordre de domiciliaci\u00f3 de rebuts \u00a0 <sup>https:\/\/drive.google.com\/open?id=1XAYRYnVEFdbNE3cBbXjtNpUyPSlvcG4w<\/sup><\/li>\n<li>autoritzaci\u00f3 d&#8217;imatges i sortides\u00a0\u00a0<sup> https:\/\/drive.google.com\/open?id=1NWrb-z09N8ybAa3880r59su9vrmC_O47<\/sup> Les sortides que s&#8217;autoritzen aqu\u00ed s\u00f3n les que es fan pel barri, no les que es fan en autocar que tenen una autoritzaci\u00f3 espec\u00edfica.<\/li>\n<li>carta de comprom\u00eds educatiu\u00a0\u00a0 <sup>https:\/\/drive.google.com\/open?id=1jFnu4yD8_mwKyTULujR1ru3j-9BXO-wM<\/sup> La carta de comprom\u00eds educatiu \u00e9s obligat\u00f2ria a tots els centres educatius i est\u00e0 aprovada pel Consell Escolar.<\/li>\n<\/ol>\n<\/li>\n<li style=\"list-style-type: none;\"><\/li>\n<\/ol>\n<div>\n<div>\n<div dir=\"ltr\" data-smartmail=\"gmail_signature\">\n<div dir=\"ltr\">\n<div>\n<div dir=\"ltr\">\n<div>\n<div dir=\"ltr\">\n<div>\n<div dir=\"ltr\">\n<div>\n<div dir=\"ltr\">\n<div>\n<div dir=\"ltr\">\n<div>\n<p>&nbsp;<\/p>\n<p><span style=\"font-family: verdana,sans-serif;\">Per fer la matr\u00edcula haureu de <strong>venir una sola persona<\/strong>, amb la mascareta i us donarem gel hidroalcoh\u00f2lic a l&#8217;entrada per posar-vos.<br \/>\n<\/span><\/p>\n<\/div>\n<\/div>\n<\/div>\n<\/div>\n<\/div>\n<\/div>\n<\/div>\n<\/div>\n<\/div>\n<\/div>\n<\/div>\n<\/div>\n<\/div>\n<\/div>\n<\/div>\n","protected":false},"excerpt":{"rendered":"<p>Totes les preinscripcions presentades a la llar d&#8217;infants Els \u00c0ngels han estat admeses. Podeu iniciar el tr\u00e0mit de matr\u00edcula.<br \/>\nLes matr\u00edcules es fan de forma presencial a partir del dimecres 17. \u00c9s imprescindible demanar cita pr\u00e8via al tel\u00e8fon 937163842.<a href=\"https:\/\/drive.google.com\/open?id=1OQAgPhnIVqNpeqXDV9c73iITf7I4BrZfT-k8MKePjDw\"><br \/>\n<\/a><br \/>\n&nbsp;<br \/>\nLa documentaci\u00f3 que haureu de portar quan&hellip;  <a href=\"https:\/\/agora.xtec.cat\/llarelsangels\/general\/matricules-curs-2020-21\/\" title=\"Read MATR\u00cdCULES CURS 2020-21\">Llegeix m\u00e9s\u00bb<\/a><\/p>\n","protected":false},"author":1,"featured_media":0,"comment_status":"closed","ping_status":"closed","sticky":false,"template":"","format":"standard","meta":{"_bbp_topic_count":0,"_bbp_reply_count":0,"_bbp_total_topic_count":0,"_bbp_total_reply_count":0,"_bbp_voice_count":0,"_bbp_anonymous_reply_count":0,"_bbp_topic_count_hidden":0,"_bbp_reply_count_hidden":0,"_bbp_forum_subforum_count":0,"footnotes":""},"categories":[1],"tags":[78,76],"class_list":["post-728","post","type-post","status-publish","format-standard","hentry","category-general","tag-matricules","tag-preinscripcions"],"post_mailing_queue_ids":[],"_links":{"self":[{"href":"https:\/\/agora.xtec.cat\/llarelsangels\/wp-json\/wp\/v2\/posts\/728","targetHints":{"allow":["GET"]}}],"collection":[{"href":"https:\/\/agora.xtec.cat\/llarelsangels\/wp-json\/wp\/v2\/posts"}],"about":[{"href":"https:\/\/agora.xtec.cat\/llarelsangels\/wp-json\/wp\/v2\/types\/post"}],"author":[{"embeddable":true,"href":"https:\/\/agora.xtec.cat\/llarelsangels\/wp-json\/wp\/v2\/users\/1"}],"replies":[{"embeddable":true,"href":"https:\/\/agora.xtec.cat\/llarelsangels\/wp-json\/wp\/v2\/comments?post=728"}],"version-history":[{"count":4,"href":"https:\/\/agora.xtec.cat\/llarelsangels\/wp-json\/wp\/v2\/posts\/728\/revisions"}],"predecessor-version":[{"id":794,"href":"https:\/\/agora.xtec.cat\/llarelsangels\/wp-json\/wp\/v2\/posts\/728\/revisions\/794"}],"wp:attachment":[{"href":"https:\/\/agora.xtec.cat\/llarelsangels\/wp-json\/wp\/v2\/media?parent=728"}],"wp:term":[{"taxonomy":"category","embeddable":true,"href":"https:\/\/agora.xtec.cat\/llarelsangels\/wp-json\/wp\/v2\/categories?post=728"},{"taxonomy":"post_tag","embeddable":true,"href":"https:\/\/agora.xtec.cat\/llarelsangels\/wp-json\/wp\/v2\/tags?post=728"}],"curies":[{"name":"wp","href":"https:\/\/api.w.org\/{rel}","templated":true}]}}