{"id":721,"date":"2022-10-18T09:00:27","date_gmt":"2022-10-18T07:00:27","guid":{"rendered":"https:\/\/agora.xtec.cat\/llarelsangels\/?p=721"},"modified":"2022-10-18T09:45:22","modified_gmt":"2022-10-18T07:45:22","slug":"pla-de-reobertura","status":"publish","type":"post","link":"https:\/\/agora.xtec.cat\/llarelsangels\/general\/pla-de-reobertura\/","title":{"rendered":"Pla Anual de Centre 2022-23"},"content":{"rendered":"<p>En data 20 de setembre de 2022 ha quedat aprovat pel Consell Escolar el Pla Anual de Centre pel curs 2022-23<\/p>\n<p>Aquest document recull el funcionament de la llar, inclosa la nova organitzaci\u00f3 per co-tutories a l&#8217;I2, les sortides i activitats pedag\u00f2giques complement\u00e0ries del curs, les activitats en general, la relaci\u00f3 llar-fam\u00edlies&#8230;<\/p>\n<p>&nbsp;<\/p>\n<p>&nbsp;<\/p>\n","protected":false},"excerpt":{"rendered":"<p>En data 20 de setembre de 2022 ha quedat aprovat pel Consell Escolar el Pla Anual de Centre pel curs 2022-23<br \/>\nAquest document recull el funcionament de la llar, inclosa la nova organitzaci\u00f3 per co-tutories a l&#8217;I2, les sortides i activitats pedag\u00f2giques complement\u00e0ries del curs, les&hellip;  <a href=\"https:\/\/agora.xtec.cat\/llarelsangels\/general\/pla-de-reobertura\/\" title=\"Read Pla Anual de Centre 2022-23\">Llegeix m\u00e9s\u00bb<\/a><\/p>\n","protected":false},"author":1,"featured_media":0,"comment_status":"closed","ping_status":"closed","sticky":false,"template":"","format":"standard","meta":{"_bbp_topic_count":0,"_bbp_reply_count":0,"_bbp_total_topic_count":0,"_bbp_total_reply_count":0,"_bbp_voice_count":0,"_bbp_anonymous_reply_count":0,"_bbp_topic_count_hidden":0,"_bbp_reply_count_hidden":0,"_bbp_forum_subforum_count":0,"footnotes":""},"categories":[1],"tags":[],"class_list":["post-721","post","type-post","status-publish","format-standard","hentry","category-general"],"post_mailing_queue_ids":[],"_links":{"self":[{"href":"https:\/\/agora.xtec.cat\/llarelsangels\/wp-json\/wp\/v2\/posts\/721","targetHints":{"allow":["GET"]}}],"collection":[{"href":"https:\/\/agora.xtec.cat\/llarelsangels\/wp-json\/wp\/v2\/posts"}],"about":[{"href":"https:\/\/agora.xtec.cat\/llarelsangels\/wp-json\/wp\/v2\/types\/post"}],"author":[{"embeddable":true,"href":"https:\/\/agora.xtec.cat\/llarelsangels\/wp-json\/wp\/v2\/users\/1"}],"replies":[{"embeddable":true,"href":"https:\/\/agora.xtec.cat\/llarelsangels\/wp-json\/wp\/v2\/comments?post=721"}],"version-history":[{"count":3,"href":"https:\/\/agora.xtec.cat\/llarelsangels\/wp-json\/wp\/v2\/posts\/721\/revisions"}],"predecessor-version":[{"id":1207,"href":"https:\/\/agora.xtec.cat\/llarelsangels\/wp-json\/wp\/v2\/posts\/721\/revisions\/1207"}],"wp:attachment":[{"href":"https:\/\/agora.xtec.cat\/llarelsangels\/wp-json\/wp\/v2\/media?parent=721"}],"wp:term":[{"taxonomy":"category","embeddable":true,"href":"https:\/\/agora.xtec.cat\/llarelsangels\/wp-json\/wp\/v2\/categories?post=721"},{"taxonomy":"post_tag","embeddable":true,"href":"https:\/\/agora.xtec.cat\/llarelsangels\/wp-json\/wp\/v2\/tags?post=721"}],"curies":[{"name":"wp","href":"https:\/\/api.w.org\/{rel}","templated":true}]}}