{"id":678,"date":"2021-01-21T12:00:46","date_gmt":"2021-01-21T11:00:46","guid":{"rendered":"https:\/\/agora.xtec.cat\/llarelsangels\/?p=678"},"modified":"2022-04-22T12:50:33","modified_gmt":"2022-04-22T10:50:33","slug":"preinscripcions-llars-dinfants","status":"publish","type":"post","link":"https:\/\/agora.xtec.cat\/llarelsangels\/general\/preinscripcions-llars-dinfants\/","title":{"rendered":"Preinscripci\u00f3 llar d&#8217;infants 21-22"},"content":{"rendered":"<p><span style=\"text-decoration: underline;\"><strong>CALENDARI DE PREINSCRIPCIONS:<\/strong><\/span><\/p>\n<table style=\"width: 1003px;\">\n<tbody>\n<tr>\n<td style=\"width: 394px;\">Per\u00edode de preinscripci\u00f3<\/td>\n<td style=\"width: 157.5px;\">Del 10 al 21 de Maig<\/td>\n<td style=\"width: 441.5px;\">Amb cita pr\u00e8via<\/td>\n<\/tr>\n<tr>\n<td style=\"width: 394px;\">Publicaci\u00f3 de les llistes amb el barem<\/td>\n<td style=\"width: 157.5px;\">1 de Juny<\/td>\n<td style=\"width: 441.5px;\">A la llar i a la web de la llar.<\/td>\n<\/tr>\n<tr>\n<td style=\"width: 394px;\">Reclamacions<\/td>\n<td style=\"width: 157.5px;\">Del 2 al 8 de Juny<\/td>\n<td style=\"width: 441.5px;\">Per e-mail es pot fer la reclamaci\u00f3 o demanar hora per fer-la presencialment.<\/td>\n<\/tr>\n<tr>\n<td style=\"width: 394px;\">Sorteig<\/td>\n<td style=\"width: 157.5px;\">9 de Juny<\/td>\n<td style=\"width: 441.5px;\">Es publicar\u00e0 el n\u00famero a la web de la llar.<\/td>\n<\/tr>\n<tr>\n<td style=\"width: 394px;\">Publicaci\u00f3 de les llistes d&#8217;alumnes admesos i llista d&#8217;espera<\/td>\n<td style=\"width: 157.5px;\">15 de Juny<\/td>\n<td style=\"width: 441.5px;\">A la web de la llar i presencialment a la llar. Els admesos ja podran demanar cita pr\u00e8via per a la matriculaci\u00f3<\/td>\n<\/tr>\n<tr>\n<td style=\"width: 394px;\">Per\u00edode de matriculaci\u00f3<\/td>\n<td style=\"width: 157.5px;\">Del 16 al 22 de Juny<\/td>\n<td style=\"width: 441.5px;\">Amb cita pr\u00e8via<\/td>\n<\/tr>\n<\/tbody>\n<\/table>\n<h5><span style=\"text-decoration: underline;\">Algunes consideracions<\/span><\/h5>\n<ol>\n<li>Per obtenir pla\u00e7a en una centre educatiu p\u00fablic cal fer la sol\u00b7licitud de preinscripci\u00f3 dins del termini oficial.<\/li>\n<li>S\u2019ha de presentar una \u00fanica sol\u00b7licitud de preinscripci\u00f3 per a tots els centres sostinguts amb fons p\u00fablics del mateix municipi.<\/li>\n<li>A l\u2019impr\u00e8s de sol\u00b7licitud es poden demanar en segona opci\u00f3 altres escoles bressol.<\/li>\n<li>Per sol\u00b7licitar preinscripci\u00f3 en llar d\u2019infants Els \u00c0ngels cal que l\u2019infant\u00a0 hagi nascut\u00a0 en els anys 2019 o 2020.<\/li>\n<li>Per assignar les places, quan en un centre hi ha m\u00e9s sol\u00b7licituds que vacants, s\u2019apliquen els criteris de puntuaci\u00f3. Per dirimir les situacions d\u2019empat es fa un sorteig a Educaci\u00f3 per tal de determinar el n\u00famero a partir del qual s\u2019ordenar\u00e0 la llista de sol\u00b7licituds.<\/li>\n<li>Tots els centres han de reservar unes places destinades a alumnes amb necessitats educatives especials.<\/li>\n<li>El centre es reserva el dret de variar les places que ofereix a preinscripci\u00f3 en funci\u00f3 de la demanda:\n<ul style=\"list-style-type: square;\">\n<li>Caminats (1-2anys): 30 places<\/li>\n<li>Maternals (2-3anys): 9 places<\/li>\n<\/ul>\n<\/li>\n<\/ol>\n<p>&nbsp;<\/p>\n<p><strong><span style=\"text-decoration: underline;\">DOCUMENTS I CRITERIS DE PRIORITAT<\/span><\/strong><\/p>\n<p><strong>Criteris i documents justificatius:<\/strong><\/p>\n<ol style=\"list-style-type: lower-alpha;\">\n<li><em><strong>Cal presentar en tots els casos<\/strong><\/em>:\n<ul style=\"list-style-type: disc;\">\n<li>Original del DNI\/NIE del\/la sol\u00b7licitant<\/li>\n<li>Original del llibre de fam\u00edlia<\/li>\n<li>Original de la targeta sanit\u00e0ria individual de l&#8217;alumne\/a<\/li>\n<li>Full de preinscripci\u00f3 omplert i signat.<\/li>\n<\/ul>\n<\/li>\n<\/ol>\n<p>Descarregar el full de preinscripci\u00f3: <a href=\"https:\/\/drive.google.com\/file\/d\/1z2pmUw-ZkXFt-XVzkvp2m1nfJgYO2pMJ\/view?usp=sharing\">https:\/\/drive.google.com\/file\/d\/1z2pmUw-ZkXFt-XVzkvp2m1nfJgYO2pMJ\/view?usp=sharing<\/a><\/p>\n<p>&nbsp;<\/p>\n<p>CRITERIS\u00a0 DE PRIORITAT I PUNTUACI\u00d3:<\/p>\n<table style=\"width: 970px; height: 1263px;\" width=\"737\">\n<tbody>\n<tr style=\"height: 57px;\">\n<td style=\"width: 414px; height: 57px;\"><strong>CRITERIS GENERALS<\/strong><\/td>\n<td style=\"width: 59.5px; height: 57px;\"><strong>Punts<\/strong><\/td>\n<td style=\"width: 486.5px; height: 57px;\" colspan=\"2\"><strong>Documentaci\u00f3 que ho acredita:<\/strong><\/td>\n<\/tr>\n<tr style=\"height: 97px;\">\n<td style=\"width: 414px; height: 97px;\">Exist\u00e8ncia de <strong>germans\/es<\/strong> matriculats al centre educatiu o de pares o tutors legals que hi treballen<\/td>\n<td style=\"width: 59.5px; height: 97px;\"><strong>40 <\/strong><\/td>\n<td style=\"width: 486.5px; height: 97px;\" colspan=\"2\">No cal documentaci\u00f3, ho comprova el centre.<\/td>\n<\/tr>\n<tr style=\"height: 257px;\">\n<td style=\"width: 414px; height: 257px;\">Proximitat del domicili (nom\u00e9s un criteri):<\/p>\n<ol style=\"list-style-type: lower-alpha;\">\n<li>Quan el <strong>domicili<\/strong> de la persona sol\u00b7licitant estigui dins l\u2019\u00e0rea de proximitat del centre<\/li>\n<li>Quan es prengui en consideraci\u00f3 l\u2019adre\u00e7a del <strong>lloc de treball<\/strong> dins de l\u2019\u00e0rea de proximitat del centre<\/li>\n<li>Quan el domicili de la persona sol\u00b7licitant \u00e9s <strong>al mateix municipi per\u00f2 no a l\u2019\u00e0rea de proximitat<\/strong> del centre sol\u00b7licitat en primer lloc<\/li>\n<\/ol>\n<\/td>\n<td style=\"width: 59.5px; height: 257px;\"><strong>30<\/strong><\/p>\n<p><strong>20 <\/strong><\/p>\n<p><strong>10 <\/strong><\/td>\n<td style=\"width: 486.5px; height: 257px;\" colspan=\"2\">\n<ol style=\"list-style-type: lower-alpha;\">\n<li>DNI del sol\u00b7licitant.<\/li>\n<li>Contracte laboral o certificat de l\u2019empresa. En el cas de treballadors en el r\u00e8gim d&#8217;aut\u00f2noms, es tindr\u00e0 en compte el domicili acreditat a l&#8217;Ag\u00e8ncia Tribut\u00e0ria i s&#8217;acreditar\u00e0 amb c\u00f2pia del formulari de la declaraci\u00f3 censal d&#8217;alta, modificaci\u00f3 i baixa en el cens d&#8217;obligats tributaris (model 036 o model 037).<\/li>\n<li>DNI del sol\u00b7licitant.<\/li>\n<\/ol>\n<\/td>\n<\/tr>\n<tr style=\"height: 80px;\">\n<td style=\"width: 414px; height: 80px;\">Quan el pare o la mare, tutor\/a siguin beneficiaris de l&#8217;ajut de la <strong>renda garantida de ciutadania<\/strong><\/td>\n<td style=\"width: 59.5px; height: 80px;\"><strong>10<\/strong><\/td>\n<td style=\"width: 486.5px; height: 80px;\" colspan=\"2\">Original de la documentaci\u00f3 acreditativa de ser beneficiari de la prestaci\u00f3 econ\u00f2mica de la renda garantida de ciutadania<\/td>\n<\/tr>\n<tr style=\"height: 102px;\">\n<td style=\"width: 414px; height: 102px;\">Quan l\u2019alumne, pare, mare o germ\u00e0 de l\u2019alumne acrediti una <strong>discapacitat igual o superior al 33%<\/strong>. En tenen consideraci\u00f3 els pensionistes per incapacitat<\/td>\n<td style=\"width: 59.5px; height: 102px;\"><strong>10<\/strong><\/td>\n<td style=\"width: 486.5px; height: 102px;\" colspan=\"2\">Autoritzaci\u00f3 per la consulta a altres administracions. Nom i data naixement en cas que la discapacitat acreditada provingui d\u2019un germ\u00e0<\/td>\n<\/tr>\n<tr style=\"height: 97px;\">\n<td style=\"width: 964px; height: 97px;\" colspan=\"4\"><strong>CRITERIS COMPLEMENTARIS<\/strong><\/p>\n<p>No es sumen als criteris generals. La finalitat \u00e9s el desempat en cas d\u2019igualtat de puntuaci\u00f3 de la suma de criteris generals<\/td>\n<\/tr>\n<tr style=\"height: 57px;\">\n<td style=\"width: 414px; height: 57px;\">formar part de <strong>fam\u00edlia nombrosa o monoparental<\/strong><\/td>\n<td style=\"width: 69.5px; height: 57px;\" colspan=\"2\"><strong>15<\/strong><\/td>\n<td style=\"width: 476.5px; height: 57px;\">Original del carnet<\/td>\n<\/tr>\n<tr style=\"height: 119px;\">\n<td style=\"width: 414px; height: 119px;\">Quan la <strong>renda de la unitat familiar<\/strong> del sol\u00b7licitant, estigui entre els valors de la seg\u00fcent taula:<\/p>\n<p>(veure la taula a sota)*<\/td>\n<td style=\"width: 69.5px; height: 119px;\" colspan=\"2\"><strong>10-5<\/strong><\/td>\n<td style=\"width: 476.5px; height: 119px;\">Original de la Declaraci\u00f3 de la Renda (conjunta o separada) del 2020. Es computar\u00e0 com a ingressos els valors de la casella de la Base imposable general i de la Base imposable de l\u2019estalvi que consten a la declaraci\u00f3\/ns de tots els membres computables de la unitat familiar que convisquin a la mateixa llar.<\/td>\n<\/tr>\n<tr style=\"height: 80px;\">\n<td style=\"width: 414px; height: 80px;\"><strong>Preinscriure m\u00e9s d\u2019un fill\/a alhora<\/strong> en diferents nivells al mateix centre<\/td>\n<td style=\"width: 69.5px; height: 80px;\" colspan=\"2\"><strong>5<\/strong><\/td>\n<td style=\"width: 476.5px; height: 80px;\">Ho comprova directament el centre<\/td>\n<\/tr>\n<tr style=\"height: 102px;\">\n<td style=\"width: 414px; height: 102px;\">Realitzar <strong>canvi de centre<\/strong> un infant demandant en 1a opci\u00f3 en el curs anterior i haver-se es escolaritzat en un altra centre p\u00fablic durant aquest curs<\/td>\n<td style=\"width: 69.5px; height: 102px;\" colspan=\"2\"><strong>5<\/strong><\/td>\n<td style=\"width: 476.5px; height: 102px;\">Ho comprova el centre directament<\/td>\n<\/tr>\n<tr style=\"height: 182px;\">\n<td style=\"width: 414px; height: 182px;\">Quan els <strong>dos progenitors treballin<\/strong>, inclou exced\u00e8ncies per cura d\u2019infant menor amb data d\u2019incorporaci\u00f3 al lloc de treball durant el primer trimestre del curs escolar pel que es sol\u00b7licita la pla\u00e7a, o siguin demandants d\u2019ocupaci\u00f3 no ocupats<\/td>\n<td style=\"width: 69.5px; height: 182px;\" colspan=\"2\"><strong>4<\/strong><\/td>\n<td style=\"width: 476.5px; height: 182px;\">Original de la n\u00f2mina d\u2019abril 2021 de pare i mare.<\/p>\n<p>En aut\u00f2noms: original del rebut d\u2019abril 2021 pagat a la Seguretat Social corresponent al R\u00e8gim Especial de Treballadors Aut\u00f2noms.<\/p>\n<p>Exced\u00e8ncia: Certificat de Vida Laboral de la Tresoreria de la Seguretat Social d&#8217;abril 2021, i un certificat de l&#8217;empresa on consti la data d&#8217;incorporaci\u00f3 al lloc de treball de la persona que al\u00b7lega aquesta situaci\u00f3.<\/p>\n<p>Demandants d\u2019ocupaci\u00f3 no ocupats: L\u2019Ajuntament fa la consulta directament al SOC.<\/td>\n<\/tr>\n<\/tbody>\n<\/table>\n<p>&nbsp;<\/p>\n<p><strong>*<\/strong>S\u2019entendr\u00e0 aquesta renda global com la suma d\u2019ingressos anuals de tots el membres computables de la unitat familiar que convisquin a la mateixa llar.<\/p>\n<table style=\"width: 533px;\" width=\"495\">\n<tbody>\n<tr>\n<td style=\"width: 135.183px;\"><strong>Unitat familiar<\/strong><\/td>\n<td style=\"width: 163.017px;\"><strong>10 punts<\/strong><\/td>\n<td style=\"width: 224.8px;\"><strong>5 punts<\/strong><\/td>\n<\/tr>\n<tr>\n<td style=\"width: 135.183px;\"><strong>2 membres<\/strong><\/td>\n<td style=\"width: 163.017px;\">Inferiors a 15817,00 \u20ac<\/td>\n<td style=\"width: 224.8px;\">Entre 15817,01 \u20ac i 23725,00 \u20ac<\/td>\n<\/tr>\n<tr>\n<td style=\"width: 135.183px;\"><strong>3 membres<\/strong><\/td>\n<td style=\"width: 163.017px;\">Inferiors a 19771,00 \u20ac<\/td>\n<td style=\"width: 224.8px;\">Entre 19771,01 \u20ac i 29657,00 \u20ac<\/td>\n<\/tr>\n<tr>\n<td style=\"width: 135.183px;\"><strong>4 membres<\/strong><\/td>\n<td style=\"width: 163.017px;\">Inferiors a 23725,00 \u20ac<\/td>\n<td style=\"width: 224.8px;\">Entre 23725,01 \u20ac i 35588,00 \u20ac<\/td>\n<\/tr>\n<tr>\n<td style=\"width: 135.183px;\"><strong>5 membres<\/strong><\/td>\n<td style=\"width: 163.017px;\">Inferiors a 27680,00 \u20ac<\/td>\n<td style=\"width: 224.8px;\">Entre 27680,01 \u20ac i 41520,00 \u20ac<\/td>\n<\/tr>\n<tr>\n<td style=\"width: 135.183px;\"><strong>6 membres<\/strong><\/td>\n<td style=\"width: 163.017px;\">Inferiors a 31634,00 \u20ac<\/td>\n<td style=\"width: 224.8px;\">Entre 31634,01 \u20ac i 47451,00 \u20ac<\/td>\n<\/tr>\n<tr>\n<td style=\"width: 135.183px;\"><strong>7 membres<\/strong><\/td>\n<td style=\"width: 163.017px;\">Inferiors a 35588,00 \u20ac<\/td>\n<td style=\"width: 224.8px;\">Entre 35588,01 \u20ac i 53383,00 \u20ac<\/td>\n<\/tr>\n<tr>\n<td style=\"width: 135.183px;\"><strong>8 membres<\/strong><\/td>\n<td style=\"width: 163.017px;\">Inferiors a 39543,00 \u20ac<\/td>\n<td style=\"width: 224.8px;\">Entre 39543,01 \u20ac i 59314,00 \u20ac<\/td>\n<\/tr>\n<\/tbody>\n<\/table>\n<ol>\n<li style=\"list-style-type: none;\">\n<ol>\n<li style=\"list-style-type: none;\"><\/li>\n<\/ol>\n<\/li>\n<\/ol>\n<p>&nbsp;<\/p>\n<p><span style=\"text-decoration: underline;\"><strong>NORMES PER A LA PRESENTACI\u00d3:<\/strong><\/span><\/p>\n<ol>\n<li><strong>Demaneu cita pr\u00e8via a trav\u00e9s de l&#8217;enlla\u00e7:<br \/>\n<\/strong>o per tel\u00e8fon: <strong>937163842<\/strong> pels dies 18 a 21 de maig.<\/li>\n<li><strong>Descarregueu-vos i ompliu<\/strong> la sol\u00b7licitud i signeu-la.<\/li>\n<li><strong>Adjunteu els documents necessaris<\/strong><\/li>\n<li><strong>Porteu-ho tot<\/strong> el dia de la cita pr\u00e8via a l&#8217;hora reservada.<\/li>\n<li><strong>Porteu<\/strong> el vostre bol\u00edgraf<\/li>\n<li>Cal venir per la <strong>porta d\u2019acc\u00e9s al vest\u00edbul<\/strong>, des del p\u00e0rquing Can Deu del carrer Palmeres. <a href=\"https:\/\/agora.xtec.cat\/llarelsangels\/wp-content\/uploads\/usu1591\/2021\/04\/Pl\u00e0nol-accessos-llar-WEB.jpg\"><img loading=\"lazy\" decoding=\"async\" class=\" wp-image-942 aligncenter\" src=\"https:\/\/agora.xtec.cat\/llarelsangels\/wp-content\/uploads\/usu1591\/2021\/04\/Pl\u00e0nol-accessos-llar-WEB-300x187.jpg\" alt=\"\" width=\"494\" height=\"308\" data-wp-editing=\"1\" srcset=\"https:\/\/agora.xtec.cat\/llarelsangels\/wp-content\/uploads\/usu1591\/2021\/04\/Pl\u00e0nol-accessos-llar-WEB-300x187.jpg 300w, https:\/\/agora.xtec.cat\/llarelsangels\/wp-content\/uploads\/usu1591\/2021\/04\/Pl\u00e0nol-accessos-llar-WEB.jpg 448w\" sizes=\"auto, (max-width: 494px) 100vw, 494px\" \/><\/a><\/li>\n<li>Si la persona sol\u00b7licitant presenta s\u00edmptomes de malaltia o ha estat en contacte amb casos considerats confirmats o probables del COVID-19, o \u00e9s una persona considerada de risc, no ha de venir a presentar la sol\u00b7licitud, per\u00f2 pot <strong>signar una autoritzaci\u00f3 per a que ho presenti una altra persona<\/strong>.<\/li>\n<\/ol>\n<p>&nbsp;<\/p>\n<p><strong><em>Full de sol\u00b7licitud de preinscripci\u00f3:<a href=\"https:\/\/drive.google.com\/open?id=19gxSSQmKhiVr5_S6kbGDQgzoz0sT_1VK\">https:\/\/drive.google.com\/open?id=19gxSSQmKhiVr5_S6kbGDQgzoz0sT_1VK<\/a><\/em><\/strong><\/p>\n<p>&nbsp;<\/p>\n<p><span style=\"text-decoration: underline;\"><strong>NORMES PER A LA PRESENTACI\u00d3 TELEM\u00c0TICA: (nom\u00e9s si no podeu venir presencialment)<br \/>\n<\/strong><\/span><\/p>\n<ol>\n<li><strong>Descarregueu-vos i ompliu la sol\u00b7licitud<\/strong> i signeu-la.<\/li>\n<li><strong>Escanegeu <\/strong>la sol\u00b7licitud i els documents necessaris.<\/li>\n<li><strong>Envieu-ho tot<\/strong> en format PDF <strong>al correu electr\u00f2nic<\/strong> de la llar d&#8217;infants.<\/li>\n<li>Envieu <strong>tots els documents alhora.<\/strong> Si no els teniu tots espereu a enviar la sol\u00b7licitud a tenir-ho tot a punt. El termini de presentaci\u00f3 telem\u00e0tica \u00e9s del 10 al 21 de maig.<\/li>\n<li>Quan visualitzem la vostra sol\u00b7licitud <strong>rebreu una resposta de recepci\u00f3<\/strong> com a comprovant de la preinscripci\u00f3 feta.<\/li>\n<\/ol>\n<p><strong><em>Full de sol\u00b7licitud de preinscripci\u00f3: <a href=\"https:\/\/drive.google.com\/file\/d\/1z2pmUw-ZkXFt-XVzkvp2m1nfJgYO2pMJ\/view?usp=sharing\">https:\/\/drive.google.com\/file\/d\/1z2pmUw-ZkXFt-XVzkvp2m1nfJgYO2pMJ\/view?usp=sharing<\/a><\/em><\/strong><\/p>\n<p><em><strong>Correu electr\u00f2nic de recepci\u00f3 de sol\u00b7licituds de preinscripci\u00f3<\/strong>:\u00a0\u00a0\u00a0 <\/em>a8047960@xtec.cat<\/p>\n<p>&nbsp;<\/p>\n<ol>\n<li style=\"list-style-type: none;\"><\/li>\n<\/ol>\n<p><span style=\"text-decoration: underline;\"><strong>PER DEMANAR HORA PER A PRESENTAR LES SOL\u00b7LICITUDS:<\/strong><\/span><\/p>\n<p><strong>Enlla\u00e7: https:\/\/aplicacions.gestioeducativa.gencat.cat\/pls\/apex\/f?p=CITA_PREVIA:08047960<\/strong><\/p>\n<p><strong>Tel\u00e8fon<\/strong>: 93 716 38 42<\/p>\n","protected":false},"excerpt":{"rendered":"<p>CALENDARI DE PREINSCRIPCIONS:<\/p>\n<p>Per\u00edode de preinscripci\u00f3<br \/>\nDel 10 al 21 de Maig<br \/>\nAmb cita pr\u00e8via<\/p>\n<p>Publicaci\u00f3 de les llistes amb el barem<br \/>\n1 de Juny<br \/>\nA la llar i a la web de la llar.<\/p>\n<p>Reclamacions<br \/>\nDel 2 al 8 de Juny<br \/>\nPer e-mail es pot fer la reclamaci\u00f3 o demanar hora per fer-la&hellip;  <a href=\"https:\/\/agora.xtec.cat\/llarelsangels\/general\/preinscripcions-llars-dinfants\/\" title=\"Read Preinscripci\u00f3 llar d&#8217;infants 21-22\">Llegeix m\u00e9s\u00bb<\/a><\/p>\n","protected":false},"author":1,"featured_media":0,"comment_status":"closed","ping_status":"closed","sticky":false,"template":"","format":"standard","meta":{"_bbp_topic_count":0,"_bbp_reply_count":0,"_bbp_total_topic_count":0,"_bbp_total_reply_count":0,"_bbp_voice_count":0,"_bbp_anonymous_reply_count":0,"_bbp_topic_count_hidden":0,"_bbp_reply_count_hidden":0,"_bbp_forum_subforum_count":0,"footnotes":""},"categories":[1,4],"tags":[79,76],"class_list":["post-678","post","type-post","status-publish","format-standard","hentry","category-general","category-portada","tag-curs-2021-22","tag-preinscripcions"],"post_mailing_queue_ids":[],"_links":{"self":[{"href":"https:\/\/agora.xtec.cat\/llarelsangels\/wp-json\/wp\/v2\/posts\/678","targetHints":{"allow":["GET"]}}],"collection":[{"href":"https:\/\/agora.xtec.cat\/llarelsangels\/wp-json\/wp\/v2\/posts"}],"about":[{"href":"https:\/\/agora.xtec.cat\/llarelsangels\/wp-json\/wp\/v2\/types\/post"}],"author":[{"embeddable":true,"href":"https:\/\/agora.xtec.cat\/llarelsangels\/wp-json\/wp\/v2\/users\/1"}],"replies":[{"embeddable":true,"href":"https:\/\/agora.xtec.cat\/llarelsangels\/wp-json\/wp\/v2\/comments?post=678"}],"version-history":[{"count":3,"href":"https:\/\/agora.xtec.cat\/llarelsangels\/wp-json\/wp\/v2\/posts\/678\/revisions"}],"predecessor-version":[{"id":1116,"href":"https:\/\/agora.xtec.cat\/llarelsangels\/wp-json\/wp\/v2\/posts\/678\/revisions\/1116"}],"wp:attachment":[{"href":"https:\/\/agora.xtec.cat\/llarelsangels\/wp-json\/wp\/v2\/media?parent=678"}],"wp:term":[{"taxonomy":"category","embeddable":true,"href":"https:\/\/agora.xtec.cat\/llarelsangels\/wp-json\/wp\/v2\/categories?post=678"},{"taxonomy":"post_tag","embeddable":true,"href":"https:\/\/agora.xtec.cat\/llarelsangels\/wp-json\/wp\/v2\/tags?post=678"}],"curies":[{"name":"wp","href":"https:\/\/api.w.org\/{rel}","templated":true}]}}