{"id":1348,"date":"2024-04-23T09:38:52","date_gmt":"2024-04-23T07:38:52","guid":{"rendered":"https:\/\/agora.xtec.cat\/llarelsangels\/?p=1348"},"modified":"2025-03-19T13:22:24","modified_gmt":"2025-03-19T12:22:24","slug":"qui-som-i-com-ens-organitzem","status":"publish","type":"post","link":"https:\/\/agora.xtec.cat\/llarelsangels\/general\/qui-som-i-com-ens-organitzem\/","title":{"rendered":"Qui som i com ens organitzem?"},"content":{"rendered":"<p><strong><u>QUI SOM I QUIN \u00c9S EL NOSTRE PROJECTE EDUCATIU<\/u><\/strong><\/p>\n<p>Som un centre educatiu de primer cicle d\u2019educaci\u00f3 infantil p\u00fablic, de titularitat del Departament d\u2019Educaci\u00f3 de la Generalitat de Catalunya, amb m\u00e9s de 50 anys d\u2019hist\u00f2ria donant servei al barri i a la ciutat i contribuint al desenvolupament dels infants.<\/p>\n<p>La llar d\u2019infants \u00e9s un context on l\u2019infant pot diversificar les seves experi\u00e8ncies educatives i desenvolupar les seves compet\u00e8ncies. Entenem l\u2019educaci\u00f3 infantil com a una etapa educativa i per aix\u00f2 tot el temps que els infants estan a la llar \u00e9s educatiu.<\/p>\n<p>L\u2019infant \u00e9s el protagonista del seu propi aprenentatge. Cadasc\u00fa ha de poder-se desenvolupar d\u2019acord amb les seves caracter\u00edstiques personals.<\/p>\n<p>La llar \u00e9s plena d\u2019espais amb oportunitats per a l\u2019infant de descobrir i interactuar amb l\u2019entorn i socialitzar. Un context de joc i aprenentatge on gaudir i ser feli\u00e7.<\/p>\n<p>&nbsp;<\/p>\n<p><strong><u>RELACI\u00d3 I COMUNICACI\u00d3 AMB LES FAM\u00cdLIES<\/u><\/strong><\/p>\n<p>La fam\u00edlia i la llar compartim l\u2019educaci\u00f3 dels infants. Per a nosaltres la comunicaci\u00f3 i la informaci\u00f3 \u00e9s un puntal per contribuir al desenvolupament dels infants i de tots aquells aspectes que s\u00f3n rellevants en el proc\u00e9s educatiu de cadascun d\u2019ells.<\/p>\n<p>\u00c9s per aix\u00f2 que establim tota una s\u00e8rie de canals comunicatius:<\/p>\n<ul>\n<li>Informaci\u00f3 di\u00e0ria: Entreu cada dia a l\u2019aula per deixar i recollir l\u2019infant, podent intercanviar les informacions necess\u00e0ries amb l\u2019educadora.<\/li>\n<li>Entrevistes individualitzades: una abans de comen\u00e7ar el curs i una altra de seguiment al tercer trimestre. A m\u00e9s a m\u00e9s totes les que siguin necess\u00e0ries a demanda de la fam\u00edlia o la llar.<\/li>\n<li>Reunions generals amb les fam\u00edlies: Una abans de comen\u00e7ar el curs i una durant el primer trimestre.<\/li>\n<li>Cartellera, fulls informatius, documentaci\u00f3 del grup&#8230;<\/li>\n<\/ul>\n<p>Tamb\u00e9 us animem a participar de l\u2019AMPA que col\u00b7labora en diferents activitats amb els infants durant el curs.<\/p>\n<p>&nbsp;<\/p>\n<p><strong><u>ORGANITZACI\u00d3<\/u><\/strong><\/p>\n<p>La llar acull un total de 74 infants repartits en 5 aules: 2 aules per infants d\u2019I1 (1-2 anys) i 3 d\u2019I2 (2-3 anys).<\/p>\n<p>Els infants que assisteixen a la llar estan agrupats en funci\u00f3 de l\u2019edat. Pels grups de petits (I1) hi ha un total de 10 infants per grup, i en els grans (I2), cada grup \u00e9s de 18 infants.<\/p>\n<p>Atenem els infants una educadora-tutora per grup, una educadora de suport a les aules, una cuinera, tres feineres, una oficial de manteniment i la directora; aix\u00ed com les monitores de menjador i dormitoris. Tots contribu\u00efm a que l\u2019estada dels infants sigui educativa, afectuosa, enriquidora i feli\u00e7.<\/p>\n<p>A cada grup es reserva una pla\u00e7a per a infants amb NESE. Els infants a qui en la seva escolaritat a la llar es detectin dificultats en el seu desenvolupament, i pr\u00e8via informaci\u00f3 a les fam\u00edlies, es deriven al servei d\u2019atenci\u00f3 preco\u00e7 (CDIAP), o EAP amb qui fem coordinacions pel seguiment d\u2019aquests infants.<\/p>\n<p><strong>\u00a0<\/strong><\/p>\n<p><strong><u>HORARIS<\/u><\/strong><\/p>\n<p>L\u2019entrada al mat\u00ed \u00e9s de 9 a 9,30h. Aquesta entrada flexible permet a les fam\u00edlies\u00a0 compartir amb els infants, educadora i companys informacions, jocs&#8230; mentre us acomiadeu sense pressa.<\/p>\n<p>Durant el mat\u00ed els infants participen de diferents propostes pedag\u00f2giques, incloent tot el treball d\u2019h\u00e0bits d\u2019autonomia, higiene i socialitzaci\u00f3.<\/p>\n<p>A les 12h. recolliu els infants que fan horari de mat\u00ed o els que fan jornada partida.<\/p>\n<p>De 12 a 13h. \u00e9s l\u2019estona del dinar, activitat pedag\u00f2gica on es treballen tamb\u00e9 h\u00e0bits d\u2019autonomia, higiene i salut. \u00c9s un moment altament social i comunicatiu. A les 13h. marxen els infants que fan la jornada intensiva.<\/p>\n<p>De les 13 a les 15h. aproximadament, fem la preparaci\u00f3 pel descans i la migdiada. A les 15h. recolliu els infants que fan la jornada intensiva fins les 3, i entren els infants que fan la jornada partida.<\/p>\n<p>A la tarda es fa treball d\u2019h\u00e0bits des de que els infants es desperten, fins que acaben de berenar i els recolliu. La sortida \u00e9s entre les 16,30 i les 17,00h.<\/p>\n<p>L\u2019acollida matinal de 8,00 a 9,00h. es pot oferir si hi ha un nombre d\u2019infants (entre 8 i 10 infants) suficient que en facin \u00fas.<\/p>\n<p>&nbsp;<\/p>\n<p><strong><u>CALENDARI<\/u><\/strong><\/p>\n<p>El calendari \u00e9s el que determina el Departament d\u2019Educaci\u00f3. El curs 2024-25 s\u2019inicia el 10 de setembre, amb un per\u00edode d\u2019adaptaci\u00f3 flexible en funci\u00f3 de l\u2019infant, respectant el seu propi ritme d\u2019adaptaci\u00f3.<\/p>\n<p>&nbsp;<\/p>\n<p><strong><u>L\u2019ADAPTACI\u00d3<\/u><\/strong><\/p>\n<p>L\u2019entrada d\u2019un infant per primer cop a la llar \u00e9s una situaci\u00f3 nova de contacte amb la societat i al mateix temps de trencament amb el seu ambient familiar habitual. A la llar coneixer\u00e0 altres adults, altres infants, viur\u00e0 experi\u00e8ncies diferents&#8230; per\u00f2 a aquesta nova situaci\u00f3 s\u2019hi han d\u2019anar adaptant a poc a poc establint vincles de confian\u00e7a i seguretat. I ens hi haurem d\u2019adaptar tots: infants, educadors i fam\u00edlies.<\/p>\n<p>Per aix\u00f2, afavorim que el primer dia l\u2019infant pugui tenir la pres\u00e8ncia de la seva fam\u00edlia a la llar, i fem petits grups per poder acollir cada infant i la seva fam\u00edlia en un context m\u00e9s individualitzat. Estem molt atents al ritme d\u2019adaptaci\u00f3 de cada infant, oferint un proc\u00e9s flexible i din\u00e0mic.<\/p>\n<p>&nbsp;<\/p>\n<p><strong><u>INSTAL\u00b7LACIONS<\/u><\/strong><\/p>\n<p>Les instal\u00b7lacions de la llar s\u00f3n acollidores i pensades per a l\u2019activitat dels infants.<\/p>\n<p>Disposem de 5 aules espaioses i lluminoses, 2 sales d\u2019usos m\u00faltiples, lavabos, cuina equipada on s\u2019elabora el dinar, patis espaiosos on gaudir de la natura, bugaderia, sala d\u2019educadores, despatx i zona del personal.<\/p>\n<p>&nbsp;<\/p>\n<p><strong><u>SERVEIS<\/u><\/strong><\/p>\n<p><strong>Acollida Matinal<\/strong>: De 8 a 9h. del mat\u00ed. Aquest servei es pot oferir quan hi ha un nombre suficient d\u2019infants per fer-lo. El cost del servei \u00e9s variable en funci\u00f3 de la quantitat d\u2019infants que en fan \u00fas, ja que el cost del monitoratge es reparteix entre el nombre d\u2019usuaris. Aix\u00ed, a m\u00e9s infants a l\u2019acollida menor \u00e9s la quota.<\/p>\n<p><strong>Menjador<\/strong>: El servei de menjador \u00e9s opcional. El dinar s\u2019elabora a la llar di\u00e0riament. La llar disposa de la declaraci\u00f3 d\u2019al\u00b7l\u00e8rgens del men\u00fa i l\u2019adapta a les al\u00b7l\u00e8rgies i intoler\u00e0ncies. Els infants poden quedar-se a dinar de forma fixa o com a \u00fas espor\u00e0dic.<\/p>\n<p>&nbsp;<\/p>\n<p><strong><u>QUOTES<\/u><\/strong><\/p>\n<p>La quota d\u2019estada \u00e9s de 118\u20ac mensuals, des de setembre fins al juny. Hi ha bonificaci\u00f3 per a fam\u00edlies nombroses o monoparentals, o per discapacitat de l\u2019infant superior al 33% (cal sol\u00b7licitar-ho i acreditar-ho). Els infants dels grups d\u2019I2 tenen l\u2019estada sense cost (l\u2019assumeix el Departament).<\/p>\n<p>La quota de menjador \u00e9s de 125\u20ac mensuals per als fixos al servei. El tiquet de menjador per a espor\u00e0dics \u00e9s de 7,5 euros per dia. En ambd\u00f3s casos, el preu del dinar inclou el berenar de la tarda a la llar. \u00a0Els infants que dinen a casa i tornen a la llar a la tarda, han de pagar 15 euros mensuals en concepte del berenar. Aquests preus s\u00f3n els del curs actual i es poden incrementar segons el preu que estableixi pel proper curs el Departament.<\/p>\n<p>Les despeses que no queden incloses en aquestes quotes s\u00f3n les excursions, el recull de les fotografies del curs, i altres activitats extraordin\u00e0ries i opcionals.<\/p>\n","protected":false},"excerpt":{"rendered":"<p>Informaci\u00f3 b\u00e0sica de la llar: qui som, horaris, calendari, quotes&#8230;&hellip;  <a href=\"https:\/\/agora.xtec.cat\/llarelsangels\/general\/qui-som-i-com-ens-organitzem\/\" title=\"Read Qui som i com ens organitzem?\">Llegeix m\u00e9s\u00bb<\/a><\/p>\n","protected":false},"author":1,"featured_media":0,"comment_status":"closed","ping_status":"closed","sticky":false,"template":"","format":"standard","meta":{"_bbp_topic_count":0,"_bbp_reply_count":0,"_bbp_total_topic_count":0,"_bbp_total_reply_count":0,"_bbp_voice_count":0,"_bbp_anonymous_reply_count":0,"_bbp_topic_count_hidden":0,"_bbp_reply_count_hidden":0,"_bbp_forum_subforum_count":0,"footnotes":""},"categories":[1],"tags":[91,64],"class_list":["post-1348","post","type-post","status-publish","format-standard","hentry","category-general","tag-curs-2024-25","tag-jornada-de-portes-obertes"],"post_mailing_queue_ids":[],"_links":{"self":[{"href":"https:\/\/agora.xtec.cat\/llarelsangels\/wp-json\/wp\/v2\/posts\/1348","targetHints":{"allow":["GET"]}}],"collection":[{"href":"https:\/\/agora.xtec.cat\/llarelsangels\/wp-json\/wp\/v2\/posts"}],"about":[{"href":"https:\/\/agora.xtec.cat\/llarelsangels\/wp-json\/wp\/v2\/types\/post"}],"author":[{"embeddable":true,"href":"https:\/\/agora.xtec.cat\/llarelsangels\/wp-json\/wp\/v2\/users\/1"}],"replies":[{"embeddable":true,"href":"https:\/\/agora.xtec.cat\/llarelsangels\/wp-json\/wp\/v2\/comments?post=1348"}],"version-history":[{"count":3,"href":"https:\/\/agora.xtec.cat\/llarelsangels\/wp-json\/wp\/v2\/posts\/1348\/revisions"}],"predecessor-version":[{"id":1352,"href":"https:\/\/agora.xtec.cat\/llarelsangels\/wp-json\/wp\/v2\/posts\/1348\/revisions\/1352"}],"wp:attachment":[{"href":"https:\/\/agora.xtec.cat\/llarelsangels\/wp-json\/wp\/v2\/media?parent=1348"}],"wp:term":[{"taxonomy":"category","embeddable":true,"href":"https:\/\/agora.xtec.cat\/llarelsangels\/wp-json\/wp\/v2\/categories?post=1348"},{"taxonomy":"post_tag","embeddable":true,"href":"https:\/\/agora.xtec.cat\/llarelsangels\/wp-json\/wp\/v2\/tags?post=1348"}],"curies":[{"name":"wp","href":"https:\/\/api.w.org\/{rel}","templated":true}]}}