{"id":1338,"date":"2024-04-24T09:30:54","date_gmt":"2024-04-24T07:30:54","guid":{"rendered":"https:\/\/agora.xtec.cat\/llarelsangels\/?p=1338"},"modified":"2025-03-19T13:21:47","modified_gmt":"2025-03-19T12:21:47","slug":"preinscripcio-2024-25","status":"publish","type":"post","link":"https:\/\/agora.xtec.cat\/llarelsangels\/general\/preinscripcio-2024-25\/","title":{"rendered":"PREINSCRIPCI\u00d3  CURS 2024-25"},"content":{"rendered":"<h3><strong>Proc\u00e9s de preinscripci\u00f3 i matr\u00edcula<br \/>\n<\/strong><\/h3>\n<p>&nbsp;<\/p>\n<table style=\"width: 98.4763%;\">\n<tbody>\n<tr>\n<td style=\"width: 100%;\" width=\"747\">\n<h5><strong>HORARI D\u2019ATENCI\u00d3 PRESENCIAL PREINSCRIPCIONS I MATR\u00cdCULES:<\/strong><\/h5>\n<\/td>\n<\/tr>\n<tr>\n<td style=\"width: 100%;\" width=\"747\"><strong>Nom\u00e9s s\u2019atendr\u00e0 les visites concertades. Cal reservar hora per tel\u00e8fon. <\/strong>Les preinscripcions es presenten telem\u00e0ticament (excepte si feu canvi de centre o no teniu possibilitat d\u2019obtenir certificat digital). Si teniu dubtes truqueu-nos. La matr\u00edcula \u00e9s presencial.<\/td>\n<\/tr>\n<\/tbody>\n<\/table>\n<p>&nbsp;<\/p>\n<table style=\"width: 98.0292%;\" width=\"728\">\n<tbody>\n<tr>\n<td style=\"width: 61.4217%;\" width=\"586\">\n<h5><strong>FASES DE LA PREINSCRIPCI\u00d3<\/strong><\/h5>\n<\/td>\n<td style=\"width: 144.529%;\" width=\"142\">\n<h5><strong>DATES<\/strong><\/h5>\n<\/td>\n<\/tr>\n<tr>\n<td style=\"width: 61.4217%;\" width=\"586\"><strong>Presentaci\u00f3 sol\u00b7licituds <\/strong>telem\u00e0ticament amb l\u2019IDCat M\u00f2bil, DNIe o certificat digital<\/td>\n<td style=\"width: 144.529%;\" width=\"142\"><strong>Del 8 al 21 de maig<\/strong><\/td>\n<\/tr>\n<tr>\n<td style=\"width: 61.4217%;\" width=\"586\"><strong>Llistes provisionals amb el barem <\/strong><\/td>\n<td style=\"width: 144.529%;\" width=\"142\"><strong>31 de maig<\/strong><\/td>\n<\/tr>\n<tr>\n<td style=\"width: 61.4217%;\" width=\"586\">Reclamacions a les llistes amb el barem<\/td>\n<td style=\"width: 144.529%;\" width=\"142\">Del 3 al 7 de juny<\/td>\n<\/tr>\n<tr>\n<td style=\"width: 61.4217%;\" width=\"586\">Sorteig<\/td>\n<td style=\"width: 144.529%;\" width=\"142\">11 de juny<\/td>\n<\/tr>\n<tr>\n<td style=\"width: 61.4217%;\" width=\"586\"><strong>Llistes d\u2019alumnat adm\u00e8s i llistes d\u2019espera <\/strong><\/p>\n<p><strong><em>*Si la vostra preinscripci\u00f3 \u00e9s a adm\u00e8s reserveu hora per fer la matriculaci\u00f3 presencial<\/em><\/strong><\/td>\n<td style=\"width: 144.529%;\" width=\"142\"><strong>El 17 de juny<\/strong><\/td>\n<\/tr>\n<tr>\n<td style=\"width: 61.4217%;\" width=\"586\">Per\u00edode de matriculaci\u00f3\u00a0\u00a0\u00a0\u00a0\u00a0\u00a0\u00a0\u00a0\u00a0\u00a0\u00a0 presencialment amb hora reservada<\/td>\n<td style=\"width: 144.529%;\" width=\"142\">Del 17 al 25 de juny<\/td>\n<\/tr>\n<\/tbody>\n<\/table>\n<p>&nbsp;<\/p>\n<p><strong><u>COM PRESENTAR LA PREINSCRIPCI\u00d3 TELEM\u00c0TICA:<\/u><\/strong><\/p>\n<ul>\n<li>Necessitareu un ordinador, tauleta o tel\u00e8fon m\u00f2bil amb connexi\u00f3 a Internet.<\/li>\n<li><strong>Cal tenir l\u2019IDCat M\u00f2bil o un altra certificat digital <\/strong>(excepte cl@ve)<strong>.<\/strong><\/li>\n<\/ul>\n<p>Tutorial per fer l\u2019IDCat\u00a0 M\u00f2bil: <a href=\"https:\/\/web.gencat.cat\/ca\/tramits\/com-tramitar-en-linia\/identificacio-digital\/id-cat-mobil\/\">https:\/\/web.gencat.cat\/ca\/tramits\/com-tramitar-en-linia\/identificacio-digital\/id-cat-mobil\/<\/a>\u00a0 Per fer-lo necessiteu DNI o TIE (Targeta d\u2019Identitat d\u2019Estranger, no NIE), TSI o MUFACE, i n\u00famero de tel\u00e8fon m\u00f2bil.<\/p>\n<ul>\n<li>Entreu a l\u2019enlla\u00e7 per fer la preinscripci\u00f3 telem\u00e0tica. (La trobareu a la web de la llar i a la de l\u2019Ajuntament).<\/li>\n<li>Un cop us heu identificat, haureu d\u2019omplir les dades que us va demanant.<\/li>\n<li>Al final haureu d\u2019adjuntar la documentaci\u00f3 digitalitzada (escanejada o en fotografia que es llegeixi b\u00e9).<\/li>\n<li>Un cop l\u2019envieu, rebreu al vostre correu electr\u00f2nic la confirmaci\u00f3 d\u2019enviament.<\/li>\n<\/ul>\n<p>Algunes consideracions:<\/p>\n<ol>\n<li><strong>L\u2019adre\u00e7a del DNI ha d\u2019estar actualitzada en el moment de fer la matr\u00edcula<\/strong>. Si l\u2019heu de canviar, prevegeu-ho amb temps.<\/li>\n<li>Per obtenir pla\u00e7a en una centre educatiu p\u00fablic cal fer la sol\u00b7licitud de preinscripci\u00f3 dins del termini oficial.<\/li>\n<li>Per sol\u00b7licitar preinscripci\u00f3 a la llar d\u2019infants Els \u00c0ngels cal que l\u2019infant hagi nascut en els anys 2022 o 2023.<\/li>\n<li>Per assignar les places, quan en un centre hi ha m\u00e9s sol\u00b7licituds que vacants, s\u2019apliquen els criteris de puntuaci\u00f3. Els criteris de puntuaci\u00f3 que no estiguin acreditats com correspon no puntuaran. Per dirimir les situacions d\u2019empat es fa un sorteig a Educaci\u00f3 per tal de determinar el n\u00famero a partir del qual s\u2019ordenar\u00e0 la llista de sol\u00b7licituds.<\/li>\n<li>Tots els centres han de reservar unes places destinades a alumnes amb necessitats espec\u00edfiques de suport educatiu.<\/li>\n<li>El centre es reserva el dret de variar les places que ofereix a preinscripci\u00f3 en funci\u00f3 de la demanda:<\/li>\n<\/ol>\n<ul>\n<li style=\"list-style-type: none;\">\n<ul>\n<li style=\"list-style-type: none;\">\n<ul>\n<li>I1: nascuts el 2022: 20 places\u00a0 (2 reservades NESE)<\/li>\n<li>I2: nascuts el 2021: 35 places (3 reservades NESE)<\/li>\n<\/ul>\n<\/li>\n<\/ul>\n<\/li>\n<\/ul>\n<p><strong><em>MATR\u00cdCULA:\u00a0\u00a0\u00a0\u00a0\u00a0\u00a0\u00a0\u00a0\u00a0\u00a0\u00a0\u00a0\u00a0\u00a0\u00a0\u00a0\u00a0\u00a0\u00a0\u00a0\u00a0\u00a0\u00a0\u00a0\u00a0\u00a0\u00a0\u00a0\u00a0\u00a0\u00a0\u00a0\u00a0\u00a0\u00a0\u00a0\u00a0\u00a0\u00a0\u00a0\u00a0\u00a0\u00a0\u00a0\u00a0\u00a0\u00a0\u00a0\u00a0\u00a0\u00a0\u00a0\u00a0\u00a0\u00a0\u00a0\u00a0\u00a0 <\/em><\/strong><\/p>\n<ul>\n<li>Els infants que surtin admesos a les llistes el dia 17 de juny, han de demanar,<strong> a partir del divendres dia 14,<\/strong> hora per tel\u00e8fon per fer la matr\u00edcula.<\/li>\n<\/ul>\n<p>&nbsp;<\/p>\n<p><strong><em>CRITERIS\u00a0 DE PUNTUACI\u00d3:<\/em><\/strong><\/p>\n<p>(Per veure la taula sencera cal fer-ho des d&#8217;un ordinador)<\/p>\n<table style=\"width: 97.5315%;\" width=\"756\">\n<tbody>\n<tr>\n<td style=\"width: 46.6265%;\" width=\"312\">\n<h5>CRITERIS GENERALS<\/h5>\n<\/td>\n<td style=\"width: 9.69021%; text-align: center;\" colspan=\"2\" width=\"47\">\n<h5>Punts<\/h5>\n<\/td>\n<td style=\"width: 39.919%;\" colspan=\"2\" width=\"255\">\n<h5><strong>Documentaci\u00f3 que ho acredita: <\/strong><\/h5>\n<h5>(si s\u2019autoritza a l\u2019Ajuntament a fer les consultes a altres administracions)<\/h5>\n<\/td>\n<td style=\"width: 233.63%;\" width=\"142\">\n<h5><strong>Documentaci\u00f3 addicional:<\/strong><\/h5>\n<h5>(quan no s\u2019autoritza Ajuntament)<\/h5>\n<\/td>\n<\/tr>\n<tr>\n<td style=\"width: 46.6265%;\" width=\"312\">Exist\u00e8ncia de <strong>germans\/es<\/strong> matriculats al centre educatiu.<\/td>\n<td style=\"width: 9.69021%; text-align: center;\" colspan=\"2\" width=\"47\"><strong>40<\/strong><\/td>\n<td style=\"width: 39.919%;\" colspan=\"2\" width=\"255\">No cal documentaci\u00f3, ho comprova el centre.<\/td>\n<td style=\"width: 233.63%;\" width=\"142\"><\/td>\n<\/tr>\n<tr>\n<td style=\"width: 46.6265%;\" width=\"312\"><strong>Proximitat del domicili (nom\u00e9s un criteri)<\/strong><\/p>\n<p style=\"text-align: left;\">\u00b7\u00a0\u00a0\u00a0\u00a0\u00a0\u00a0\u00a0\u00a0 Quan el <strong>domicili<\/strong> de la persona sol\u00b7licitant estigui dins l\u2019\u00e0rea de proximitat del centre<\/p>\n<p style=\"text-align: left;\">\u00b7\u00a0\u00a0\u00a0\u00a0\u00a0\u00a0\u00a0\u00a0 Quan es prengui en consideraci\u00f3 l\u2019adre\u00e7a del <strong>lloc de treball<\/strong> dins de l\u2019\u00e0rea de proximitat del centre<\/p>\n<p style=\"text-align: left;\">\u00b7\u00a0\u00a0\u00a0\u00a0\u00a0\u00a0\u00a0\u00a0 Quan el domicili de la persona sol\u00b7licitant \u00e9s <strong>al mateix municipi per\u00f2 no a l\u2019\u00e0rea de proximitat<\/strong> del centre sol\u00b7licitat en primer lloc<\/p>\n<\/td>\n<td style=\"width: 9.69021%; text-align: center;\" colspan=\"2\" width=\"47\"><strong>\u00a0<\/strong><\/p>\n<p><strong>30<\/strong><\/p>\n<p><strong>\u00a0<\/strong><\/p>\n<p><strong>20<\/strong><\/p>\n<p><strong>\u00a0<\/strong><\/p>\n<p><strong>10<\/strong><\/td>\n<td style=\"width: 39.919%;\" colspan=\"2\" width=\"255\">&nbsp;<\/p>\n<p>Nom\u00e9s DNI. Ajuntament comprova el padr\u00f3.<\/p>\n<p>Contracte laboral o certificat de l\u2019empresa. En el cas d&#8217;aut\u00f2noms, formulari de l\u2019Ag\u00e8ncia Tribut\u00e0ria (model 036 o model 037).<\/p>\n<p>&nbsp;<\/p>\n<p>DNI. L\u2019Ajuntament comprova el Padr\u00f3<\/td>\n<td style=\"width: 233.63%;\" width=\"142\">&nbsp;<\/p>\n<p>Certificat de conviv\u00e8ncia<\/p>\n<p>&nbsp;<\/p>\n<p>&nbsp;<\/td>\n<\/tr>\n<tr>\n<td style=\"width: 46.6265%;\" width=\"312\">Quan el pare o la mare, tutor\/a siguin beneficiaris de l&#8217;ajut de la <strong>renda garantida de ciutadania<\/strong><\/td>\n<td style=\"width: 9.69021%; text-align: center;\" colspan=\"2\" width=\"47\"><strong>10<\/strong><\/td>\n<td style=\"width: 39.919%;\" colspan=\"2\" width=\"255\">Documentaci\u00f3 acreditativa de ser beneficiari de la prestaci\u00f3 econ\u00f2mica de la renda garantida de ciutadania<\/td>\n<td style=\"width: 233.63%;\" width=\"142\"><\/td>\n<\/tr>\n<tr>\n<td style=\"width: 329.866%;\" colspan=\"6\" width=\"756\">\n<h5>CRITERIS COMPLEMENTARIS<\/h5>\n<p>No es sumen als criteris generals. La finalitat \u00e9s el desempat en cas d\u2019igualtat de puntuaci\u00f3 de la suma de criteris generals<\/td>\n<\/tr>\n<tr>\n<td style=\"width: 49.5757%;\" colspan=\"2\" width=\"321\">Quan l\u2019alumne, pare, mare o germ\u00e0 de l\u2019alumne acrediti una <strong>discapacitat igual o superior al 33%<\/strong>. En tenen consideraci\u00f3 els pensionistes per incapacitat<\/td>\n<td style=\"width: 10.6084%; text-align: center;\" colspan=\"2\" width=\"47\"><strong>10<\/strong><\/td>\n<td style=\"width: 36.0516%;\" width=\"246\">Autoritzaci\u00f3 per la consulta a altres administracions. Nom i data naixement en cas que la discapacitat acreditada provingui d\u2019un germ\u00e0<\/td>\n<td style=\"width: 233.63%;\" width=\"142\">Targeta acreditativa vigent<\/td>\n<\/tr>\n<tr>\n<td style=\"width: 49.5757%;\" colspan=\"2\" width=\"321\">Quan el pare, mare o tutor\/a legal <strong>treballen al centre<\/strong><\/td>\n<td style=\"width: 10.6084%; text-align: center;\" colspan=\"2\" width=\"47\"><strong>40<\/strong><\/td>\n<td style=\"width: 36.0516%;\" width=\"246\">Ho acredita el centre<\/td>\n<td style=\"width: 233.63%;\" width=\"142\"><\/td>\n<\/tr>\n<tr>\n<td style=\"width: 49.5757%;\" colspan=\"2\" width=\"321\">Formar part de <strong>fam\u00edlia nombrosa <\/strong><\/td>\n<td style=\"width: 10.6084%; text-align: center;\" colspan=\"2\" width=\"47\"><strong>15<\/strong><\/td>\n<td style=\"width: 36.0516%;\" width=\"246\">Ho comprova l\u2019Ajuntament<\/td>\n<td style=\"width: 233.63%;\" width=\"142\">Carnet vigent de l\u2019infant<\/td>\n<\/tr>\n<tr>\n<td style=\"width: 49.5757%;\" colspan=\"2\" width=\"321\">Formar part de <strong>famlilia monoparental<\/strong><\/td>\n<td style=\"width: 10.6084%; text-align: center;\" colspan=\"2\" width=\"47\"><strong>15<\/strong><\/td>\n<td style=\"width: 36.0516%;\" width=\"246\">Ho comprova l\u2019Ajuntament<\/td>\n<td style=\"width: 233.63%;\" width=\"142\">Carnet vigent de l\u2019infant<\/td>\n<\/tr>\n<tr>\n<td style=\"width: 49.5757%;\" colspan=\"2\" width=\"321\">Fills\/es nascuts de <strong>part m\u00faltiple<\/strong><\/td>\n<td style=\"width: 10.6084%; text-align: center;\" colspan=\"2\" width=\"47\"><strong>10<\/strong><\/td>\n<td style=\"width: 36.0516%;\" width=\"246\">El centre ho comprova amb el llibre de fam\u00edlia<\/td>\n<td style=\"width: 233.63%;\" width=\"142\"><\/td>\n<\/tr>\n<tr>\n<td style=\"width: 49.5757%;\" colspan=\"2\" width=\"321\">Alumne en situaci\u00f3 d\u2019<strong>acolliment<\/strong> familiar<\/td>\n<td style=\"width: 10.6084%; text-align: center;\" colspan=\"2\" width=\"47\"><strong>10<\/strong><\/td>\n<td style=\"width: 36.0516%;\" width=\"246\">Resoluci\u00f3 d\u2019acolliment<\/td>\n<td style=\"width: 233.63%;\" width=\"142\"><\/td>\n<\/tr>\n<tr>\n<td style=\"width: 49.5757%;\" colspan=\"2\" width=\"321\">Ser v\u00edctima de:<\/p>\n<p>\u00b7\u00a0\u00a0\u00a0\u00a0\u00a0\u00a0\u00a0\u00a0 <strong>viol\u00e8ncia de g\u00e8nere\u00a0 <\/strong>o b\u00e9<\/p>\n<p>\u00b7\u00a0\u00a0\u00a0\u00a0\u00a0\u00a0\u00a0\u00a0 de <strong>terrorisme<\/strong><\/td>\n<td style=\"width: 10.6084%; text-align: center;\" colspan=\"2\" width=\"47\"><strong>\u00a0<\/strong><\/p>\n<p><strong>10<\/strong><\/p>\n<p><strong>\u00a0<\/strong><\/td>\n<td style=\"width: 36.0516%;\" width=\"246\">&nbsp;<\/p>\n<p>\u00b7\u00a0\u00a0 Sent\u00e8ncia condemnat\u00f2ria, o resoluci\u00f3 judicial, o informe serveis socials<\/p>\n<p>\u00b7\u00a0\u00a0 Certificat Ministeri Interior<\/td>\n<td style=\"width: 233.63%;\" width=\"142\"><\/td>\n<\/tr>\n<tr>\n<td style=\"width: 49.5757%;\" colspan=\"2\" width=\"321\">Quan la <strong>renda de la unitat familiar*<\/strong> del sol\u00b7licitant, estigui entre els valors de la taula IPREM:<\/p>\n<p>(veure la taula a sota)<\/p>\n<p>*S\u2019entendr\u00e0 aquesta renda global com la suma d\u2019ingressos anuals de tots el membres computables de la unitat familiar que convisquin a la mateixa llar.<\/td>\n<td style=\"width: 10.6084%; text-align: center;\" colspan=\"2\" width=\"47\"><strong>10-5<\/strong><\/td>\n<td style=\"width: 36.0516%;\" width=\"246\">C\u00f2pia de la Declaraci\u00f3 de la Renda (conjunta o separada) del 2023. Es computar\u00e0 com a ingressos els valors de la casella de la Base imposable general i de la Base imposable de l\u2019estalvi que consten a la declaraci\u00f3.<\/td>\n<td style=\"width: 233.63%;\" width=\"142\"><\/td>\n<\/tr>\n<tr>\n<td style=\"width: 49.5757%;\" colspan=\"2\" width=\"321\"><strong>Preinscriure m\u00e9s d\u2019un fill\/a alhora<\/strong> en diferents nivells al mateix centre<\/td>\n<td style=\"width: 10.6084%; text-align: center;\" colspan=\"2\" width=\"47\"><strong>5<\/strong><\/td>\n<td style=\"width: 36.0516%;\" width=\"246\">Ho comprova directament el centre amb la preinscripci\u00f3 de cada fill<\/td>\n<td style=\"width: 233.63%;\" width=\"142\"><\/td>\n<\/tr>\n<tr>\n<td style=\"width: 49.5757%;\" colspan=\"2\" width=\"321\">Pel fet de realitzar un <strong>canvi de centre<\/strong> municipal (quan el curs anterior es va sol\u00b7licitar en 1a opci\u00f3 i es torna a sol\u00b7licitar)<\/td>\n<td style=\"width: 10.6084%; text-align: center;\" colspan=\"2\" width=\"47\"><strong>5<\/strong><\/td>\n<td style=\"width: 36.0516%;\" width=\"246\">Ho comprova el Servei d\u2019Educaci\u00f3 de l\u2019Ajuntament<\/td>\n<td style=\"width: 233.63%;\" width=\"142\"><\/td>\n<\/tr>\n<tr>\n<td style=\"width: 49.5757%;\" colspan=\"2\" width=\"321\">Progenitors que <strong>treballen<\/strong> o s\u00f3n <strong>demandants d\u2019ocupaci\u00f3 no ocupats<\/strong> (SOC), incloses baixes maternitat i exced\u00e8ncia per cura de fill amb incorporaci\u00f3 abans de finalitzar el 2023.<\/td>\n<td style=\"width: 10.6084%; text-align: center;\" colspan=\"2\" width=\"47\"><strong>4<\/strong><\/td>\n<td style=\"width: 36.0516%;\" width=\"246\">N\u00f2mina o rebut aut\u00f2noms abril 2024, carta Seguretat Social (baixa maternitat), certificat empresa i vida laboral (exced\u00e8ncies).<\/td>\n<td style=\"width: 233.63%;\" width=\"142\">Certificat del SOC per a demandant d\u2019ocupaci\u00f3 no ocupat.<\/td>\n<\/tr>\n<\/tbody>\n<\/table>\n<table style=\"width: 97.5003%;\">\n<tbody>\n<tr>\n<td style=\"width: 100%;\" width=\"404\">\n<h5><strong>Documents que tothom ha d\u2019adjuntar a la preinscripci\u00f3<\/strong>:<\/h5>\n<\/td>\n<\/tr>\n<tr>\n<td style=\"width: 100%;\">\n<ul>\n<li>\n<h6>DNI \/ NIE<\/h6>\n<\/li>\n<li>\n<h6>Llibre de fam\u00edlia (p\u00e0gina progenitors i infant) o inscripci\u00f3 de naixement<\/h6>\n<\/li>\n<li>\n<h6>Els que acreditin punts<\/h6>\n<\/li>\n<\/ul>\n<\/td>\n<\/tr>\n<\/tbody>\n<\/table>\n<table style=\"width: 97.5758%;\" width=\"416\">\n<tbody>\n<tr>\n<td style=\"width: 22.7053%;\" width=\"95\">\n<h5>TAULA IPREM:<\/h5>\n<\/td>\n<td style=\"width: 31.1594%;\" width=\"132\"><\/td>\n<td style=\"width: 196.059%;\" width=\"189\"><\/td>\n<\/tr>\n<tr>\n<td style=\"width: 22.7053%;\" width=\"95\"><strong>Unitat familiar<\/strong><\/td>\n<td style=\"width: 31.1594%;\" width=\"132\"><strong>10 punts<\/strong><\/td>\n<td style=\"width: 196.059%;\" width=\"189\"><strong>5 punts<\/strong><\/td>\n<\/tr>\n<tr>\n<td style=\"width: 22.7053%;\" width=\"95\"><strong>2 membres<\/strong><\/td>\n<td style=\"width: 31.1594%;\" width=\"132\">Inferiors a 16.800,00 \u20ac<\/td>\n<td style=\"width: 196.059%;\" width=\"189\">Entre 16.800,01 \u20ac i 25.200,00 \u20ac<\/td>\n<\/tr>\n<tr>\n<td style=\"width: 22.7053%;\" width=\"95\"><strong>3 membres<\/strong><\/td>\n<td style=\"width: 31.1594%;\" width=\"132\">Inferiors a 21.000,00 \u20ac<\/td>\n<td style=\"width: 196.059%;\" width=\"189\">Entre 21.000,01 \u20ac i 31.500,00 \u20ac<\/td>\n<\/tr>\n<tr>\n<td style=\"width: 22.7053%;\" width=\"95\"><strong>4 membres<\/strong><\/td>\n<td style=\"width: 31.1594%;\" width=\"132\">Inferiors a 25.200,00 \u20ac<\/td>\n<td style=\"width: 196.059%;\" width=\"189\">Entre 25.200,01 \u20ac i 37.800,00 \u20ac<\/td>\n<\/tr>\n<tr>\n<td style=\"width: 22.7053%;\" width=\"95\"><strong>5 membres<\/strong><\/td>\n<td style=\"width: 31.1594%;\" width=\"132\">Inferiors a 29.400,00 \u20ac<\/td>\n<td style=\"width: 196.059%;\" width=\"189\">Entre 29.400,01 \u20ac i 44.100,00 \u20ac<\/td>\n<\/tr>\n<tr>\n<td style=\"width: 22.7053%;\" width=\"95\"><strong>6 membres<\/strong><\/td>\n<td style=\"width: 31.1594%;\" width=\"132\">Inferiors a 33.600,00\u20ac<\/td>\n<td style=\"width: 196.059%;\" width=\"189\">Entre 33.600,01 \u20ac i 50.400,00 \u20ac<\/td>\n<\/tr>\n<tr>\n<td style=\"width: 22.7053%;\" width=\"95\"><strong>7 membres<\/strong><\/td>\n<td style=\"width: 31.1594%;\" width=\"132\">Inferiors a 37.800,00 \u20ac<\/td>\n<td style=\"width: 196.059%;\" width=\"189\">Entre 37.800,01 \u20ac i 56.700,00 \u20ac<\/td>\n<\/tr>\n<tr>\n<td style=\"width: 22.7053%;\" width=\"95\"><strong>8 membres<\/strong><\/td>\n<td style=\"width: 31.1594%;\" width=\"132\">Inferiors a 42.000,00 \u20ac<\/td>\n<td style=\"width: 196.059%;\" width=\"189\">Entre 42.000,01 \u20ac i 63.000,00 \u20ac<\/td>\n<\/tr>\n<\/tbody>\n<\/table>\n<p>&nbsp;<\/p>\n<p>&nbsp;<\/p>\n","protected":false},"excerpt":{"rendered":"<p>Proc\u00e9s de preinscripci\u00f3 i matr\u00edcula<\/p>\n<p>&nbsp;<\/p>\n<p>HORARI D\u2019ATENCI\u00d3 PRESENCIAL PREINSCRIPCIONS I MATR\u00cdCULES:<\/p>\n<p>Nom\u00e9s s\u2019atendr\u00e0 les visites concertades. Cal reservar hora per tel\u00e8fon. Les preinscripcions es presenten telem\u00e0ticament (excepte si feu canvi de centre o no teniu possibilitat d\u2019obtenir certificat digital). Si teniu dubtes truqueu-nos. La matr\u00edcula \u00e9s presencial.<\/p>\n<p>&nbsp;<\/p>\n<p>FASES&hellip;  <a href=\"https:\/\/agora.xtec.cat\/llarelsangels\/general\/preinscripcio-2024-25\/\" title=\"Read PREINSCRIPCI\u00d3  CURS 2024-25\">Llegeix m\u00e9s\u00bb<\/a><\/p>\n","protected":false},"author":1,"featured_media":0,"comment_status":"closed","ping_status":"closed","sticky":false,"template":"","format":"standard","meta":{"_bbp_topic_count":0,"_bbp_reply_count":0,"_bbp_total_topic_count":0,"_bbp_total_reply_count":0,"_bbp_voice_count":0,"_bbp_anonymous_reply_count":0,"_bbp_topic_count_hidden":0,"_bbp_reply_count_hidden":0,"_bbp_forum_subforum_count":0,"footnotes":""},"categories":[1],"tags":[91,76],"class_list":["post-1338","post","type-post","status-publish","format-standard","hentry","category-general","tag-curs-2024-25","tag-preinscripcions"],"post_mailing_queue_ids":[],"_links":{"self":[{"href":"https:\/\/agora.xtec.cat\/llarelsangels\/wp-json\/wp\/v2\/posts\/1338","targetHints":{"allow":["GET"]}}],"collection":[{"href":"https:\/\/agora.xtec.cat\/llarelsangels\/wp-json\/wp\/v2\/posts"}],"about":[{"href":"https:\/\/agora.xtec.cat\/llarelsangels\/wp-json\/wp\/v2\/types\/post"}],"author":[{"embeddable":true,"href":"https:\/\/agora.xtec.cat\/llarelsangels\/wp-json\/wp\/v2\/users\/1"}],"replies":[{"embeddable":true,"href":"https:\/\/agora.xtec.cat\/llarelsangels\/wp-json\/wp\/v2\/comments?post=1338"}],"version-history":[{"count":6,"href":"https:\/\/agora.xtec.cat\/llarelsangels\/wp-json\/wp\/v2\/posts\/1338\/revisions"}],"predecessor-version":[{"id":1369,"href":"https:\/\/agora.xtec.cat\/llarelsangels\/wp-json\/wp\/v2\/posts\/1338\/revisions\/1369"}],"wp:attachment":[{"href":"https:\/\/agora.xtec.cat\/llarelsangels\/wp-json\/wp\/v2\/media?parent=1338"}],"wp:term":[{"taxonomy":"category","embeddable":true,"href":"https:\/\/agora.xtec.cat\/llarelsangels\/wp-json\/wp\/v2\/categories?post=1338"},{"taxonomy":"post_tag","embeddable":true,"href":"https:\/\/agora.xtec.cat\/llarelsangels\/wp-json\/wp\/v2\/tags?post=1338"}],"curies":[{"name":"wp","href":"https:\/\/api.w.org\/{rel}","templated":true}]}}