{"id":13,"date":"2020-04-21T11:49:40","date_gmt":"2020-04-21T09:49:40","guid":{"rendered":"http:\/\/agora.xtec.cat\/llarelsangels\/?p=13"},"modified":"2021-02-18T16:28:07","modified_gmt":"2021-02-18T15:28:07","slug":"mig-curs-en-un-video-som-els-cargols","status":"publish","type":"post","link":"https:\/\/agora.xtec.cat\/llarelsangels\/portada\/mig-curs-en-un-video-som-els-cargols\/","title":{"rendered":"Mig curs en un v\u00eddeo&#8230; som els Cargols"},"content":{"rendered":"<p>Hola Cargols!<\/p>\n<p>Espero que tothom estigui b\u00e9.<\/p>\n<p>Desitjo que aquest v\u00eddeo us agradi i aix\u00ed recordeu a tots els vostres amics.<\/p>\n<p>Tot aquest temps que hem estat junts, hem tingut estones de tot, heu estat trists, enfadats&#8230;per\u00f2 sobretot molt contents d&#8217;estar tots junts i ens ho hem passat for\u00e7a b\u00e9 fent totes aquestes activitats tant divertides.<\/p>\n<p>Nom\u00e9s dir-vos que us trobo a faltar i que us estimo.<\/p>\n<p>Un pet\u00f3 i una abra\u00e7ada ben gran! Fins aviat!<\/p>\n<p><strong>(El v\u00eddeo ja no \u00e9s obert a tots els visitants de la web)<\/strong><\/p>\n<p><a href=\"https:\/\/agora.xtec.cat\/llarelsangels\/wp-content\/uploads\/usu1591\/2020\/04\/cargols-sorral-w.jpg\"><img loading=\"lazy\" decoding=\"async\" class=\"alignnone size-full wp-image-604\" src=\"https:\/\/agora.xtec.cat\/llarelsangels\/wp-content\/uploads\/usu1591\/2020\/04\/cargols-sorral-w.jpg\" alt=\"\" width=\"640\" height=\"480\" srcset=\"https:\/\/agora.xtec.cat\/llarelsangels\/wp-content\/uploads\/usu1591\/2020\/04\/cargols-sorral-w.jpg 640w, https:\/\/agora.xtec.cat\/llarelsangels\/wp-content\/uploads\/usu1591\/2020\/04\/cargols-sorral-w-300x225.jpg 300w, https:\/\/agora.xtec.cat\/llarelsangels\/wp-content\/uploads\/usu1591\/2020\/04\/cargols-sorral-w-200x150.jpg 200w\" sizes=\"auto, (max-width: 640px) 100vw, 640px\" \/><\/a><\/p>\n","protected":false},"excerpt":{"rendered":"<p>Hola Cargols!<br \/>\nEspero que tothom estigui b\u00e9.<br \/>\nDesitjo que aquest v\u00eddeo us agradi i aix\u00ed recordeu a tots els vostres amics.<br \/>\nTot aquest temps que hem estat junts, hem tingut estones de tot, heu estat trists, enfadats&#8230;per\u00f2 sobretot molt contents d&#8217;estar tots junts i ens ho hem passat&hellip;  <a href=\"https:\/\/agora.xtec.cat\/llarelsangels\/portada\/mig-curs-en-un-video-som-els-cargols\/\" title=\"Read Mig curs en un v\u00eddeo&#8230; som els Cargols\">Llegeix m\u00e9s\u00bb<\/a><\/p>\n","protected":false},"author":1,"featured_media":0,"comment_status":"open","ping_status":"closed","sticky":false,"template":"","format":"standard","meta":{"_bbp_topic_count":0,"_bbp_reply_count":0,"_bbp_total_topic_count":0,"_bbp_total_reply_count":0,"_bbp_voice_count":0,"_bbp_anonymous_reply_count":0,"_bbp_topic_count_hidden":0,"_bbp_reply_count_hidden":0,"_bbp_forum_subforum_count":0,"footnotes":""},"categories":[71,63,4],"tags":[72,67,66],"class_list":["post-13","post","type-post","status-publish","format-standard","hentry","category-cargols","category-imatges","category-portada","tag-cargols","tag-curs-2019-20","tag-imatges"],"post_mailing_queue_ids":[],"_links":{"self":[{"href":"https:\/\/agora.xtec.cat\/llarelsangels\/wp-json\/wp\/v2\/posts\/13","targetHints":{"allow":["GET"]}}],"collection":[{"href":"https:\/\/agora.xtec.cat\/llarelsangels\/wp-json\/wp\/v2\/posts"}],"about":[{"href":"https:\/\/agora.xtec.cat\/llarelsangels\/wp-json\/wp\/v2\/types\/post"}],"author":[{"embeddable":true,"href":"https:\/\/agora.xtec.cat\/llarelsangels\/wp-json\/wp\/v2\/users\/1"}],"replies":[{"embeddable":true,"href":"https:\/\/agora.xtec.cat\/llarelsangels\/wp-json\/wp\/v2\/comments?post=13"}],"version-history":[{"count":4,"href":"https:\/\/agora.xtec.cat\/llarelsangels\/wp-json\/wp\/v2\/posts\/13\/revisions"}],"predecessor-version":[{"id":802,"href":"https:\/\/agora.xtec.cat\/llarelsangels\/wp-json\/wp\/v2\/posts\/13\/revisions\/802"}],"wp:attachment":[{"href":"https:\/\/agora.xtec.cat\/llarelsangels\/wp-json\/wp\/v2\/media?parent=13"}],"wp:term":[{"taxonomy":"category","embeddable":true,"href":"https:\/\/agora.xtec.cat\/llarelsangels\/wp-json\/wp\/v2\/categories?post=13"},{"taxonomy":"post_tag","embeddable":true,"href":"https:\/\/agora.xtec.cat\/llarelsangels\/wp-json\/wp\/v2\/tags?post=13"}],"curies":[{"name":"wp","href":"https:\/\/api.w.org\/{rel}","templated":true}]}}