{"id":1246,"date":"2023-04-26T08:00:44","date_gmt":"2023-04-26T06:00:44","guid":{"rendered":"https:\/\/agora.xtec.cat\/llarelsangels\/?p=1246"},"modified":"2024-04-16T11:23:22","modified_gmt":"2024-04-16T09:23:22","slug":"proces-de-preinscripcio-i-matricula-curs-2023-2024","status":"publish","type":"post","link":"https:\/\/agora.xtec.cat\/llarelsangels\/general\/proces-de-preinscripcio-i-matricula-curs-2023-2024\/","title":{"rendered":"Proc\u00e9s de preinscripci\u00f3 i matr\u00edcula  Curs 2023\/2024"},"content":{"rendered":"<h3 style=\"text-align: left;\"><\/h3>\n<table style=\"width: 69.4837%;\" width=\"475\">\n<tbody>\n<tr>\n<td style=\"width: 74.1125%;\" width=\"333\">\n<h5><em>FASES DE LA PREINSCRIPCI\u00d3<\/em><\/h5>\n<\/td>\n<td style=\"width: 154.363%;\" width=\"142\">\n<h5><em>DATES<\/em><\/h5>\n<\/td>\n<\/tr>\n<tr>\n<td style=\"width: 74.1125%;\" width=\"333\"><strong>Presentaci\u00f3 sol\u00b7licituds <\/strong>telem\u00e0ticament amb l\u2019IDCat M\u00f2bil, DNIe o certificat digital<\/td>\n<td style=\"width: 154.363%;\" width=\"142\"><strong>Del 8 al 19 de maig<\/strong><\/td>\n<\/tr>\n<tr>\n<td style=\"width: 74.1125%;\" width=\"333\"><strong>Llistes provisionals amb el barem\u00a0\u00a0\u00a0\u00a0\u00a0\u00a0\u00a0\u00a0\u00a0\u00a0\u00a0 <\/strong><\/td>\n<td style=\"width: 154.363%;\" width=\"142\"><strong>1 de juny<\/strong><\/td>\n<\/tr>\n<tr>\n<td style=\"width: 74.1125%;\" width=\"333\">Reclamacions a les llistes amb el barem<\/td>\n<td style=\"width: 154.363%;\" width=\"142\">Del 2 al 8 de juny<\/td>\n<\/tr>\n<tr>\n<td style=\"width: 74.1125%;\" width=\"333\">Sorteig<\/td>\n<td style=\"width: 154.363%;\" width=\"142\">9 de juny<\/td>\n<\/tr>\n<tr>\n<td style=\"width: 74.1125%;\" width=\"333\"><strong>Llistes d\u2019alumnat adm\u00e8s i llistes d\u2019espera <\/strong><\/p>\n<p><strong><em>*Si la vostra preinscripci\u00f3 \u00e9s a adm\u00e8s reserveu hora per fer la matriculaci\u00f3 presencial<\/em><\/strong><\/td>\n<td style=\"width: 154.363%;\" width=\"142\"><strong>El 15 de juny<\/strong><\/td>\n<\/tr>\n<tr>\n<td style=\"width: 74.1125%;\" width=\"333\"><strong>Per\u00edode de matriculaci\u00f3<\/strong><\/p>\n<p>presencialment amb hora reservada<\/td>\n<td style=\"width: 154.363%;\" width=\"142\"><strong>Del 16 al 22 de juny<\/strong><\/p>\n<p>&nbsp;<\/td>\n<\/tr>\n<\/tbody>\n<\/table>\n<h4>COM PRESENTAR LA PREINSCRIPCI\u00d3 TELEM\u00c0TICA:<\/h4>\n<ul>\n<li>Necessitareu un ordinador, tauleta o tel\u00e8fon m\u00f2bil amb connexi\u00f3 a Internet.<\/li>\n<li><strong>Cal tenir l\u2019IDCat M\u00f2bil o un altra certificat digital <\/strong>(excepte cl@ve)<strong>.<\/strong><\/li>\n<\/ul>\n<p>Tutorial per fer l\u2019IDCat\u00a0 M\u00f2bil: <a href=\"https:\/\/web.gencat.cat\/ca\/tramits\/com-tramitar-en-linia\/identificacio-digital\/id-cat-mobil\/\">https:\/\/web.gencat.cat\/ca\/tramits\/com-tramitar-en-linia\/identificacio-digital\/id-cat-mobil\/<\/a>\u00a0 Per fer-lo necessiteu DNI o TIE (Targeta d\u2019Identitat d\u2019Estranger, no NIE), TSI o MUFACE, i n\u00famero de tel\u00e8fon m\u00f2bil.<\/p>\n<ul>\n<li>Entreu a l\u2019enlla\u00e7 per fer la preinscripci\u00f3 telem\u00e0tica. (La trobareu a la web de la llar i a la de l\u2019Ajuntament).<\/li>\n<li>Un cop us heu identificat, haureu d\u2019omplir les dades que us va demanant.<\/li>\n<li>Al final haureu d\u2019adjuntar la documentaci\u00f3 digitalitzada (escanejada o en fotografia que es llegeixi b\u00e9).<\/li>\n<li>Un cop l\u2019envieu, rebreu al vostre correu electr\u00f2nic la confirmaci\u00f3 d\u2019enviament.<\/li>\n<\/ul>\n<p>&nbsp;<\/p>\n<h4>Algunes consideracions:<\/h4>\n<ol>\n<li><strong>L\u2019adre\u00e7a del DNI ha d\u2019estar actualitzada en el moment de fer la matr\u00edcula<\/strong>. Si l\u2019heu de canviar, aneu demanant hora per fer el tr\u00e0mit.<\/li>\n<li>Per obtenir pla\u00e7a en una centre educatiu p\u00fablic cal fer la sol\u00b7licitud de preinscripci\u00f3 dins del termini oficial.<\/li>\n<li>Per sol\u00b7licitar preinscripci\u00f3 a la llar d\u2019infants Els \u00c0ngels cal que l\u2019infant hagi nascut en els anys 2021 o 2022.<\/li>\n<li>Per assignar les places, quan en un centre hi ha m\u00e9s sol\u00b7licituds que vacants, s\u2019apliquen els criteris de puntuaci\u00f3. Els criteris de puntuaci\u00f3 que no estiguin acreditats com correspon no puntuaran. Per dirimir les situacions d\u2019empat es fa un sorteig a Educaci\u00f3 per tal de determinar el n\u00famero a partir del qual s\u2019ordenar\u00e0 la llista de sol\u00b7licituds.<\/li>\n<li>Tots els centres han de reservar unes places destinades a alumnes amb necessitats educatives especials.<\/li>\n<li>El centre es reserva el dret de variar les places que ofereix a preinscripci\u00f3 en funci\u00f3 de la demanda:<\/li>\n<\/ol>\n<p>Els Caminants, nascuts el 2022: 20 places\u00a0 (2 reservades NEE)<\/p>\n<p>Els Maternals, nascuts el 2021: 27 places (3 reservades NEE)<\/p>\n<p><strong>En tots els casos \u00e9s imprescindible presentar el document d&#8217;identitat (DNI \/ NIE) del progenitor\/s que fa la sol\u00b7licitud i el llibre de fam\u00edlia (p\u00e0gina dels progenitors i de l&#8217;infant a inscriure) o la inscripci\u00f3 de naixement.<\/strong><\/p>\n<h4>CRITERIS\u00a0 DE PUNTUACI\u00d3:<\/h4>\n<table style=\"width: 96.772%; height: 1127px;\" width=\"756\">\n<tbody>\n<tr style=\"height: 50px;\">\n<td style=\"width: 47.8839%; height: 50px;\" width=\"312\">\n<h5><strong>CRITERIS GENERALS<\/strong><\/h5>\n<\/td>\n<td style=\"width: 0.749625%; height: 50px;\" width=\"47\">\n<h5 style=\"text-align: center;\">Punts<\/h5>\n<\/td>\n<td style=\"width: 34.7168%; height: 50px;\" width=\"236\">\n<h5><strong>Documentaci\u00f3 que ho acredita: <\/strong>(si s\u2019autoritza a l\u2019Ajuntament a fer les consultes a altres administracions)<\/h5>\n<\/td>\n<td style=\"width: 84.8294%; height: 50px;\" width=\"161\">\n<h5><strong>Documentaci\u00f3 addicional <\/strong>(quan no s\u2019autoritza Ajuntament)<\/h5>\n<\/td>\n<\/tr>\n<tr style=\"height: 58px;\">\n<td style=\"width: 47.8839%; height: 58px;\" width=\"312\">Exist\u00e8ncia de <strong>germans\/es<\/strong> matriculats al centre educatiu.<\/td>\n<td style=\"width: 0.749625%; text-align: center; height: 58px;\" width=\"47\">\n<h6><strong>40 <\/strong><\/h6>\n<h6><strong>\u00a0<\/strong><\/h6>\n<\/td>\n<td style=\"width: 34.7168%; height: 58px;\" width=\"236\">No cal documentaci\u00f3, ho comprova el centre.<\/td>\n<td style=\"width: 84.8294%; height: 58px;\" width=\"161\"><\/td>\n<\/tr>\n<tr style=\"height: 257px;\">\n<td style=\"width: 47.8839%; height: 257px;\" width=\"312\">Proximitat del domicili (nom\u00e9s un criteri)<\/p>\n<p>\u00b7\u00a0\u00a0\u00a0\u00a0\u00a0\u00a0\u00a0\u00a0 Quan el <strong>domicili<\/strong> de la persona sol\u00b7licitant estigui dins l\u2019\u00e0rea de proximitat del centre<\/p>\n<p>\u00b7\u00a0\u00a0\u00a0\u00a0\u00a0\u00a0\u00a0\u00a0 Quan es prengui en consideraci\u00f3 l\u2019adre\u00e7a del <strong>lloc de treball<\/strong> dins de l\u2019\u00e0rea de proximitat del centre<\/p>\n<p>\u00b7\u00a0\u00a0\u00a0\u00a0\u00a0\u00a0\u00a0\u00a0 Quan el domicili de la persona sol\u00b7licitant \u00e9s <strong>al mateix municipi per\u00f2 no a l\u2019\u00e0rea de proximitat<\/strong> del centre sol\u00b7licitat en primer lloc<\/td>\n<td style=\"width: 0.749625%; text-align: center; height: 257px;\" width=\"47\">\n<h6><strong>\u00a0<\/strong><strong>30 <\/strong><\/h6>\n<h6><strong>\u00a0<\/strong><\/h6>\n<h6><strong>20 <\/strong><\/h6>\n<h6><strong>\u00a0<\/strong><\/h6>\n<h6><strong>10 <\/strong><\/h6>\n<\/td>\n<td style=\"width: 34.7168%; height: 257px;\" width=\"236\">Nom\u00e9s DNI. Ajuntament comprova el padr\u00f3.<\/p>\n<p>Contracte laboral o certificat de l\u2019empresa. En el cas d&#8217;aut\u00f2noms, formulari de l\u2019Ag\u00e8ncia Tribut\u00e0ria (model 036 o model 037).<\/p>\n<p>DNI. L\u2019Ajuntament comprova el Padr\u00f3<\/td>\n<td style=\"width: 84.8294%; height: 257px;\" width=\"161\">&nbsp;<\/p>\n<p>Full del Padr\u00f3<\/p>\n<p>&nbsp;<\/p>\n<p>&nbsp;<\/td>\n<\/tr>\n<tr style=\"height: 49px;\">\n<td style=\"width: 47.8839%; height: 49px;\" width=\"312\">Quan el pare o la mare, tutor\/a siguin beneficiaris de l&#8217;ajut de la <strong>renda garantida de ciutadania<\/strong><\/td>\n<td style=\"width: 0.749625%; text-align: center; height: 49px;\" width=\"47\">\n<h6><strong>10<\/strong><\/h6>\n<\/td>\n<td style=\"width: 34.7168%; height: 49px;\" width=\"236\">Documentaci\u00f3 acreditativa de ser beneficiari de la prestaci\u00f3 econ\u00f2mica de la renda garantida de ciutadania<\/td>\n<td style=\"width: 84.8294%; height: 49px;\" width=\"161\"><\/td>\n<\/tr>\n<tr style=\"height: 80px;\">\n<td style=\"width: 83.3503%; height: 80px;\" colspan=\"3\" width=\"595\">\n<h5><strong>CRITERIS COMPLEMENTARIS<\/strong><\/h5>\n<h5>No es sumen als criteris generals. La finalitat \u00e9s el desempat en cas d\u2019igualtat de puntuaci\u00f3 de la suma de criteris generals<\/h5>\n<\/td>\n<td style=\"width: 84.8294%; height: 80px;\" width=\"161\">\n<h5><strong>\u00a0<\/strong><\/h5>\n<\/td>\n<\/tr>\n<tr style=\"height: 65px;\">\n<td style=\"width: 47.8839%; height: 65px;\" width=\"312\">Quan l\u2019alumne, pare, mare o germ\u00e0 de l\u2019alumne acrediti una <strong>discapacitat igual o superior al 33%<\/strong>. En tenen consideraci\u00f3 els pensionistes per incapacitat<\/td>\n<td style=\"width: 0.749625%; text-align: center; height: 65px;\" width=\"47\">\n<h6><strong>10<\/strong><\/h6>\n<\/td>\n<td style=\"width: 34.7168%; height: 65px;\" width=\"236\">Autoritzaci\u00f3 per la consulta a altres administracions. Nom i data naixement en cas que la discapacitat acreditada provingui d\u2019un germ\u00e0<\/td>\n<td style=\"width: 84.8294%; height: 65px;\" width=\"161\">Targeta acreditativa vigent<\/td>\n<\/tr>\n<tr style=\"height: 33px;\">\n<td style=\"width: 47.8839%; height: 33px;\" width=\"312\">Quan el pare, mare o tutor\/a legal <strong>treballen al centre<\/strong><\/td>\n<td style=\"width: 0.749625%; text-align: center; height: 33px;\" width=\"47\">\n<h6><strong>40<\/strong><\/h6>\n<\/td>\n<td style=\"width: 34.7168%; height: 33px;\" width=\"236\">Ho acredita el centre<\/td>\n<td style=\"width: 84.8294%; height: 33px;\" width=\"161\"><\/td>\n<\/tr>\n<tr style=\"height: 33px;\">\n<td style=\"width: 47.8839%; height: 33px;\" width=\"312\">Formar part de <strong>fam\u00edlia nombrosa <\/strong><\/td>\n<td style=\"width: 0.749625%; text-align: center; height: 33px;\" width=\"47\">\n<h6><strong>15<\/strong><\/h6>\n<\/td>\n<td style=\"width: 34.7168%; height: 33px;\" width=\"236\">Ho comprova l\u2019Ajuntament<\/td>\n<td style=\"width: 84.8294%; height: 33px;\" width=\"161\">Carnet vigent de l\u2019infant<\/td>\n<\/tr>\n<tr style=\"height: 33px;\">\n<td style=\"width: 47.8839%; height: 33px;\" width=\"312\">Formar part de <strong>famlilia monoparental<\/strong><\/td>\n<td style=\"width: 0.749625%; text-align: center; height: 33px;\" width=\"47\">\n<h6><strong>15<\/strong><\/h6>\n<\/td>\n<td style=\"width: 34.7168%; height: 33px;\" width=\"236\">Ho comprova l\u2019Ajuntament<\/td>\n<td style=\"width: 84.8294%; height: 33px;\" width=\"161\">Carnet vigent de l\u2019infant<\/td>\n<\/tr>\n<tr style=\"height: 33px;\">\n<td style=\"width: 47.8839%; height: 33px;\" width=\"312\">Fills\/es nascuts de <strong>part m\u00faltiple<\/strong><\/td>\n<td style=\"width: 0.749625%; text-align: center; height: 33px;\" width=\"47\">\n<h6><strong>10<\/strong><\/h6>\n<\/td>\n<td style=\"width: 34.7168%; height: 33px;\" width=\"236\">El centre ho comprova amb el llibre de fam\u00edlia<\/td>\n<td style=\"width: 84.8294%; height: 33px;\" width=\"161\"><\/td>\n<\/tr>\n<tr style=\"height: 33px;\">\n<td style=\"width: 47.8839%; height: 33px;\" width=\"312\">Alumne en situaci\u00f3 d\u2019<strong>acolliment<\/strong> familiar<\/td>\n<td style=\"width: 0.749625%; text-align: center; height: 33px;\" width=\"47\">\n<h6><strong>10<\/strong><\/h6>\n<\/td>\n<td style=\"width: 34.7168%; height: 33px;\" width=\"236\">Resoluci\u00f3 d\u2019acolliment<\/td>\n<td style=\"width: 84.8294%; height: 33px;\" width=\"161\"><\/td>\n<\/tr>\n<tr style=\"height: 137px;\">\n<td style=\"width: 47.8839%; height: 137px;\" width=\"312\">Ser v\u00edctima de:<\/p>\n<ul>\n<li><strong>viol\u00e8ncia de g\u00e8nere \u00a0<\/strong>o b\u00e9<\/li>\n<li>de <strong>terrorisme<\/strong><\/li>\n<\/ul>\n<\/td>\n<td style=\"width: 0.749625%; text-align: center; height: 137px;\" width=\"47\">\n<h6><strong>\u00a0<\/strong><\/h6>\n<h6><strong>10<\/strong><\/h6>\n<h6><strong>\u00a0<\/strong><\/h6>\n<\/td>\n<td style=\"width: 34.7168%; height: 137px;\" width=\"236\">&nbsp;<\/p>\n<p>Sent\u00e8ncia condemnat\u00f2ria, o resoluci\u00f3 judicial, o informe serveis socials<\/p>\n<p>Certificat Ministeri Interior<\/td>\n<td style=\"width: 84.8294%; height: 137px;\" width=\"161\"><\/td>\n<\/tr>\n<tr style=\"height: 119px;\">\n<td style=\"width: 47.8839%; height: 119px;\" width=\"312\">Quan la <strong>renda de la unitat familiar<\/strong> del sol\u00b7licitant, estigui entre els valors de la taula IPREM:<\/p>\n<p>(veure la taula a sota)<\/td>\n<td style=\"width: 0.749625%; text-align: center; height: 119px;\" width=\"47\">\n<h6><strong>10-5<\/strong><\/h6>\n<\/td>\n<td style=\"width: 34.7168%; height: 119px;\" width=\"236\">C\u00f2pia de la Declaraci\u00f3 de la Renda (conjunta o separada) del 2022. Es computar\u00e0 com a ingressos els valors de la casella de la Base imposable general i de la Base imposable de l\u2019estalvi que consten a la declaraci\u00f3.<\/td>\n<td style=\"width: 84.8294%; height: 119px;\" width=\"161\"><\/td>\n<\/tr>\n<tr style=\"height: 33px;\">\n<td style=\"width: 47.8839%; height: 33px;\" width=\"312\"><strong>Preinscriure m\u00e9s d\u2019un fill\/a alhora<\/strong> en diferents nivells al mateix centre<\/td>\n<td style=\"width: 0.749625%; text-align: center; height: 33px;\" width=\"47\">\n<h6><strong>5<\/strong><\/h6>\n<\/td>\n<td style=\"width: 34.7168%; height: 33px;\" width=\"236\">Ho comprova directament el centre amb la preinscripci\u00f3 de cada fill<\/td>\n<td style=\"width: 84.8294%; height: 33px;\" width=\"161\"><\/td>\n<\/tr>\n<tr style=\"height: 49px;\">\n<td style=\"width: 47.8839%; height: 49px;\" width=\"312\">Pel fet de realitzar un <strong>canvi de centre<\/strong> municipal (quan el curs anterior es va sol\u00b7licitar en 1a opci\u00f3 i es torna a sol\u00b7licitar)<\/td>\n<td style=\"width: 0.749625%; text-align: center; height: 49px;\" width=\"47\">\n<h6><strong>5<\/strong><\/h6>\n<\/td>\n<td style=\"width: 34.7168%; height: 49px;\" width=\"236\">Ho comprova el Servei d\u2019Educaci\u00f3 de l\u2019Ajuntament<\/td>\n<td style=\"width: 84.8294%; height: 49px;\" width=\"161\"><\/td>\n<\/tr>\n<tr style=\"height: 65px;\">\n<td style=\"width: 47.8839%; height: 65px;\" width=\"312\">Progenitors que <strong>treballen<\/strong> o s\u00f3n <strong>demandants d\u2019ocupaci\u00f3 no ocupats<\/strong> (SOC), incloses baixes maternitat i exced\u00e8ncia per cura de fill amb incorporaci\u00f3 abans de finalitzar el 2023.<\/td>\n<td style=\"width: 0.749625%; text-align: center; height: 65px;\" width=\"47\">\n<h6><strong>4<\/strong><\/h6>\n<\/td>\n<td style=\"width: 34.7168%; height: 65px;\" width=\"236\">N\u00f2mina o rebut aut\u00f2noms abril 2023, carta Seguretat Social (baixa maternitat), certificat empresa i vida laboral (exced\u00e8ncies).<\/td>\n<td style=\"width: 84.8294%; height: 65px;\" width=\"161\">Certificat del SOC per a demandant d\u2019ocupaci\u00f3 no ocupat.<\/td>\n<\/tr>\n<\/tbody>\n<\/table>\n<p>*S\u2019entendr\u00e0 aquesta renda global com la suma d\u2019ingressos anuals de tots el membres computables de la unitat familiar que convisquin a la mateixa llar.<\/p>\n<p>Taula IPREM:<\/p>\n<table style=\"height: 1px; width: 71.701%;\" width=\"71.701%\" cellspacing=\"0\" cellpadding=\"0\">\n<tbody>\n<tr>\n<td style=\"width: 23.7319%;\" width=\"133\"><strong>Unitat familiar<\/strong><\/td>\n<td style=\"width: 33.8768%;\" width=\"191\"><strong>10 punts<\/strong><\/td>\n<td style=\"width: 120.109%;\" width=\"229\"><strong>5 punts<\/strong><\/td>\n<\/tr>\n<tr>\n<td style=\"width: 23.7319%;\" width=\"133\"><strong>2 membres<\/strong><\/td>\n<td style=\"width: 33.8768%;\" width=\"191\">Inferiors a 16.800,00 \u20ac<\/td>\n<td style=\"width: 120.109%;\" width=\"229\">Entre 16.800,01 \u20ac i 25.200,00 \u20ac<\/td>\n<\/tr>\n<tr>\n<td style=\"width: 23.7319%;\" width=\"133\"><strong>3 membres<\/strong><\/td>\n<td style=\"width: 33.8768%;\" width=\"191\">Inferiors a 21.000,00 \u20ac<\/td>\n<td style=\"width: 120.109%;\" width=\"229\">Entre 21.000,01 \u20ac i 31.500,00 \u20ac<\/td>\n<\/tr>\n<tr>\n<td style=\"width: 23.7319%;\" width=\"133\"><strong>4 membres<\/strong><\/td>\n<td style=\"width: 33.8768%;\" width=\"191\">Inferiors a 25.200,00 \u20ac<\/td>\n<td style=\"width: 120.109%;\" width=\"229\">Entre 25.200,01 \u20ac i 37.800,00 \u20ac<\/td>\n<\/tr>\n<tr>\n<td style=\"width: 23.7319%;\" width=\"133\"><strong>5 membres<\/strong><\/td>\n<td style=\"width: 33.8768%;\" width=\"191\">Inferiors a 29.400,00 \u20ac<\/td>\n<td style=\"width: 120.109%;\" width=\"229\">Entre 29.400,01 \u20ac i 44.100,00 \u20ac<\/td>\n<\/tr>\n<tr>\n<td style=\"width: 23.7319%;\" width=\"133\"><strong>6 membres<\/strong><\/td>\n<td style=\"width: 33.8768%;\" width=\"191\">Inferiors a 33.600,00\u20ac<\/td>\n<td style=\"width: 120.109%;\" width=\"229\">Entre 33.600,01 \u20ac i 50.400,00 \u20ac<\/td>\n<\/tr>\n<tr>\n<td style=\"width: 23.7319%;\" width=\"133\"><strong>7 membres<\/strong><\/td>\n<td style=\"width: 33.8768%;\" width=\"191\">Inferiors a 37.800,00 \u20ac<\/td>\n<td style=\"width: 120.109%;\" width=\"229\">Entre 37.800,01 \u20ac i 56.700,00 \u20ac<\/td>\n<\/tr>\n<tr>\n<td style=\"width: 23.7319%;\" width=\"133\"><strong>8 membres<\/strong><\/td>\n<td style=\"width: 33.8768%;\" width=\"191\">Inferiors a 42.000,00 \u20ac<\/td>\n<td style=\"width: 120.109%;\" width=\"229\">Entre 42.000,01 \u20ac i 63.000,00 \u20ac<\/td>\n<\/tr>\n<\/tbody>\n<\/table>\n<p>&nbsp;<\/p>\n<p><strong>MATR\u00cdCULA:<\/strong><\/p>\n<ul>\n<li>Els infants que han sortit <strong>admesos<\/strong> a les llistes el dia 15 de juny, han de demanar,<strong> el mateix dia 15,<\/strong> hora per fer la matr\u00edcula (per tel\u00e8fon).<\/li>\n<\/ul>\n<ol>\n<li style=\"list-style-type: none;\">\n<ol>\n<li style=\"list-style-type: none;\">\n<ol>\n<li>Les matr\u00edcules es fan presencialment a la llar d\u2019infants.<\/li>\n<li>Cal reservar dia i hora.<\/li>\n<li>Les matr\u00edcules comencen el <strong>16 de juny<\/strong> i fins el dia 22.<\/li>\n<li>Us enviarem un document per correu electr\u00f2nic amb:\n<ol>\n<li style=\"list-style-type: none;\">\n<ul style=\"list-style-type: circle;\">\n<li>La documentaci\u00f3 que heu de portar<\/li>\n<li>Les autoritzacions, carta de comprom\u00eds&#8230; que heu d\u2019imprimir i portar omplert i signat.<\/li>\n<li>Formulari de coneixement de l\u2019infant<\/li>\n<\/ul>\n<\/li>\n<\/ol>\n<\/li>\n<\/ol>\n<\/li>\n<\/ol>\n<\/li>\n<\/ol>\n<p>&nbsp;<\/p>\n<h4><strong>PER CONTACTAR AMB LA LLAR:<\/strong><\/h4>\n<p>Tel\u00e8fon: 937163842\u00a0\u00a0\u00a0\u00a0\u00a0\u00a0\u00a0\u00a0\u00a0\u00a0\u00a0\u00a0\u00a0\u00a0 Correu electr\u00f2nic: <a href=\"mailto:a8047960@xtec.cat\">a8047960@xtec.cat<\/a><\/p>\n<table style=\"width: 79.5522%;\">\n<tbody>\n<tr>\n<td style=\"width: 100%;\" width=\"756\">HORARI D\u2019ATENCI\u00d3 PRESENCIAL PREINSCRIPCIONS I MATR\u00cdCULES:<\/td>\n<\/tr>\n<tr>\n<td style=\"width: 100%;\" width=\"756\"><strong>Nom\u00e9s s\u2019atendr\u00e0 les visites concertades. Cal reservar hora per tel\u00e8fon.<\/strong><strong> Les preinscripcions es presenten telem\u00e0ticament. Si teniu dubtes truqueu-nos.<\/strong><\/td>\n<\/tr>\n<\/tbody>\n<\/table>\n","protected":false},"excerpt":{"rendered":"<p>Com es fa la preinscripci\u00f3 i quina documentaci\u00f3 heu de presentar.&hellip;  <a href=\"https:\/\/agora.xtec.cat\/llarelsangels\/general\/proces-de-preinscripcio-i-matricula-curs-2023-2024\/\" title=\"Read Proc\u00e9s de preinscripci\u00f3 i matr\u00edcula  Curs 2023\/2024\">Llegeix m\u00e9s\u00bb<\/a><\/p>\n","protected":false},"author":1,"featured_media":0,"comment_status":"closed","ping_status":"closed","sticky":false,"template":"","format":"standard","meta":{"_bbp_topic_count":0,"_bbp_reply_count":0,"_bbp_total_topic_count":0,"_bbp_total_reply_count":0,"_bbp_voice_count":0,"_bbp_anonymous_reply_count":0,"_bbp_topic_count_hidden":0,"_bbp_reply_count_hidden":0,"_bbp_forum_subforum_count":0,"footnotes":""},"categories":[1],"tags":[86,64,76],"class_list":["post-1246","post","type-post","status-publish","format-standard","hentry","category-general","tag-curs-2023-24","tag-jornada-de-portes-obertes","tag-preinscripcions"],"post_mailing_queue_ids":[],"_links":{"self":[{"href":"https:\/\/agora.xtec.cat\/llarelsangels\/wp-json\/wp\/v2\/posts\/1246","targetHints":{"allow":["GET"]}}],"collection":[{"href":"https:\/\/agora.xtec.cat\/llarelsangels\/wp-json\/wp\/v2\/posts"}],"about":[{"href":"https:\/\/agora.xtec.cat\/llarelsangels\/wp-json\/wp\/v2\/types\/post"}],"author":[{"embeddable":true,"href":"https:\/\/agora.xtec.cat\/llarelsangels\/wp-json\/wp\/v2\/users\/1"}],"replies":[{"embeddable":true,"href":"https:\/\/agora.xtec.cat\/llarelsangels\/wp-json\/wp\/v2\/comments?post=1246"}],"version-history":[{"count":3,"href":"https:\/\/agora.xtec.cat\/llarelsangels\/wp-json\/wp\/v2\/posts\/1246\/revisions"}],"predecessor-version":[{"id":1287,"href":"https:\/\/agora.xtec.cat\/llarelsangels\/wp-json\/wp\/v2\/posts\/1246\/revisions\/1287"}],"wp:attachment":[{"href":"https:\/\/agora.xtec.cat\/llarelsangels\/wp-json\/wp\/v2\/media?parent=1246"}],"wp:term":[{"taxonomy":"category","embeddable":true,"href":"https:\/\/agora.xtec.cat\/llarelsangels\/wp-json\/wp\/v2\/categories?post=1246"},{"taxonomy":"post_tag","embeddable":true,"href":"https:\/\/agora.xtec.cat\/llarelsangels\/wp-json\/wp\/v2\/tags?post=1246"}],"curies":[{"name":"wp","href":"https:\/\/api.w.org\/{rel}","templated":true}]}}