{"id":113,"date":"2020-04-18T11:52:13","date_gmt":"2020-04-18T09:52:13","guid":{"rendered":"http:\/\/agora.xtec.cat\/llarelsangels\/?p=113"},"modified":"2021-02-18T16:27:45","modified_gmt":"2021-02-18T15:27:45","slug":"noticia-3","status":"publish","type":"post","link":"https:\/\/agora.xtec.cat\/llarelsangels\/portada\/noticia-3\/","title":{"rendered":"Aula Conills: recordem qu\u00e8 ens ha passat aquest curs?"},"content":{"rendered":"<p>Hola fam\u00edlies!!<br \/>\nAqu\u00ed teniu una petita mostra del nostre dia a dia a la llar. Espero que estigueu tots molt b\u00e9, tinc moltes ganes de veure-us a tots. Un pet\u00f3 molt gran nens i nenes de la classe dels conills, us trobo molt a faltar.<\/p>\n<p><strong>(El v\u00eddeo ja no \u00e9s obert a tots els visitants de la web)<\/strong><\/p>\n<p><a href=\"https:\/\/agora.xtec.cat\/llarelsangels\/wp-content\/uploads\/usu1591\/2020\/04\/VFNT3963.jpg\"><img loading=\"lazy\" decoding=\"async\" class=\"wp-image-639 aligncenter\" src=\"https:\/\/agora.xtec.cat\/llarelsangels\/wp-content\/uploads\/usu1591\/2020\/04\/VFNT3963-1024x768.jpg\" alt=\"\" width=\"447\" height=\"335\" srcset=\"https:\/\/agora.xtec.cat\/llarelsangels\/wp-content\/uploads\/usu1591\/2020\/04\/VFNT3963.jpg 1024w, https:\/\/agora.xtec.cat\/llarelsangels\/wp-content\/uploads\/usu1591\/2020\/04\/VFNT3963-300x225.jpg 300w, https:\/\/agora.xtec.cat\/llarelsangels\/wp-content\/uploads\/usu1591\/2020\/04\/VFNT3963-768x576.jpg 768w, https:\/\/agora.xtec.cat\/llarelsangels\/wp-content\/uploads\/usu1591\/2020\/04\/VFNT3963-200x150.jpg 200w\" sizes=\"auto, (max-width: 447px) 100vw, 447px\" \/><\/a><\/p>\n","protected":false},"excerpt":{"rendered":"<p>Hola fam\u00edlies!!<br \/>\nAqu\u00ed teniu una petita mostra del nostre dia a dia a la llar. Espero que estigueu tots molt b\u00e9, tinc moltes ganes de veure-us a tots. Un pet\u00f3 molt gran nens i nenes de la classe dels conills, us trobo molt a faltar.<br \/>\n(El v\u00eddeo&hellip;  <a href=\"https:\/\/agora.xtec.cat\/llarelsangels\/portada\/noticia-3\/\" title=\"Read Aula Conills: recordem qu\u00e8 ens ha passat aquest curs?\">Llegeix m\u00e9s\u00bb<\/a><\/p>\n","protected":false},"author":1,"featured_media":0,"comment_status":"open","ping_status":"closed","sticky":false,"template":"","format":"standard","meta":{"_bbp_topic_count":0,"_bbp_reply_count":0,"_bbp_total_topic_count":0,"_bbp_total_reply_count":0,"_bbp_voice_count":0,"_bbp_anonymous_reply_count":0,"_bbp_topic_count_hidden":0,"_bbp_reply_count_hidden":0,"_bbp_forum_subforum_count":0,"footnotes":""},"categories":[68,63,4],"tags":[69,67,66],"class_list":["post-113","post","type-post","status-publish","format-standard","hentry","category-conills","category-imatges","category-portada","tag-conills","tag-curs-2019-20","tag-imatges"],"post_mailing_queue_ids":[],"_links":{"self":[{"href":"https:\/\/agora.xtec.cat\/llarelsangels\/wp-json\/wp\/v2\/posts\/113","targetHints":{"allow":["GET"]}}],"collection":[{"href":"https:\/\/agora.xtec.cat\/llarelsangels\/wp-json\/wp\/v2\/posts"}],"about":[{"href":"https:\/\/agora.xtec.cat\/llarelsangels\/wp-json\/wp\/v2\/types\/post"}],"author":[{"embeddable":true,"href":"https:\/\/agora.xtec.cat\/llarelsangels\/wp-json\/wp\/v2\/users\/1"}],"replies":[{"embeddable":true,"href":"https:\/\/agora.xtec.cat\/llarelsangels\/wp-json\/wp\/v2\/comments?post=113"}],"version-history":[{"count":4,"href":"https:\/\/agora.xtec.cat\/llarelsangels\/wp-json\/wp\/v2\/posts\/113\/revisions"}],"predecessor-version":[{"id":801,"href":"https:\/\/agora.xtec.cat\/llarelsangels\/wp-json\/wp\/v2\/posts\/113\/revisions\/801"}],"wp:attachment":[{"href":"https:\/\/agora.xtec.cat\/llarelsangels\/wp-json\/wp\/v2\/media?parent=113"}],"wp:term":[{"taxonomy":"category","embeddable":true,"href":"https:\/\/agora.xtec.cat\/llarelsangels\/wp-json\/wp\/v2\/categories?post=113"},{"taxonomy":"post_tag","embeddable":true,"href":"https:\/\/agora.xtec.cat\/llarelsangels\/wp-json\/wp\/v2\/tags?post=113"}],"curies":[{"name":"wp","href":"https:\/\/api.w.org\/{rel}","templated":true}]}}