{"id":1127,"date":"2022-04-28T09:23:47","date_gmt":"2022-04-28T07:23:47","guid":{"rendered":"https:\/\/agora.xtec.cat\/llarelsangels\/?p=1127"},"modified":"2023-02-24T16:21:00","modified_gmt":"2023-02-24T15:21:00","slug":"proces-de-preinscripcio-curs-2022-2023","status":"publish","type":"post","link":"https:\/\/agora.xtec.cat\/llarelsangels\/general\/proces-de-preinscripcio-curs-2022-2023\/","title":{"rendered":"Proc\u00e9s de preinscripci\u00f3 Curs 2022\/2023"},"content":{"rendered":"<p style=\"text-align: right;\"><a href=\"https:\/\/agora.xtec.cat\/llarelsangels\/wp-content\/uploads\/usu1591\/2022\/04\/20180321_101615_RichtoneHDR-web.jpg\"><img loading=\"lazy\" decoding=\"async\" class=\"wp-image-1153 alignright\" src=\"https:\/\/agora.xtec.cat\/llarelsangels\/wp-content\/uploads\/usu1591\/2022\/04\/20180321_101615_RichtoneHDR-web.jpg\" alt=\"blocs de colors trasl\u00facids\" width=\"288\" height=\"162\" srcset=\"https:\/\/agora.xtec.cat\/llarelsangels\/wp-content\/uploads\/usu1591\/2022\/04\/20180321_101615_RichtoneHDR-web.jpg 448w, https:\/\/agora.xtec.cat\/llarelsangels\/wp-content\/uploads\/usu1591\/2022\/04\/20180321_101615_RichtoneHDR-web-300x169.jpg 300w, https:\/\/agora.xtec.cat\/llarelsangels\/wp-content\/uploads\/usu1591\/2022\/04\/20180321_101615_RichtoneHDR-web-e1651068876293-150x85.jpg 150w\" sizes=\"auto, (max-width: 288px) 100vw, 288px\" \/><\/a><\/p>\n<p>&nbsp;<\/p>\n<p><strong>FASES DE LA PREINSCRIPCI\u00d3:<\/strong><\/p>\n<table style=\"width: 100.139%;\" width=\"475\">\n<tbody>\n<tr>\n<td style=\"width: 64.1781%;\" width=\"142\">DATES<\/td>\n<\/tr>\n<tr>\n<td style=\"width: 64.1781%;\" width=\"333\">Publicaci\u00f3 de l\u2019oferta inicial<\/td>\n<td style=\"width: 202.055%;\" width=\"142\">El 5 de maig<\/td>\n<\/tr>\n<tr>\n<td style=\"width: 64.1781%;\" width=\"333\"><strong>Presentaci\u00f3 sol\u00b7licituds <\/strong>telem\u00e0ticament amb l\u2019IDCat M\u00f2bil<\/p>\n<p><a href=\"https:\/\/web.sabadell.cat\/centres-educatius\/escola-bressol\" target=\"_blank\" rel=\"noopener\">OMPLIR FORMULARI DE PREINSCRIPCI\u00d3<\/a><\/td>\n<td style=\"width: 202.055%;\" width=\"142\"><strong>Del 9 al 20 de maig<\/strong><\/td>\n<\/tr>\n<tr>\n<td style=\"width: 64.1781%;\" width=\"333\"><strong>Llistes provisionals amb el barem\u00a0\u00a0\u00a0\u00a0\u00a0\u00a0\u00a0\u00a0\u00a0\u00a0\u00a0 <\/strong><\/td>\n<td style=\"width: 202.055%;\" width=\"142\"><strong>1 de juny<\/strong><\/td>\n<\/tr>\n<tr>\n<td style=\"width: 64.1781%;\" width=\"333\">Reclamacions a les llistes amb el barem<\/td>\n<td style=\"width: 202.055%;\" width=\"142\">Del 2 al 8 de juny<\/td>\n<\/tr>\n<tr>\n<td style=\"width: 64.1781%;\" width=\"333\">Sorteig<\/td>\n<td style=\"width: 202.055%;\" width=\"142\">9 de juny<\/td>\n<\/tr>\n<tr>\n<td style=\"width: 64.1781%;\" width=\"333\"><strong>Llistes d\u2019alumnat adm\u00e8s i llistes d\u2019espera <\/strong><\/p>\n<p><strong><em>*Si la vostra preinscripci\u00f3 \u00e9s a adm\u00e8s reserveu hora per fer la matriculaci\u00f3 presencial<\/em><\/strong><\/td>\n<td style=\"width: 202.055%;\" width=\"142\"><strong>El 15 de juny<\/strong><\/td>\n<\/tr>\n<tr>\n<td style=\"width: 64.1781%;\" width=\"333\"><strong>Per\u00edode de matriculaci\u00f3<\/strong><\/p>\n<p>presencialment amb hora reservada<\/td>\n<td style=\"width: 202.055%;\" width=\"142\"><strong>Del 16 al 22 de juny<\/strong><\/td>\n<\/tr>\n<\/tbody>\n<\/table>\n<p>&nbsp;<\/p>\n<h5><strong><u>COM PRESENTAR LA PREINSCRIPCI\u00d3 TELEM\u00c0TICA:<\/u><\/strong><\/h5>\n<ul>\n<li><strong>Cal tenir l\u2019IDCat M\u00f2bil.<\/strong> \u00a0Tutorial per fer l\u2019IDCat\u00a0 M\u00f2bil: <a href=\"https:\/\/web.gencat.cat\/ca\/tramits\/com-tramitar-en-linia\/identificacio-digital\/id-cat-mobil\/\">https:\/\/web.gencat.cat\/ca\/tramits\/com-tramitar-en-linia\/identificacio-digital\/id-cat-mobil\/<\/a>\u00a0 Per fer-lo necessiteu DNI o TIE (Targeta d\u2019Identitat d\u2019Estranger, no NIE), TSI o MUFACE, i n\u00famero de tel\u00e8fon m\u00f2bil.<\/li>\n<\/ul>\n<ul>\n<li><strong>Enlla\u00e7 per fer la preinscripci\u00f3 telem\u00e0tica:<\/strong><a href=\"https:\/\/web.sabadell.cat\/centres-educatius\/escola-bressol\" target=\"_blank\" rel=\"noopener\"> \u00a0\u00a0 OMPLIR FORMULARI DE PREINSCRIPCI\u00d3<\/a><\/li>\n<li>Digitalitzeu (escaneig o fotografia n\u00edtida) els documents que necessitareu per la preinscripci\u00f3.<\/li>\n<li>Entreu a l&#8217;enlla\u00e7 de preinscripci\u00f3 i un cop us heu identificat, haureu d\u2019omplir les dades que us va demanant, i els criteris de puntuaci\u00f3.<\/li>\n<li>Al final haureu d\u2019<strong>adjuntar la documentaci\u00f3 digitalitzada.<\/strong><\/li>\n<li>Un cop l\u2019envieu, rebreu al vostre correu electr\u00f2nic la confirmaci\u00f3 d\u2019enviament.<\/li>\n<\/ul>\n<p>&nbsp;<\/p>\n<h6>Algunes consideracions:<\/h6>\n<ol>\n<li>L\u2019<strong>adre\u00e7a del DNI ha d\u2019estar actualitzada en el moment de fer la matr\u00edcula<\/strong>. Si l\u2019heu de canviar, aneu demanant hora per fer el tr\u00e0mit.<\/li>\n<li>Per obtenir pla\u00e7a en una centre educatiu p\u00fablic cal fer la sol\u00b7licitud de preinscripci\u00f3 dins del termini oficial.<\/li>\n<li>Per sol\u00b7licitar preinscripci\u00f3 a la llar d\u2019infants Els \u00c0ngels cal que l\u2019infant hagi nascut en els anys 2020 o 2021.<\/li>\n<li>Per assignar les places, quan en un centre hi ha m\u00e9s sol\u00b7licituds que vacants, s\u2019apliquen els criteris de puntuaci\u00f3. Per dirimir les situacions d\u2019empat es fa un sorteig a Educaci\u00f3 per tal de determinar el n\u00famero a partir del qual s\u2019ordenar\u00e0 la llista de sol\u00b7licituds.<\/li>\n<li>Tots els centres han de reservar unes places destinades a alumnes amb necessitats educatives especials.<\/li>\n<li>El centre es reserva el dret de variar les places que ofereix a preinscripci\u00f3 en funci\u00f3 de la demanda:<\/li>\n<\/ol>\n<ul>\n<li style=\"list-style-type: none;\">\n<ul>\n<li style=\"list-style-type: none;\">\n<ul>\n<li>Els Caminants, nascuts el 2021: 20 places\u00a0 (2 reservades NEE)<\/li>\n<li>Els Maternals, nascuts el 2020: 34 places (3 reservades NEE)<\/li>\n<\/ul>\n<\/li>\n<\/ul>\n<\/li>\n<\/ul>\n<p>&nbsp;<\/p>\n<h5><strong>DOCUMENTS QUE HA DE PRESENTAR TOTHOM:<\/strong><\/h5>\n<ul>\n<li style=\"list-style-type: none;\">\n<ul>\n<li style=\"list-style-type: none;\">\n<ul>\n<li style=\"list-style-type: none;\">\n<ul>\n<li style=\"text-align: left;\">DNI \/ NIE<\/li>\n<li>LLIBRE DE FAM\u00cdLIA<\/li>\n<li>Opcional: els documents acreditatius dels criteris de puntuaci\u00f3<\/li>\n<\/ul>\n<\/li>\n<\/ul>\n<\/li>\n<\/ul>\n<\/li>\n<\/ul>\n<p>&nbsp;<\/p>\n<h5><strong>CRITERIS\u00a0 DE PUNTUACI\u00d3: \u00a0 <\/strong><\/h5>\n<table style=\"width: 96.3388%;\" width=\"747\">\n<tbody>\n<tr>\n<td style=\"width: 40.1342%;\" width=\"312\"><strong>CRITERIS GENERALS<\/strong><\/td>\n<td style=\"width: 7.51678%;\" width=\"47\">Punts<\/td>\n<td style=\"width: 30.7383%;\" width=\"236\"><strong>Documentaci\u00f3 que ho acredita: <\/strong>(si s\u2019autoritza a l\u2019Ajuntament a fer les consultes a altres administracions)<\/td>\n<td style=\"width: 94.8447%;\" width=\"151\"><strong>Documentaci\u00f3 addicional <\/strong>(quan no s\u2019autoritza Ajuntament)<\/td>\n<\/tr>\n<tr>\n<td style=\"width: 40.1342%;\" width=\"312\">Exist\u00e8ncia de <strong>germans\/es<\/strong> matriculats al centre educatiu.<\/td>\n<td style=\"width: 7.51678%;\" width=\"47\"><strong>40 <\/strong><\/p>\n<p><strong>\u00a0<\/strong><\/td>\n<td style=\"width: 30.7383%;\" width=\"236\">No cal documentaci\u00f3, ho comprova el centre.<\/td>\n<td style=\"width: 94.8447%;\" width=\"151\"><\/td>\n<\/tr>\n<tr>\n<td style=\"width: 40.1342%;\" width=\"312\">Proximitat del domicili (nom\u00e9s un criteri)<\/p>\n<ul>\n<li>Quan el <strong>domicili<\/strong> de la persona sol\u00b7licitant estigui dins l\u2019\u00e0rea de proximitat del centre<\/li>\n<li>Quan es prengui en consideraci\u00f3 l\u2019adre\u00e7a del <strong>lloc de treball<\/strong> dins de l\u2019\u00e0rea de proximitat del centre<\/li>\n<li>Quan el domicili de la persona sol\u00b7licitant \u00e9s <strong>al mateix municipi per\u00f2 no a l\u2019\u00e0rea de proximitat<\/strong> del centre sol\u00b7licitat en primer lloc<\/li>\n<\/ul>\n<p>Enlla\u00e7 al <a href=\"https:\/\/web.sabadell.cat\/cercador-escoles-bressol\/index.php?option=com_content&amp;view=article&amp;layout=edit&amp;id=52024\">cercador de centres amb m\u00e0xima puntuaci\u00f3 per proximitat<\/a><\/td>\n<td style=\"width: 7.51678%;\" width=\"47\"><strong>\u00a0<\/strong><strong>30 <\/strong><\/p>\n<p><strong>\u00a0<\/strong><strong>20 <\/strong><\/p>\n<p><strong>\u00a0<\/strong><strong>10 <\/strong><\/td>\n<td style=\"width: 30.7383%;\" width=\"236\">Nom\u00e9s DNI. Ajuntament comprova el padr\u00f3.<\/p>\n<p>Contracte laboral o certificat de l\u2019empresa. En el cas d&#8217;aut\u00f2noms, formulari de l\u2019Ag\u00e8ncia Tribut\u00e0ria (model 036 o model 037).<\/p>\n<p>DNI. L\u2019Ajuntament comprova el Padr\u00f3<\/td>\n<td style=\"width: 94.8447%;\" width=\"151\">&nbsp;<\/p>\n<p>Full del Padr\u00f3<\/p>\n<p>&nbsp;<\/p>\n<p>&nbsp;<\/td>\n<\/tr>\n<tr>\n<td style=\"width: 40.1342%;\" width=\"312\">Quan el pare o la mare, tutor\/a siguin beneficiaris de l&#8217;ajut de la <strong>renda garantida de ciutadania<\/strong><\/td>\n<td style=\"width: 7.51678%;\" width=\"47\"><strong>10<\/strong><\/td>\n<td style=\"width: 30.7383%;\" width=\"236\">Documentaci\u00f3 acreditativa de ser beneficiari de la prestaci\u00f3 econ\u00f2mica de la renda garantida de ciutadania<\/td>\n<td style=\"width: 94.8447%;\" width=\"151\"><\/td>\n<\/tr>\n<tr>\n<td style=\"width: 78.3893%;\" colspan=\"3\" width=\"595\"><strong>CRITERIS COMPLEMENTARIS<\/strong><\/p>\n<p>No es sumen als criteris generals. La finalitat \u00e9s el desempat en cas d\u2019igualtat de puntuaci\u00f3 de la suma de criteris generals<\/td>\n<td style=\"width: 94.8447%;\" width=\"151\"><strong>\u00a0<\/strong><\/td>\n<\/tr>\n<tr>\n<td style=\"width: 40.1342%;\" width=\"312\">Quan l\u2019alumne, pare, mare o germ\u00e0 de l\u2019alumne acrediti una <strong>discapacitat igual o superior al 33%<\/strong>. En tenen consideraci\u00f3 els pensionistes per incapacitat<\/td>\n<td style=\"width: 7.51678%;\" width=\"47\"><strong>10<\/strong><\/td>\n<td style=\"width: 30.7383%;\" width=\"236\">Autoritzaci\u00f3 per la consulta a altres administracions. Nom i data naixement en cas que la discapacitat acreditada provingui d\u2019un germ\u00e0<\/td>\n<td style=\"width: 94.8447%;\" width=\"151\">Targeta acreditativa vigent<\/td>\n<\/tr>\n<tr>\n<td style=\"width: 40.1342%;\" width=\"312\">Quan el pare, mare o tutor\/a legal <strong>treballen al centre<\/strong><\/td>\n<td style=\"width: 7.51678%;\" width=\"47\"><strong>40<\/strong><\/td>\n<td style=\"width: 30.7383%;\" width=\"236\">Ho acredita el centre<\/td>\n<td style=\"width: 94.8447%;\" width=\"151\"><\/td>\n<\/tr>\n<tr>\n<td style=\"width: 40.1342%;\" width=\"312\">Formar part de <strong>fam\u00edlia nombrosa <\/strong><\/td>\n<td style=\"width: 7.51678%;\" width=\"47\"><strong>15<\/strong><\/td>\n<td style=\"width: 30.7383%;\" width=\"236\">Original del carnet de l\u2019infant<\/td>\n<td style=\"width: 94.8447%;\" width=\"151\"><\/td>\n<\/tr>\n<tr>\n<td style=\"width: 40.1342%;\" width=\"312\">Formar part de <strong>famlilia monoparental<\/strong><\/td>\n<td style=\"width: 7.51678%;\" width=\"47\"><strong>15<\/strong><\/td>\n<td style=\"width: 30.7383%;\" width=\"236\">Original del carnet de l\u2019infant<\/td>\n<td style=\"width: 94.8447%;\" width=\"151\"><\/td>\n<\/tr>\n<tr>\n<td style=\"width: 40.1342%;\" width=\"312\">Fills\/es nascuts de <strong>part m\u00faltiple<\/strong><\/td>\n<td style=\"width: 7.51678%;\" width=\"47\"><strong>10<\/strong><\/td>\n<td style=\"width: 30.7383%;\" width=\"236\">El centre ho comprova amb el llibre de fam\u00edlia<\/td>\n<td style=\"width: 94.8447%;\" width=\"151\"><\/td>\n<\/tr>\n<tr>\n<td style=\"width: 40.1342%;\" width=\"312\">Alumne en situaci\u00f3 d\u2019<strong>acolliment<\/strong> familiar<\/td>\n<td style=\"width: 7.51678%;\" width=\"47\"><strong>10<\/strong><\/td>\n<td style=\"width: 30.7383%;\" width=\"236\">Resoluci\u00f3 d\u2019acolliment<\/td>\n<td style=\"width: 94.8447%;\" width=\"151\"><\/td>\n<\/tr>\n<tr>\n<td style=\"width: 40.1342%;\" width=\"312\">Ser v\u00edctima de:<\/p>\n<ul>\n<li><strong>viol\u00e8ncia de g\u00e8nere \u00a0<\/strong>o b\u00e9<\/li>\n<li>de <strong>terrorisme<\/strong><\/li>\n<\/ul>\n<\/td>\n<td style=\"width: 7.51678%;\" width=\"47\"><strong>\u00a0<\/strong><\/p>\n<p><strong>10<\/strong><\/p>\n<p><strong>\u00a0<\/strong><\/td>\n<td style=\"width: 30.7383%;\" width=\"236\">&nbsp;<\/p>\n<p>Sent\u00e8ncia condemnat\u00f2ria, resoluci\u00f3 judicial, informe serveis socials<\/p>\n<p>Certificat Ministeri Interior<\/td>\n<td style=\"width: 94.8447%;\" width=\"151\"><\/td>\n<\/tr>\n<tr>\n<td style=\"width: 40.1342%;\" width=\"312\">Quan la <strong>renda de la unitat familiar<\/strong> del sol\u00b7licitant, estigui entre els valors de la taula IPREM:<\/p>\n<p>(veure la taula a sota)*<\/td>\n<td style=\"width: 7.51678%;\" width=\"47\"><strong>10-5<\/strong><\/td>\n<td style=\"width: 30.7383%;\" width=\"236\">C\u00f2pia de la Declaraci\u00f3 de la Renda (conjunta o separada) del 2021. Es computar\u00e0 com a ingressos els valors de la casella de la Base imposable general i de la Base imposable de l\u2019estalvi que consten a la declaraci\u00f3.<\/td>\n<td style=\"width: 94.8447%;\" width=\"151\"><\/td>\n<\/tr>\n<tr>\n<td style=\"width: 40.1342%;\" width=\"312\"><strong>Preinscriure m\u00e9s d\u2019un fill\/a alhora<\/strong> en diferents nivells al mateix centre<\/td>\n<td style=\"width: 7.51678%;\" width=\"47\"><strong>5<\/strong><\/td>\n<td style=\"width: 30.7383%;\" width=\"236\">Ho comprova directament el centre amb la preinscripci\u00f3 de cada fill<\/td>\n<td style=\"width: 94.8447%;\" width=\"151\"><\/td>\n<\/tr>\n<tr>\n<td style=\"width: 40.1342%;\" width=\"312\">Pel fet de realitzar un <strong>canvi de centre<\/strong> municipal (quan el curs anterior es va sol\u00b7licitar en 1a opci\u00f3 i es torna a sol\u00b7licitar)<\/td>\n<td style=\"width: 7.51678%;\" width=\"47\"><strong>5<\/strong><\/td>\n<td style=\"width: 30.7383%;\" width=\"236\">Ho comprova el Servei d\u2019Educaci\u00f3 de l\u2019Ajuntament<\/td>\n<td style=\"width: 94.8447%;\" width=\"151\"><\/td>\n<\/tr>\n<tr>\n<td style=\"width: 40.1342%;\" width=\"312\">Progenitors que <strong>treballen<\/strong> o s\u00f3n <strong>demandants d\u2019ocupaci\u00f3 no ocupats<\/strong> (SOC), incloses baixes maternitat i exced\u00e8ncia per cura de fill amb incorporaci\u00f3 abans de finalitzar el 2022.<\/td>\n<td style=\"width: 7.51678%;\" width=\"47\"><strong>4<\/strong><\/td>\n<td style=\"width: 30.7383%;\" width=\"236\">N\u00f2mina o rebut aut\u00f2noms abril 2022, carta Seguretat Social (baixa maternitat), certificat empresa i vida laboral (exced\u00e8ncies).<\/td>\n<td style=\"width: 94.8447%;\" width=\"151\">Certifica del SOC per a demandant d\u2019ocupaci\u00f3 no ocupat.<\/td>\n<\/tr>\n<\/tbody>\n<\/table>\n<p>*S\u2019entendr\u00e0 aquesta renda global com la suma d\u2019ingressos anuals de tots el membres computables de la unitat familiar que convisquin a la mateixa llar.<\/p>\n<table style=\"width: 57.7568%; height: 302px;\" width=\"553\">\n<tbody>\n<tr>\n<td style=\"width: 23.7319%;\" width=\"133\"><strong>Unitat familiar<\/strong><\/td>\n<td style=\"width: 33.8768%;\" width=\"191\"><strong>10 punts<\/strong><\/td>\n<td style=\"width: 82.8844%;\" width=\"229\"><strong>5 punts<\/strong><\/td>\n<\/tr>\n<tr>\n<td style=\"width: 23.7319%;\" width=\"133\"><\/td>\n<td style=\"width: 33.8768%;\" width=\"191\"><\/td>\n<td style=\"width: 82.8844%;\" width=\"229\"><\/td>\n<\/tr>\n<tr>\n<td style=\"width: 23.7319%;\" width=\"133\"><strong>2 membres<\/strong><\/td>\n<td style=\"width: 33.8768%;\" width=\"191\">Inferiors a 16.212,00 \u20ac<\/td>\n<td style=\"width: 82.8844%;\" width=\"229\">Entre 16.212,01 \u20ac i 24.318,00 \u20ac<\/td>\n<\/tr>\n<tr>\n<td style=\"width: 23.7319%;\" width=\"133\"><strong>3 membres<\/strong><\/td>\n<td style=\"width: 33.8768%;\" width=\"191\">Inferiors a 20.265,00 \u20ac<\/td>\n<td style=\"width: 82.8844%;\" width=\"229\">Entre 20.265,01 \u20ac i 30.398,00 \u20ac<\/td>\n<\/tr>\n<tr>\n<td style=\"width: 23.7319%;\" width=\"133\"><strong>4 membres<\/strong><\/td>\n<td style=\"width: 33.8768%;\" width=\"191\">Inferiors a 24.318,00 \u20ac<\/td>\n<td style=\"width: 82.8844%;\" width=\"229\">Entre 24.318,01 \u20ac i 36.478,00 \u20ac<\/td>\n<\/tr>\n<tr>\n<td style=\"width: 23.7319%;\" width=\"133\"><strong>5 membres<\/strong><\/td>\n<td style=\"width: 33.8768%;\" width=\"191\">Inferiors a 28.371,00 \u20ac<\/td>\n<td style=\"width: 82.8844%;\" width=\"229\">Entre 28.371,01 \u20ac i 42.557,00 \u20ac<\/td>\n<\/tr>\n<tr>\n<td style=\"width: 23.7319%;\" width=\"133\"><strong>6 membres<\/strong><\/td>\n<td style=\"width: 33.8768%;\" width=\"191\">Inferiors a 32.425,00 \u20ac<\/td>\n<td style=\"width: 82.8844%;\" width=\"229\">Entre 32.425,01 \u20ac i 48.637,00 \u20ac<\/td>\n<\/tr>\n<tr>\n<td style=\"width: 23.7319%;\" width=\"133\"><strong>7 membres<\/strong><\/td>\n<td style=\"width: 33.8768%;\" width=\"191\">Inferiors a 36.478,00 \u20ac<\/td>\n<td style=\"width: 82.8844%;\" width=\"229\">Entre 36.478,01 \u20ac i 54.717,00 \u20ac<\/td>\n<\/tr>\n<tr>\n<td style=\"width: 23.7319%;\" width=\"133\"><strong>8 membres<\/strong><\/td>\n<td style=\"width: 33.8768%;\" width=\"191\">Inferiors a 40.531,00 \u20ac<\/td>\n<td style=\"width: 82.8844%;\" width=\"229\">Entre 40.531,01 \u20ac i 60.797,00 \u20ac<\/td>\n<\/tr>\n<\/tbody>\n<\/table>\n<h5><\/h5>\n<h5><strong>MATR\u00cdCULA:<\/strong><\/h5>\n<ul>\n<li>Els infants que han sortit admesos a les llistes el dia 15 de juny, han de demanar,<strong> el mateix dia 15,<\/strong> hora per fer la matr\u00edcula (a la web de la llar o per tel\u00e8fon).<\/li>\n<\/ul>\n<ol>\n<li style=\"list-style-type: none;\">\n<ol>\n<li>Les matr\u00edcules es fan <strong>presencialment<\/strong> a la llar d\u2019infants.<\/li>\n<li>Cal <strong>reservar dia i hora<\/strong>.<\/li>\n<li>Les matr\u00edcules comencen el <strong>16 de juny<\/strong> i fins el dia 22.<\/li>\n<li>Us enviarem un document per correu electr\u00f2nic amb:\n<ul>\n<li>La documentaci\u00f3 que heu de portar<\/li>\n<li>Les autoritzacions, carta de comprom\u00eds&#8230; que heu d\u2019imprimir i portar omplert i signat.<\/li>\n<\/ul>\n<\/li>\n<\/ol>\n<\/li>\n<\/ol>\n<p>&nbsp;<\/p>\n<p>&nbsp;<\/p>\n<table style=\"width: 97.6708%; height: 99px;\">\n<tbody>\n<tr style=\"height: 50px;\">\n<td style=\"height: 50px; width: 100%;\" width=\"756\">\n<h4>ATENCI\u00d3 PRESENCIAL PREINSCRIPCIONS I MATR\u00cdCULES:<\/h4>\n<\/td>\n<\/tr>\n<tr style=\"height: 49px;\">\n<td style=\"height: 49px; width: 100%;\" width=\"756\">Nom\u00e9s s\u2019atendr\u00e0 les <strong>visites concertades<\/strong>. Cal reservar hora des de la web de la llar o per tel\u00e8fon. Les preinscripcions es presenten telem\u00e0ticament. Si teniu dubtes us podem ajudar.<\/td>\n<\/tr>\n<\/tbody>\n<\/table>\n<p>&nbsp;<\/p>\n<p>&nbsp;<\/p>\n","protected":false},"excerpt":{"rendered":"<p>Preinscripcions del 9 al 20 de maig.&hellip;  <a href=\"https:\/\/agora.xtec.cat\/llarelsangels\/general\/proces-de-preinscripcio-curs-2022-2023\/\" title=\"Read Proc\u00e9s de preinscripci\u00f3 Curs 2022\/2023\">Llegeix m\u00e9s\u00bb<\/a><\/p>\n","protected":false},"author":1,"featured_media":1155,"comment_status":"open","ping_status":"closed","sticky":false,"template":"","format":"standard","meta":{"_bbp_topic_count":0,"_bbp_reply_count":0,"_bbp_total_topic_count":0,"_bbp_total_reply_count":0,"_bbp_voice_count":0,"_bbp_anonymous_reply_count":0,"_bbp_topic_count_hidden":0,"_bbp_reply_count_hidden":0,"_bbp_forum_subforum_count":0,"footnotes":""},"categories":[1],"tags":[83,76],"class_list":["post-1127","post","type-post","status-publish","format-standard","has-post-thumbnail","hentry","category-general","tag-curs-2022-23","tag-preinscripcions"],"post_mailing_queue_ids":[],"_links":{"self":[{"href":"https:\/\/agora.xtec.cat\/llarelsangels\/wp-json\/wp\/v2\/posts\/1127","targetHints":{"allow":["GET"]}}],"collection":[{"href":"https:\/\/agora.xtec.cat\/llarelsangels\/wp-json\/wp\/v2\/posts"}],"about":[{"href":"https:\/\/agora.xtec.cat\/llarelsangels\/wp-json\/wp\/v2\/types\/post"}],"author":[{"embeddable":true,"href":"https:\/\/agora.xtec.cat\/llarelsangels\/wp-json\/wp\/v2\/users\/1"}],"replies":[{"embeddable":true,"href":"https:\/\/agora.xtec.cat\/llarelsangels\/wp-json\/wp\/v2\/comments?post=1127"}],"version-history":[{"count":4,"href":"https:\/\/agora.xtec.cat\/llarelsangels\/wp-json\/wp\/v2\/posts\/1127\/revisions"}],"predecessor-version":[{"id":1193,"href":"https:\/\/agora.xtec.cat\/llarelsangels\/wp-json\/wp\/v2\/posts\/1127\/revisions\/1193"}],"wp:featuredmedia":[{"embeddable":true,"href":"https:\/\/agora.xtec.cat\/llarelsangels\/wp-json\/wp\/v2\/media\/1155"}],"wp:attachment":[{"href":"https:\/\/agora.xtec.cat\/llarelsangels\/wp-json\/wp\/v2\/media?parent=1127"}],"wp:term":[{"taxonomy":"category","embeddable":true,"href":"https:\/\/agora.xtec.cat\/llarelsangels\/wp-json\/wp\/v2\/categories?post=1127"},{"taxonomy":"post_tag","embeddable":true,"href":"https:\/\/agora.xtec.cat\/llarelsangels\/wp-json\/wp\/v2\/tags?post=1127"}],"curies":[{"name":"wp","href":"https:\/\/api.w.org\/{rel}","templated":true}]}}