{"id":4449,"date":"2026-01-23T15:38:10","date_gmt":"2026-01-23T14:38:10","guid":{"rendered":"https:\/\/agora.xtec.cat\/llar-drac\/?p=4449"},"modified":"2026-03-06T09:05:10","modified_gmt":"2026-03-06T08:05:10","slug":"jornada-de-portes-obertes","status":"publish","type":"post","link":"https:\/\/agora.xtec.cat\/llar-drac\/general\/jornada-de-portes-obertes\/","title":{"rendered":"Jornada de portes obertes. Curs 2026\/2027"},"content":{"rendered":"<p><a href=\"https:\/\/agora.xtec.cat\/llar-drac\/wp-content\/uploads\/usu1309\/2026\/01\/Portes-obertes.jpg\"><img loading=\"lazy\" decoding=\"async\" class=\"alignnone size-large wp-image-4450\" src=\"https:\/\/agora.xtec.cat\/llar-drac\/wp-content\/uploads\/usu1309\/2026\/01\/Portes-obertes-1024x1024.jpg\" alt=\"\" width=\"1024\" height=\"1024\" srcset=\"https:\/\/agora.xtec.cat\/llar-drac\/wp-content\/uploads\/usu1309\/2026\/01\/Portes-obertes-1024x1024.jpg 1024w, https:\/\/agora.xtec.cat\/llar-drac\/wp-content\/uploads\/usu1309\/2026\/01\/Portes-obertes-300x300.jpg 300w, https:\/\/agora.xtec.cat\/llar-drac\/wp-content\/uploads\/usu1309\/2026\/01\/Portes-obertes-150x150.jpg 150w, https:\/\/agora.xtec.cat\/llar-drac\/wp-content\/uploads\/usu1309\/2026\/01\/Portes-obertes-768x768.jpg 768w, https:\/\/agora.xtec.cat\/llar-drac\/wp-content\/uploads\/usu1309\/2026\/01\/Portes-obertes.jpg 1080w\" sizes=\"auto, (max-width: 1024px) 100vw, 1024px\" \/><\/a><\/p>\n<p><strong>Jornada de Portes Obertes a la Llar d\u2019Infants El Drac<\/strong>.<\/p>\n<p>Us convidem a la nostra jornada de portes obertes el <strong>dilluns 4 de maig<\/strong>, una oportunitat per con\u00e8ixer els espais, l\u2019equip educatiu i el nostre projecte. \ud83d\udc09<\/p>\n<p>\ud83d\udd54 <strong>17.00 h \u2013 Fam\u00edlies d\u2019Infantil 0 (nascuts el 2026) i Infantil 1 (nascuts el 2025).<\/strong><br \/>\n<strong>\ud83d\udd60 17.45 h \u2013 Fam\u00edlies d\u2019Infantil 2 (nascuts el 2024).<\/strong><\/p>\n<p>Us esperem amb moltes ganes! \ud83d\ude0a<\/p>\n<p>&nbsp;<\/p>\n<p><strong>Us informem que la presentaci\u00f3 de sol\u00b7licituds del per\u00edode de preinscripci\u00f3 2026-2027 ser\u00e0 del 8 al 22 de maig de 2026.<\/strong><\/p>\n","protected":false},"excerpt":{"rendered":"<p><a href=\"https:\/\/agora.xtec.cat\/llar-drac\/wp-content\/uploads\/usu1309\/2026\/01\/Portes-obertes.jpg\"><\/a><br \/>\nJornada de Portes Obertes a la Llar d\u2019Infants El Drac.<br \/>\nUs convidem a la nostra jornada de portes obertes el dilluns 4 de maig, una oportunitat per con\u00e8ixer els espais, l\u2019equip educatiu i el nostre projecte. \ud83d\udc09<br \/>\n\ud83d\udd54 17.00 h \u2013 Fam\u00edlies d\u2019Infantil 0 (nascuts el&hellip;  <a href=\"https:\/\/agora.xtec.cat\/llar-drac\/general\/jornada-de-portes-obertes\/\" title=\"Read Jornada de portes obertes. Curs 2026\/2027\">Llegeix m\u00e9s\u00bb<\/a><\/p>\n","protected":false},"author":1,"featured_media":0,"comment_status":"closed","ping_status":"open","sticky":false,"template":"","format":"standard","meta":{"_bbp_topic_count":0,"_bbp_reply_count":0,"_bbp_total_topic_count":0,"_bbp_total_reply_count":0,"_bbp_voice_count":0,"_bbp_anonymous_reply_count":0,"_bbp_topic_count_hidden":0,"_bbp_reply_count_hidden":0,"_bbp_forum_subforum_count":0,"footnotes":""},"categories":[1,2,4],"tags":[],"class_list":["post-4449","post","type-post","status-publish","format-standard","hentry","category-general","category-infantil","category-portada"],"post_mailing_queue_ids":[],"_links":{"self":[{"href":"https:\/\/agora.xtec.cat\/llar-drac\/wp-json\/wp\/v2\/posts\/4449","targetHints":{"allow":["GET"]}}],"collection":[{"href":"https:\/\/agora.xtec.cat\/llar-drac\/wp-json\/wp\/v2\/posts"}],"about":[{"href":"https:\/\/agora.xtec.cat\/llar-drac\/wp-json\/wp\/v2\/types\/post"}],"author":[{"embeddable":true,"href":"https:\/\/agora.xtec.cat\/llar-drac\/wp-json\/wp\/v2\/users\/1"}],"replies":[{"embeddable":true,"href":"https:\/\/agora.xtec.cat\/llar-drac\/wp-json\/wp\/v2\/comments?post=4449"}],"version-history":[{"count":4,"href":"https:\/\/agora.xtec.cat\/llar-drac\/wp-json\/wp\/v2\/posts\/4449\/revisions"}],"predecessor-version":[{"id":4456,"href":"https:\/\/agora.xtec.cat\/llar-drac\/wp-json\/wp\/v2\/posts\/4449\/revisions\/4456"}],"wp:attachment":[{"href":"https:\/\/agora.xtec.cat\/llar-drac\/wp-json\/wp\/v2\/media?parent=4449"}],"wp:term":[{"taxonomy":"category","embeddable":true,"href":"https:\/\/agora.xtec.cat\/llar-drac\/wp-json\/wp\/v2\/categories?post=4449"},{"taxonomy":"post_tag","embeddable":true,"href":"https:\/\/agora.xtec.cat\/llar-drac\/wp-json\/wp\/v2\/tags?post=4449"}],"curies":[{"name":"wp","href":"https:\/\/api.w.org\/{rel}","templated":true}]}}