{"id":4442,"date":"2026-01-11T11:24:28","date_gmt":"2026-01-11T10:24:28","guid":{"rendered":"https:\/\/agora.xtec.cat\/llar-drac\/?p=4442"},"modified":"2026-03-02T13:19:48","modified_gmt":"2026-03-02T12:19:48","slug":"4442","status":"publish","type":"post","link":"https:\/\/agora.xtec.cat\/llar-drac\/general\/4442\/","title":{"rendered":"Festa Major"},"content":{"rendered":"<h6 class=\"_ap3a _aaco _aacu _aacx _aad7 _aade\" dir=\"auto\"><span style=\"color: #000000;\">A la Llar d&#8217;infants El Drac estem molt contents perqu\u00e8 els Pabordes de la Festa Major de Vilanova i la Geltr\u00fa ens han fet un regal molt especial! \ud83c\udf81<\/span><\/h6>\n<h6><span style=\"color: #000000;\">Dos contes i tres jocs de mem\u00f2ria amb imatges de tots els balls populars del nostre municipi! \ud83e\udd41<\/span><\/h6>\n<h6><span style=\"color: #000000;\">Una manera molt bonica d&#8217;apropar la cultura popular als infants perqu\u00e8 observin i comencin a recon\u00e8ixer les nostres tradicions a trav\u00e9s del joc. \ud83e\udde9<\/span><\/h6>\n<h6><span style=\"color: #000000;\">Gr\u00e0cies per pensar en els infants m\u00e9s petits i fer-los part\u00edcips de la Festa Major des de ben petits!<\/span> \ud83e\udd0d<\/h6>\n<p><a href=\"https:\/\/agora.xtec.cat\/llar-drac\/wp-content\/uploads\/usu1309\/2026\/01\/Screenshot-2026-01-11-at-11-23-10-Instagram.png\"><img loading=\"lazy\" decoding=\"async\" class=\"alignnone size-full wp-image-4443\" src=\"https:\/\/agora.xtec.cat\/llar-drac\/wp-content\/uploads\/usu1309\/2026\/01\/Screenshot-2026-01-11-at-11-23-10-Instagram.png\" alt=\"\" width=\"541\" height=\"541\" srcset=\"https:\/\/agora.xtec.cat\/llar-drac\/wp-content\/uploads\/usu1309\/2026\/01\/Screenshot-2026-01-11-at-11-23-10-Instagram.png 541w, https:\/\/agora.xtec.cat\/llar-drac\/wp-content\/uploads\/usu1309\/2026\/01\/Screenshot-2026-01-11-at-11-23-10-Instagram-300x300.png 300w, https:\/\/agora.xtec.cat\/llar-drac\/wp-content\/uploads\/usu1309\/2026\/01\/Screenshot-2026-01-11-at-11-23-10-Instagram-150x150.png 150w\" sizes=\"auto, (max-width: 541px) 100vw, 541px\" \/><\/a><\/p>\n","protected":false},"excerpt":{"rendered":"<p>A la Llar d&#8217;infants El Drac estem molt contents perqu\u00e8 els Pabordes de la Festa Major de Vilanova i la Geltr\u00fa ens han fet un regal molt especial! \ud83c\udf81<br \/>\nDos contes i tres jocs de mem\u00f2ria amb imatges de tots els balls populars del nostre municipi!&hellip;  <a href=\"https:\/\/agora.xtec.cat\/llar-drac\/general\/4442\/\" title=\"Read Festa Major\">Llegeix m\u00e9s\u00bb<\/a><\/p>\n","protected":false},"author":1,"featured_media":0,"comment_status":"closed","ping_status":"open","sticky":false,"template":"","format":"standard","meta":{"_bbp_topic_count":0,"_bbp_reply_count":0,"_bbp_total_topic_count":0,"_bbp_total_reply_count":0,"_bbp_voice_count":0,"_bbp_anonymous_reply_count":0,"_bbp_topic_count_hidden":0,"_bbp_reply_count_hidden":0,"_bbp_forum_subforum_count":0,"footnotes":""},"categories":[1,2,4],"tags":[],"class_list":["post-4442","post","type-post","status-publish","format-standard","hentry","category-general","category-infantil","category-portada"],"post_mailing_queue_ids":[],"_links":{"self":[{"href":"https:\/\/agora.xtec.cat\/llar-drac\/wp-json\/wp\/v2\/posts\/4442","targetHints":{"allow":["GET"]}}],"collection":[{"href":"https:\/\/agora.xtec.cat\/llar-drac\/wp-json\/wp\/v2\/posts"}],"about":[{"href":"https:\/\/agora.xtec.cat\/llar-drac\/wp-json\/wp\/v2\/types\/post"}],"author":[{"embeddable":true,"href":"https:\/\/agora.xtec.cat\/llar-drac\/wp-json\/wp\/v2\/users\/1"}],"replies":[{"embeddable":true,"href":"https:\/\/agora.xtec.cat\/llar-drac\/wp-json\/wp\/v2\/comments?post=4442"}],"version-history":[{"count":5,"href":"https:\/\/agora.xtec.cat\/llar-drac\/wp-json\/wp\/v2\/posts\/4442\/revisions"}],"predecessor-version":[{"id":4454,"href":"https:\/\/agora.xtec.cat\/llar-drac\/wp-json\/wp\/v2\/posts\/4442\/revisions\/4454"}],"wp:attachment":[{"href":"https:\/\/agora.xtec.cat\/llar-drac\/wp-json\/wp\/v2\/media?parent=4442"}],"wp:term":[{"taxonomy":"category","embeddable":true,"href":"https:\/\/agora.xtec.cat\/llar-drac\/wp-json\/wp\/v2\/categories?post=4442"},{"taxonomy":"post_tag","embeddable":true,"href":"https:\/\/agora.xtec.cat\/llar-drac\/wp-json\/wp\/v2\/tags?post=4442"}],"curies":[{"name":"wp","href":"https:\/\/api.w.org\/{rel}","templated":true}]}}