{"id":4438,"date":"2025-12-17T11:32:59","date_gmt":"2025-12-17T10:32:59","guid":{"rendered":"https:\/\/agora.xtec.cat\/llar-drac\/?p=4438"},"modified":"2025-12-17T11:33:36","modified_gmt":"2025-12-17T10:33:36","slug":"bon-nadal-i-bones-festes","status":"publish","type":"post","link":"https:\/\/agora.xtec.cat\/llar-drac\/general\/bon-nadal-i-bones-festes\/","title":{"rendered":"Bon Nadal i Bones Festes!"},"content":{"rendered":"<p><strong>Bon Nadal i Bones Festes!<\/strong><\/p>\n<p>Des de la <strong>Llar d\u2019infants el Drac<\/strong>, us desitgem un Nadal ple de m\u00e0gia, somriures i moments compartits en fam\u00edlia.<br \/>\nQue aquestes festes estiguin plenes d\u2019il\u00b7lusi\u00f3, abra\u00e7ades i rialles dels m\u00e9s petits.<\/p>\n<p>Gr\u00e0cies per confiar en nosaltres i formar part de la nostra gran fam\u00edlia.<br \/>\nQue el nou any vingui carregat de salut, alegria i nous aprenentatges!<\/p>\n<p><strong>Bones Festes i Feli\u00e7 Any Nou!<\/strong><\/p>\n<p><a href=\"https:\/\/agora.xtec.cat\/llar-drac\/wp-content\/uploads\/usu1309\/2025\/12\/851478E9-CA2C-478C-9B24-D416A9657F9D-1.png\"><img loading=\"lazy\" decoding=\"async\" class=\"alignnone size-large wp-image-4439\" src=\"https:\/\/agora.xtec.cat\/llar-drac\/wp-content\/uploads\/usu1309\/2025\/12\/851478E9-CA2C-478C-9B24-D416A9657F9D-1-682x1024.png\" alt=\"\" width=\"682\" height=\"1024\" srcset=\"https:\/\/agora.xtec.cat\/llar-drac\/wp-content\/uploads\/usu1309\/2025\/12\/851478E9-CA2C-478C-9B24-D416A9657F9D-1-682x1024.png 682w, https:\/\/agora.xtec.cat\/llar-drac\/wp-content\/uploads\/usu1309\/2025\/12\/851478E9-CA2C-478C-9B24-D416A9657F9D-1-200x300.png 200w, https:\/\/agora.xtec.cat\/llar-drac\/wp-content\/uploads\/usu1309\/2025\/12\/851478E9-CA2C-478C-9B24-D416A9657F9D-1-768x1152.png 768w, https:\/\/agora.xtec.cat\/llar-drac\/wp-content\/uploads\/usu1309\/2025\/12\/851478E9-CA2C-478C-9B24-D416A9657F9D-1.png 853w\" sizes=\"auto, (max-width: 682px) 100vw, 682px\" \/><\/a><\/p>\n","protected":false},"excerpt":{"rendered":"<p>Bon Nadal i Bones Festes!<br \/>\nDes de la Llar d\u2019infants el Drac, us desitgem un Nadal ple de m\u00e0gia, somriures i moments compartits en fam\u00edlia.<br \/>\nQue aquestes festes estiguin plenes d\u2019il\u00b7lusi\u00f3, abra\u00e7ades i rialles dels m\u00e9s petits.<br \/>\nGr\u00e0cies per confiar en nosaltres i formar part de la nostra&hellip;  <a href=\"https:\/\/agora.xtec.cat\/llar-drac\/general\/bon-nadal-i-bones-festes\/\" title=\"Read Bon Nadal i Bones Festes!\">Llegeix m\u00e9s\u00bb<\/a><\/p>\n","protected":false},"author":1,"featured_media":0,"comment_status":"closed","ping_status":"open","sticky":false,"template":"","format":"standard","meta":{"_bbp_topic_count":0,"_bbp_reply_count":0,"_bbp_total_topic_count":0,"_bbp_total_reply_count":0,"_bbp_voice_count":0,"_bbp_anonymous_reply_count":0,"_bbp_topic_count_hidden":0,"_bbp_reply_count_hidden":0,"_bbp_forum_subforum_count":0,"footnotes":""},"categories":[1,2,4],"tags":[],"class_list":["post-4438","post","type-post","status-publish","format-standard","hentry","category-general","category-infantil","category-portada"],"post_mailing_queue_ids":[],"_links":{"self":[{"href":"https:\/\/agora.xtec.cat\/llar-drac\/wp-json\/wp\/v2\/posts\/4438","targetHints":{"allow":["GET"]}}],"collection":[{"href":"https:\/\/agora.xtec.cat\/llar-drac\/wp-json\/wp\/v2\/posts"}],"about":[{"href":"https:\/\/agora.xtec.cat\/llar-drac\/wp-json\/wp\/v2\/types\/post"}],"author":[{"embeddable":true,"href":"https:\/\/agora.xtec.cat\/llar-drac\/wp-json\/wp\/v2\/users\/1"}],"replies":[{"embeddable":true,"href":"https:\/\/agora.xtec.cat\/llar-drac\/wp-json\/wp\/v2\/comments?post=4438"}],"version-history":[{"count":1,"href":"https:\/\/agora.xtec.cat\/llar-drac\/wp-json\/wp\/v2\/posts\/4438\/revisions"}],"predecessor-version":[{"id":4440,"href":"https:\/\/agora.xtec.cat\/llar-drac\/wp-json\/wp\/v2\/posts\/4438\/revisions\/4440"}],"wp:attachment":[{"href":"https:\/\/agora.xtec.cat\/llar-drac\/wp-json\/wp\/v2\/media?parent=4438"}],"wp:term":[{"taxonomy":"category","embeddable":true,"href":"https:\/\/agora.xtec.cat\/llar-drac\/wp-json\/wp\/v2\/categories?post=4438"},{"taxonomy":"post_tag","embeddable":true,"href":"https:\/\/agora.xtec.cat\/llar-drac\/wp-json\/wp\/v2\/tags?post=4438"}],"curies":[{"name":"wp","href":"https:\/\/api.w.org\/{rel}","templated":true}]}}