{"id":3752,"date":"2020-10-10T11:09:25","date_gmt":"2020-10-10T09:09:25","guid":{"rendered":"http:\/\/agora.xtec.cat\/lesaigues\/?p=3752"},"modified":"2021-06-26T11:51:14","modified_gmt":"2021-06-26T09:51:14","slug":"presentat-al-consell-escolar-el-pla-provisional-dorganitzacio-del-curs-20-21","status":"publish","type":"post","link":"https:\/\/agora.xtec.cat\/lesaigues\/general\/presentat-al-consell-escolar-el-pla-provisional-dorganitzacio-del-curs-20-21\/","title":{"rendered":"Pla d&#8217;Organitzaci\u00f3 per al curs 20-21"},"content":{"rendered":"<p style=\"text-align: justify;\">El dilluns 7 de setembre es va presentar al Consell Escolar el <a href=\"https:\/\/agora.xtec.cat\/lesaigues\/wp-content\/uploads\/usu985\/2020\/10\/Pla-dorganitzaci\u00f3-de-centre-Curs-2020-21-Escola-Les-Aig\u00fces.pdf\">Pla d&#8217;organitzaci\u00f3 de centre Curs 2020-21 <\/a>. <span style=\"font-family: inherit; font-size: 1em;\">Se&#8217;n van fent revisions en les diferents sessions de Consell Escolar al llarg del curs, la darrera va ser la del 28 de gener de 2021.\u00a0\u00a0<\/span><\/p>\n<h5>Cal que l&#8217;escola tingui de cada alumne\/a els documents seg\u00fcents:<\/h5>\n<p style=\"text-align: justify;\"><a href=\"https:\/\/agora.xtec.cat\/lesaigues\/wp-content\/uploads\/usu985\/2020\/07\/Addenda-a-la-Carta-de-Comprom%C3%ADs-Educatiu-durant-la-pand%C3%A8mia-covid-19.pdf\">Addenda a la carta de comprom\u00eds educatiu que contempla la nova organitzaci\u00f3 de l&#8217;escola mentre duri la pand\u00e8mia.<\/a><\/p>\n<p style=\"text-align: justify;\"><a href=\"https:\/\/documents.espai.educacio.gencat.cat\/FormularisModels\/CentresGestioAdministrativa\/A819.pdf\">Declaraci\u00f3 responsable del Departament d&#8217;Educaci\u00f3. (Model d&#8217;Ed. Infantil).<\/a><\/p>\n<p><a href=\"https:\/\/documents.espai.educacio.gencat.cat\/FormularisModels\/CentresGestioAdministrativa\/A818.pdf\">Declaraci\u00f3 responsable del Departament d&#8217;Educaci\u00f3. (Model d&#8217;Ed. Prim\u00e0ria).<\/a><\/p>\n<p><a href=\"https:\/\/agora.xtec.cat\/lesaigues\/wp-content\/uploads\/usu985\/2020\/09\/Autoritzacions-Fami%C4%9Blies_Inici-Curs_v7.pdf\">Autoritzaci\u00f3 per al procediment de gesti\u00f3 de casos covid<\/a>,<\/p>\n<h5 style=\"text-align: justify;\">El Pla garanteix la qualitat i els projectes de l&#8217;escola respectant els criteris sanitaris<\/h5>\n<p style=\"text-align: justify;\">Durant el curs 20-21 s&#8217;hauran de desestimar tots aquells projectes d&#8217;intercanvi que suposen la interacci\u00f3 entre alumnes de m\u00e9s d&#8217;un grup estable i fent \u00fas de la mascareta. Consulteu els projectes de l&#8217;escola <a href=\"https:\/\/agora.xtec.cat\/lesaigues\/projectes\/\">clicant aqu\u00ed<\/a><\/p>\n<h5 style=\"text-align: justify;\">Presencialitat al 100% des del 14 de setembre.<\/h5>\n<p style=\"text-align: justify;\">L&#8217;escola comen\u00e7ar\u00e0 el 14 de setembre de 2020 i el curs acabar\u00e0 el 22 de juny de 2021. <a href=\"https:\/\/agora.xtec.cat\/lesaigues\/lescola\/calendari-19-20\/\">Consulteu el calendari<\/a>.\u00a0 Si en algun moment calgu\u00e9s fer un tancament parcial o total de l&#8217;escola, s&#8217;activaria immediatament el pla de conting\u00e8ncia i l&#8217;escola telem\u00e0tica contemplada en els punts 9.6 i 9.7 del Pla d&#8217;Organitzaci\u00f3.<\/p>\n<h5 style=\"text-align: justify;\">Mesures organitzatives excepcionals per adaptar l&#8217;escola a la nova situaci\u00f3 i material que cal portar.<\/h5>\n<p style=\"text-align: justify;\">S&#8217;ha redefinit el document d&#8217;informacions b\u00e0siques per a fam\u00edlies a tenir en compte durant els curs, podeu llegir-lo <a href=\"https:\/\/agora.xtec.cat\/lesaigues\/lescola\/dossier-families\/\">clicant aqu\u00ed.<\/a><\/p>\n<h5 style=\"text-align: justify;\">Horaris esglaonats d&#8217;entrades i sortides per evitar aglomeracions de persones.<\/h5>\n<p style=\"text-align: justify;\">Consulteu la graella de cada nivell amb el seu\u00a0 corresponent\u00a0 horari i porta assignada <a href=\"https:\/\/agora.xtec.cat\/lesaigues\/wp-content\/uploads\/usu985\/2020\/09\/Entrades-i-sortides.pdf\">clicant aqu\u00ed<\/a>.<\/p>\n<h5 style=\"text-align: justify;\">Horari d&#8217;adaptaci\u00f3 del grups de P3 del 15 al 18 de setembre.<\/h5>\n<p style=\"text-align: justify;\">Consulteu els horaris de l&#8217;adaptaci\u00f3 de P3 <a href=\"https:\/\/agora.xtec.cat\/lesaigues\/wp-content\/uploads\/usu985\/2020\/09\/Horari-dAdaptaci\u00f3-de-P3-20-21.pdf\">clicant aqu\u00ed.<\/a><\/p>\n<h5 style=\"text-align: justify;\">Agrupaments estables d&#8217;alumnes, garantint espais segurs d&#8217;aula, de pati i de servei de menjador.<\/h5>\n<p style=\"text-align: justify;\">Cada grup estable tindr\u00e0 assignat un espai fixe de l&#8217;escola (una aula) i tindr\u00e0 garantits els seus espais de pati (en dos torns) i de menjador (dos trons tamb\u00e9). En tots tres espais no caldr\u00e0 fer \u00fas de la mascareta ja que els compartiran amb el seu grup estable de conviv\u00e8ncia.<\/p>\n<p>Podeu consultar el <a href=\"https:\/\/agora.xtec.cat\/lesaigues\/wp-content\/uploads\/usu985\/2020\/07\/Pla-dacci%C3%B3-del-menjador-escolarper-curs-20-21.pdf\">Pla d&#8217;Acci\u00f3 del menjador escolar 20-21<\/a>, la <a href=\"https:\/\/agora.xtec.cat\/lesaigues\/serveis\/menjador-escolar\/\">informaci\u00f3 general del menjado<\/a>r i com fer la <a href=\"https:\/\/agora.xtec.cat\/lesaigues\/serveis\/inscripcio-online\/\">inscripci\u00f3 en l\u00ednia<\/a> des d&#8217;avui mateix.<\/p>\n<h5 style=\"text-align: justify;\">Equips docents de cicles garantint diversitat curricular i l&#8217;escola inclusiva.<\/h5>\n<p style=\"text-align: justify;\">Publicarem la distribuci\u00f3 de l&#8217;equip docent la primera setmana de setembre<\/p>\n<h5 style=\"text-align: justify;\">Servei d&#8217;acollida de mat\u00ed i de tarda i activitats gestionades per l&#8217;AFA.<\/h5>\n<p style=\"text-align: justify;\">El servei d&#8217;acollida comen\u00e7ar\u00e0 el 21 de setembre. Durant la primera setmana de curs ser\u00e0 important que establim un bon funcionament d&#8217;entrades i sortides per les portes i horaris corresponents.<\/p>\n<p style=\"text-align: justify;\">Les activitats extraescolars comen\u00e7aran el 19 d&#8217;octubre i s&#8217;aniran actualitzant al llarg del curs segons les instruccions que es publiquin per regular les activitats d&#8217;educaci\u00f3 en el lleure.<\/p>\n<p style=\"text-align: justify;\">Podeu consultar <a href=\"http:\/\/afalesaigues.blogspot.com\/\">el blog de L&#8217;AFA Les Aig\u00fces<\/a> on hi haur\u00e0 la informaci\u00f3 actualitzada.<\/p>\n","protected":false},"excerpt":{"rendered":"<p>El dilluns 7 de setembre es va presentar al Consell Escolar el Pla d&#8217;organitzaci\u00f3 de centre Curs 2020-21 . Se&#8217;n van fent revisions en les diferents sessions de Consell Escolar al llarg del curs, la darrera va ser la del 28 de gener de 2021.\u00a0\u00a0 Cal que l&#8217;escola tingui de cada alumne\/a els documents seg\u00fcents: [&hellip;]<\/p>\n","protected":false},"author":1,"featured_media":3838,"comment_status":"closed","ping_status":"closed","sticky":true,"template":"","format":"standard","meta":{"_bbp_topic_count":0,"_bbp_reply_count":0,"_bbp_total_topic_count":0,"_bbp_total_reply_count":0,"_bbp_voice_count":0,"_bbp_anonymous_reply_count":0,"_bbp_topic_count_hidden":0,"_bbp_reply_count_hidden":0,"_bbp_forum_subforum_count":0,"site-sidebar-layout":"default","site-content-layout":"","ast-site-content-layout":"","site-content-style":"default","site-sidebar-style":"default","ast-global-header-display":"","ast-banner-title-visibility":"","ast-main-header-display":"","ast-hfb-above-header-display":"","ast-hfb-below-header-display":"","ast-hfb-mobile-header-display":"","site-post-title":"","ast-breadcrumbs-content":"","ast-featured-img":"","footer-sml-layout":"","theme-transparent-header-meta":"","adv-header-id-meta":"","stick-header-meta":"","header-above-stick-meta":"","header-main-stick-meta":"","header-below-stick-meta":"","astra-migrate-meta-layouts":"default","ast-page-background-enabled":"default","ast-page-background-meta":{"desktop":{"background-color":"var(--ast-global-color-4)","background-image":"","background-repeat":"repeat","background-position":"center center","background-size":"auto","background-attachment":"scroll","background-type":"","background-media":"","overlay-type":"","overlay-color":"","overlay-opacity":"","overlay-gradient":""},"tablet":{"background-color":"","background-image":"","background-repeat":"repeat","background-position":"center center","background-size":"auto","background-attachment":"scroll","background-type":"","background-media":"","overlay-type":"","overlay-color":"","overlay-opacity":"","overlay-gradient":""},"mobile":{"background-color":"","background-image":"","background-repeat":"repeat","background-position":"center center","background-size":"auto","background-attachment":"scroll","background-type":"","background-media":"","overlay-type":"","overlay-color":"","overlay-opacity":"","overlay-gradient":""}},"ast-content-background-meta":{"desktop":{"background-color":"var(--ast-global-color-5)","background-image":"","background-repeat":"repeat","background-position":"center center","background-size":"auto","background-attachment":"scroll","background-type":"","background-media":"","overlay-type":"","overlay-color":"","overlay-opacity":"","overlay-gradient":""},"tablet":{"background-color":"var(--ast-global-color-5)","background-image":"","background-repeat":"repeat","background-position":"center center","background-size":"auto","background-attachment":"scroll","background-type":"","background-media":"","overlay-type":"","overlay-color":"","overlay-opacity":"","overlay-gradient":""},"mobile":{"background-color":"var(--ast-global-color-5)","background-image":"","background-repeat":"repeat","background-position":"center center","background-size":"auto","background-attachment":"scroll","background-type":"","background-media":"","overlay-type":"","overlay-color":"","overlay-opacity":"","overlay-gradient":""}},"footnotes":""},"categories":[1],"tags":[],"class_list":["post-3752","post","type-post","status-publish","format-standard","has-post-thumbnail","hentry","category-general"],"post_mailing_queue_ids":[],"_links":{"self":[{"href":"https:\/\/agora.xtec.cat\/lesaigues\/wp-json\/wp\/v2\/posts\/3752","targetHints":{"allow":["GET"]}}],"collection":[{"href":"https:\/\/agora.xtec.cat\/lesaigues\/wp-json\/wp\/v2\/posts"}],"about":[{"href":"https:\/\/agora.xtec.cat\/lesaigues\/wp-json\/wp\/v2\/types\/post"}],"author":[{"embeddable":true,"href":"https:\/\/agora.xtec.cat\/lesaigues\/wp-json\/wp\/v2\/users\/1"}],"replies":[{"embeddable":true,"href":"https:\/\/agora.xtec.cat\/lesaigues\/wp-json\/wp\/v2\/comments?post=3752"}],"version-history":[{"count":3,"href":"https:\/\/agora.xtec.cat\/lesaigues\/wp-json\/wp\/v2\/posts\/3752\/revisions"}],"predecessor-version":[{"id":4873,"href":"https:\/\/agora.xtec.cat\/lesaigues\/wp-json\/wp\/v2\/posts\/3752\/revisions\/4873"}],"wp:featuredmedia":[{"embeddable":true,"href":"https:\/\/agora.xtec.cat\/lesaigues\/wp-json\/wp\/v2\/media\/3838"}],"wp:attachment":[{"href":"https:\/\/agora.xtec.cat\/lesaigues\/wp-json\/wp\/v2\/media?parent=3752"}],"wp:term":[{"taxonomy":"category","embeddable":true,"href":"https:\/\/agora.xtec.cat\/lesaigues\/wp-json\/wp\/v2\/categories?post=3752"},{"taxonomy":"post_tag","embeddable":true,"href":"https:\/\/agora.xtec.cat\/lesaigues\/wp-json\/wp\/v2\/tags?post=3752"}],"curies":[{"name":"wp","href":"https:\/\/api.w.org\/{rel}","templated":true}]}}