{"id":3224,"date":"2020-10-08T05:00:28","date_gmt":"2020-10-08T03:00:28","guid":{"rendered":"http:\/\/agora.xtec.cat\/lesaigues\/?p=3224"},"modified":"2022-03-22T08:43:48","modified_gmt":"2022-03-22T07:43:48","slug":"radio-les-aigues-en-temps-de-confinament","status":"publish","type":"post","link":"https:\/\/agora.xtec.cat\/lesaigues\/portada\/radio-les-aigues-en-temps-de-confinament\/","title":{"rendered":"R\u00e0dio Les Aig\u00fces en temps de confinament. Pots escoltar tots els programes de la temporada passada"},"content":{"rendered":"<p style=\"text-align: justify;\">Durant el confinament del curs 19-20, a iniciativa de l\u2019equip de mestres de 5\u00e8 i amb col\u00b7laboraci\u00f3 de bona part de l&#8217;equip de mestres de l&#8217;escola, es va iniciar el programa de r\u00e0dio <em>Aixeca\u2019t 5\u00e8, <\/em>que es va emetre quinzenalment els dimecres en directe a les 18 hores, on els nois i noies d\u2019aquest nivell i les fam\u00edlies de l&#8217;escola en general enviaven dedicat\u00f2ries, propostes musicals, acudits, enigmes, hist\u00f2ries curtes&#8230; i moltes sorpreses m\u00e9s. Ja s&#8217;han fet totes aquestes emissions que podeu escoltar:<\/p>\n<p><a href=\"https:\/\/drive.google.com\/file\/d\/1ThcD2kFuXWZY29Bd4mQVK-jhJNG48hhX\/view\">Programa 1 <\/a><strong>del 25 de mar\u00e7<\/strong> (comen\u00e7a al minut 8:30). <a href=\"http:\/\/www.tocateules.com\/casa.jpg\">Fotografia de la casa<\/a> per resoldre el misteri.<\/p>\n<p><a href=\"https:\/\/drive.google.com\/file\/d\/1yKjwn0W2XE3VozXbBPZPfnoW4hI5ZRnl\/view\">Programa 2<\/a><strong>\u00a0de l&#8217;1 d&#8217;abril<\/strong> (comen\u00e7a al minut 18:20). <a href=\"https:\/\/drive.google.com\/file\/d\/1E5MljbotLAcIpDZ9pTgvEqvRmOuB8f1I\/view\">Foto de l&#8217;autob\u00fas<\/a><\/p>\n<p><a href=\"https:\/\/mega.nz\/file\/aBsByDrL#Cwqq3gZJqQH9Cl1Sc52br_pI5ebV9PzzF6RRaVssvvY\">Programa 3<\/a><strong> del 22 d&#8217;abril.\u00a0<\/strong>I el fullet per trobar el codi que obre el cofre:\u00a0<a href=\"http:\/\/www.tocateules.com\/folleto.jpg\" target=\"_blank\" rel=\"noopener noreferrer\" data-saferedirecturl=\"https:\/\/www.google.com\/url?q=http:\/\/www.tocateules.com\/folleto.jpg&amp;source=gmail&amp;ust=1588886717275000&amp;usg=AFQjCNE50N0vaJhlXuAEUcfy524YgcGVVQ\">Fullet de propaganda<\/a> <a href=\"http:\/\/www.tocateules.com\/radio\/\" target=\"_blank\" rel=\"noopener noreferrer\" data-saferedirecturl=\"https:\/\/www.google.com\/url?q=http:\/\/www.tocateules.com\/radio\/&amp;source=gmail&amp;ust=1588886717275000&amp;usg=AFQjCNEwXAthha4GceGQu99qJ2NMUrSsbg\">Prova el teu codi per obrir el cofre<\/a><\/p>\n<p><span style=\"color: #3366ff;\"><a href=\"https:\/\/mega.nz\/file\/SN8GjYbR#JteBVtXdw3S_UCXG6jxuxRSoyyaJX9c4ECwNqbeu8w8\">Programa 4<\/a><\/span> <strong>del 6 de maig.<\/strong> Fotografia del\u00a0<a href=\"http:\/\/www.tocateules.com\/menjador.jpg\" target=\"_blank\" rel=\"noopener noreferrer\" data-saferedirecturl=\"https:\/\/www.google.com\/url?q=http:\/\/www.tocateules.com\/menjador.jpg&amp;source=gmail&amp;ust=1588886717275000&amp;usg=AFQjCNEQYMntVsvilEY2UOlkqqmX8tkAHw\">menjador<\/a>\u00a0per resoldre el misteri<\/p>\n<p><a href=\"https:\/\/mega.nz\/file\/KcsRFIQL#QwJAzhg2eKGykDby2AbbjcDdohPn7s6zFzkXo6LPs6M\">Programa 5<\/a> <strong>del 20 de maig.<\/strong> Cliqueu <a href=\"https:\/\/agora.xtec.cat\/lesaigues\/wp-content\/uploads\/usu985\/2020\/05\/Captura-de-pantalla-2020-05-20-a-las-17.18.40.png\">aqu\u00ed<\/a> per veure la recepta de cuina.<\/p>\n<p><strong><a href=\"https:\/\/mega.nz\/file\/yNs1wQpA#gb62ynv-k-_J_WSY_6BuOI1B-01uYwml18QHxlLlPFM\">Programa 6<\/a> del 10 de juny.<\/strong><\/p>\n\r\n\t<div class=\"slideshow_container slideshow_container_style-light\" style=\"height: 300px; \" data-slideshow-id=\"3227\" data-style-name=\"style-light\" data-style-version=\"2.3.1\" >\r\n\r\n\t\t\t\t\t<div class=\"slideshow_loading_icon\"><\/div>\r\n\t\t\r\n\t\t<div class=\"slideshow_content\" style=\"display: none;\">\r\n\r\n\t\t\t<div class=\"slideshow_view\">\r\n\t\t\t\t<div class=\"slideshow_slide slideshow_slide_image\">\r\n\t\t\t\t\t\t\t\t\t\t\t<img src=\"https:\/\/agora.xtec.cat\/lesaigues\/wp-content\/uploads\/usu985\/2020\/06\/WhatsApp-Image-2020-05-21-at-19.16.28.jpeg\" alt=\"WhatsApp Image 2020-05-21 at 19.16.28\" width=\"1600\" height=\"899\" \/>\r\n\t\t\t\t\t\t\t\t\t\t<div class=\"slideshow_description_box slideshow_transparent\">\r\n\t\t\t\t\t\t\t\t\t\t\t\t\t\t\t\t\t<\/div>\r\n\t\t\t\t<\/div>\r\n\r\n\t\t\t\t\t\t<div style=\"clear: both;\"><\/div><\/div><div class=\"slideshow_view\">\r\n\t\t\t\t<div class=\"slideshow_slide slideshow_slide_image\">\r\n\t\t\t\t\t\t\t\t\t\t\t<img src=\"https:\/\/agora.xtec.cat\/lesaigues\/wp-content\/uploads\/usu985\/2020\/06\/WhatsApp-Image-2020-05-21-at-19.16.28-1.jpeg\" alt=\"WhatsApp Image 2020-05-21 at 19.16.28 (1)\" width=\"1600\" height=\"899\" \/>\r\n\t\t\t\t\t\t\t\t\t\t<div class=\"slideshow_description_box slideshow_transparent\">\r\n\t\t\t\t\t\t\t\t\t\t\t\t\t\t\t\t\t<\/div>\r\n\t\t\t\t<\/div>\r\n\r\n\t\t\t\t\t\t<div style=\"clear: both;\"><\/div><\/div><div class=\"slideshow_view\">\r\n\t\t\t\t<div class=\"slideshow_slide slideshow_slide_image\">\r\n\t\t\t\t\t\t\t\t\t\t\t<img src=\"https:\/\/agora.xtec.cat\/lesaigues\/wp-content\/uploads\/usu985\/2020\/06\/WhatsApp-Image-2020-05-21-at-19.16.28-2.jpeg\" alt=\"WhatsApp Image 2020-05-21 at 19.16.28 (2)\" width=\"1600\" height=\"899\" \/>\r\n\t\t\t\t\t\t\t\t\t\t<div class=\"slideshow_description_box slideshow_transparent\">\r\n\t\t\t\t\t\t\t\t\t\t\t\t\t\t\t\t\t<\/div>\r\n\t\t\t\t<\/div>\r\n\r\n\t\t\t\t\t\t<div style=\"clear: both;\"><\/div><\/div><div class=\"slideshow_view\">\r\n\t\t\t\t<div class=\"slideshow_slide slideshow_slide_image\">\r\n\t\t\t\t\t\t\t\t\t\t\t<img src=\"https:\/\/agora.xtec.cat\/lesaigues\/wp-content\/uploads\/usu985\/2020\/04\/La-radio-escolar-547x280.jpg\" alt=\"La-radio-escolar-547x280\" width=\"547\" height=\"280\" \/>\r\n\t\t\t\t\t\t\t\t\t\t<div class=\"slideshow_description_box slideshow_transparent\">\r\n\t\t\t\t\t\t\t\t\t\t\t\t\t\t\t\t\t<\/div>\r\n\t\t\t\t<\/div>\r\n\r\n\t\t\t\t\t\t<div style=\"clear: both;\"><\/div><\/div><div class=\"slideshow_view\">\r\n\t\t\t\t<div class=\"slideshow_slide slideshow_slide_image\">\r\n\t\t\t\t\t\t\t\t\t\t\t<img src=\"https:\/\/agora.xtec.cat\/lesaigues\/wp-content\/uploads\/usu985\/2020\/04\/IMG-20200325-WA0099.jpg\" alt=\"IMG-20200325-WA0099\" width=\"2048\" height=\"1152\" \/>\r\n\t\t\t\t\t\t\t\t\t\t<div class=\"slideshow_description_box slideshow_transparent\">\r\n\t\t\t\t\t\t\t\t\t\t\t\t\t\t\t\t\t<\/div>\r\n\t\t\t\t<\/div>\r\n\r\n\t\t\t\t\t\t<div style=\"clear: both;\"><\/div><\/div>\r\n\t\t<\/div>\r\n\r\n\t\t<div class=\"slideshow_controlPanel slideshow_transparent\" style=\"display: none;\"><ul><li class=\"slideshow_togglePlay\" data-play-text=\"Visualitza\" data-pause-text=\"Pausa\"><\/li><\/ul><\/div>\r\n\r\n\t\t<div class=\"slideshow_button slideshow_previous slideshow_transparent\" role=\"button\" data-previous-text=\"Anterior\" style=\"display: none;\"><\/div>\r\n\t\t<div class=\"slideshow_button slideshow_next slideshow_transparent\" role=\"button\" data-next-text=\"Seg\u00fcent\" style=\"display: none;\"><\/div>\r\n\r\n\t\t<div class=\"slideshow_pagination\" style=\"display: none;\" data-go-to-text=\"V\u00e9s a la diapositiva\"><div class=\"slideshow_pagination_center\"><\/div><\/div>\r\n\r\n\t\t<!-- WordPress Slideshow Version 2.3.1 -->\r\n\r\n\t\t\t<\/div>\r\n\r\n\n<p style=\"text-align: justify;\">Durant el confinament hem em\u00e8s sis programes de r\u00e0dio amb les aportacions de la comunitat educativa. No vam poder estar junts a l\u2019escola, per\u00f2 s\u00ed que des de casa vam poder escoltar junts la r\u00e0dio. Esperem que hagueu gaudit escoltant-los i gual que nosaltres fent-los. Desitgem continuar el projecte de r\u00e0dio aquest curst, per\u00f2 sense confinament.<\/p>\n","protected":false},"excerpt":{"rendered":"<p>Durant el confinament del curs 19-20, a iniciativa de l\u2019equip de mestres de 5\u00e8 i amb col\u00b7laboraci\u00f3 de bona part de l&#8217;equip de mestres de l&#8217;escola, es va iniciar el programa de r\u00e0dio Aixeca\u2019t 5\u00e8, que es va emetre quinzenalment els dimecres en directe a les 18 hores, on els nois i noies d\u2019aquest nivell [&hellip;]<\/p>\n","protected":false},"author":1,"featured_media":3694,"comment_status":"open","ping_status":"closed","sticky":false,"template":"","format":"standard","meta":{"_bbp_topic_count":0,"_bbp_reply_count":0,"_bbp_total_topic_count":0,"_bbp_total_reply_count":0,"_bbp_voice_count":0,"_bbp_anonymous_reply_count":0,"_bbp_topic_count_hidden":0,"_bbp_reply_count_hidden":0,"_bbp_forum_subforum_count":0,"site-sidebar-layout":"default","site-content-layout":"","ast-site-content-layout":"","site-content-style":"default","site-sidebar-style":"default","ast-global-header-display":"","ast-banner-title-visibility":"","ast-main-header-display":"","ast-hfb-above-header-display":"","ast-hfb-below-header-display":"","ast-hfb-mobile-header-display":"","site-post-title":"","ast-breadcrumbs-content":"","ast-featured-img":"","footer-sml-layout":"","theme-transparent-header-meta":"","adv-header-id-meta":"","stick-header-meta":"","header-above-stick-meta":"","header-main-stick-meta":"","header-below-stick-meta":"","astra-migrate-meta-layouts":"default","ast-page-background-enabled":"default","ast-page-background-meta":{"desktop":{"background-color":"var(--ast-global-color-4)","background-image":"","background-repeat":"repeat","background-position":"center center","background-size":"auto","background-attachment":"scroll","background-type":"","background-media":"","overlay-type":"","overlay-color":"","overlay-opacity":"","overlay-gradient":""},"tablet":{"background-color":"","background-image":"","background-repeat":"repeat","background-position":"center center","background-size":"auto","background-attachment":"scroll","background-type":"","background-media":"","overlay-type":"","overlay-color":"","overlay-opacity":"","overlay-gradient":""},"mobile":{"background-color":"","background-image":"","background-repeat":"repeat","background-position":"center center","background-size":"auto","background-attachment":"scroll","background-type":"","background-media":"","overlay-type":"","overlay-color":"","overlay-opacity":"","overlay-gradient":""}},"ast-content-background-meta":{"desktop":{"background-color":"var(--ast-global-color-5)","background-image":"","background-repeat":"repeat","background-position":"center center","background-size":"auto","background-attachment":"scroll","background-type":"","background-media":"","overlay-type":"","overlay-color":"","overlay-opacity":"","overlay-gradient":""},"tablet":{"background-color":"var(--ast-global-color-5)","background-image":"","background-repeat":"repeat","background-position":"center center","background-size":"auto","background-attachment":"scroll","background-type":"","background-media":"","overlay-type":"","overlay-color":"","overlay-opacity":"","overlay-gradient":""},"mobile":{"background-color":"var(--ast-global-color-5)","background-image":"","background-repeat":"repeat","background-position":"center center","background-size":"auto","background-attachment":"scroll","background-type":"","background-media":"","overlay-type":"","overlay-color":"","overlay-opacity":"","overlay-gradient":""}},"footnotes":""},"categories":[4],"tags":[],"class_list":["post-3224","post","type-post","status-publish","format-standard","has-post-thumbnail","hentry","category-portada"],"post_mailing_queue_ids":[],"_links":{"self":[{"href":"https:\/\/agora.xtec.cat\/lesaigues\/wp-json\/wp\/v2\/posts\/3224","targetHints":{"allow":["GET"]}}],"collection":[{"href":"https:\/\/agora.xtec.cat\/lesaigues\/wp-json\/wp\/v2\/posts"}],"about":[{"href":"https:\/\/agora.xtec.cat\/lesaigues\/wp-json\/wp\/v2\/types\/post"}],"author":[{"embeddable":true,"href":"https:\/\/agora.xtec.cat\/lesaigues\/wp-json\/wp\/v2\/users\/1"}],"replies":[{"embeddable":true,"href":"https:\/\/agora.xtec.cat\/lesaigues\/wp-json\/wp\/v2\/comments?post=3224"}],"version-history":[{"count":4,"href":"https:\/\/agora.xtec.cat\/lesaigues\/wp-json\/wp\/v2\/posts\/3224\/revisions"}],"predecessor-version":[{"id":4253,"href":"https:\/\/agora.xtec.cat\/lesaigues\/wp-json\/wp\/v2\/posts\/3224\/revisions\/4253"}],"wp:featuredmedia":[{"embeddable":true,"href":"https:\/\/agora.xtec.cat\/lesaigues\/wp-json\/wp\/v2\/media\/3694"}],"wp:attachment":[{"href":"https:\/\/agora.xtec.cat\/lesaigues\/wp-json\/wp\/v2\/media?parent=3224"}],"wp:term":[{"taxonomy":"category","embeddable":true,"href":"https:\/\/agora.xtec.cat\/lesaigues\/wp-json\/wp\/v2\/categories?post=3224"},{"taxonomy":"post_tag","embeddable":true,"href":"https:\/\/agora.xtec.cat\/lesaigues\/wp-json\/wp\/v2\/tags?post=3224"}],"curies":[{"name":"wp","href":"https:\/\/api.w.org\/{rel}","templated":true}]}}