{"id":16058,"date":"2026-04-26T08:30:42","date_gmt":"2026-04-26T06:30:42","guid":{"rendered":"https:\/\/agora.xtec.cat\/lesaigues\/?p=16058"},"modified":"2026-04-26T08:52:27","modified_gmt":"2026-04-26T06:52:27","slug":"nova-trobada-erasmus-a-cardedeu-del-4-al-8-de-maig-amb-el-college-du-carbet-martinica","status":"publish","type":"post","link":"https:\/\/agora.xtec.cat\/lesaigues\/portada\/nova-trobada-erasmus-a-cardedeu-del-4-al-8-de-maig-amb-el-college-du-carbet-martinica\/","title":{"rendered":"Nova trobada Erasmus+ a Cardedeu del 4 al 8 de maig amb el Coll\u00e8ge du Carbet (Martinica)"},"content":{"rendered":"<p style=\"text-align: justify;\" data-start=\"0\" data-end=\"443\"><strong>Durant la setmana del 4 al 8 de maig, l\u2019Escola Les Aig\u00fces acollir\u00e0 una nova trobada Erasmus+ emmarcada dins del projecte <a href=\"https:\/\/agora.xtec.cat\/lesaigues\/portada\/nou-projecte-erasmus-healthy-habits-and-personal-well-being\/\"><em>Healthy habits and personal well-being,\u00a0<\/em><\/a>iniciat el novembre de 2025\u00a0i que s\u2019allargar\u00e0 fins a l\u2019abril de 2027. La iniciativa t\u00e9 com a objectiu promoure h\u00e0bits saludables i el benestar personal entre l\u2019alumnat, tot fomentant alhora la cooperaci\u00f3 i l\u2019intercanvi cultural entre centres educatius europeus.<\/strong><\/p>\n<p style=\"text-align: justify;\" data-start=\"0\" data-end=\"443\"><strong>En aquesta ocasi\u00f3, hi participaran 12 alumnes i 2 mestres del <a href=\"https:\/\/site.ac-martinique.fr\/clg-carbet\/\">Coll\u00e8ge du Carbet<\/a>, situat a Martinica, un departament franc\u00e8s d&#8217;ultramar ubicat al Carib. Aquest fet aporta un valor especialment enriquidor a la trobada, ja que permet als alumnes entrar en contacte amb una realitat cultural, geogr\u00e0fica i social diferent, ampliant la seva mirada i afavorint una aut\u00e8ntica educaci\u00f3 intercultural dins del marc europeu.<\/strong><\/p>\n<p style=\"text-align: justify;\" data-start=\"445\" data-end=\"869\"><strong>Compartiran amb els grups de 6\u00e8 una experi\u00e8ncia educativa enriquidora. A l\u2019inici de la setmana, es duran a terme activitats conjuntes a l\u2019escola que afavoriran la conviv\u00e8ncia, el treball en equip i la comunicaci\u00f3 en un context real i significatiu, potenciant compet\u00e8ncies ling\u00fc\u00edstiques, socials i emocionals.<\/strong><\/p>\n<p style=\"text-align: justify;\" data-start=\"871\" data-end=\"1280\"><strong>De dimecres a divendres, la trobada continuar\u00e0 amb les col\u00f2nies dels grups de 6\u00e8 a Eurostage, a Caldes d\u2019Estrac i al Port Bal\u00eds de Sant Andreu de Llavaneres, un entorn idoni per refor\u00e7ar els vincles entre l\u2019alumnat i aprofundir en els objectius del projecte. A trav\u00e9s d\u2019activitats l\u00fadiques, esportives i de descoberta de l\u2019entorn, els participants podran consolidar h\u00e0bits de vida saludable, desenvolupar l\u2019autonomia personal i viure una experi\u00e8ncia intercultural<\/strong><strong>.<\/strong><\/p>\n<p><a href=\"https:\/\/agora.xtec.cat\/lesaigues\/wp-content\/uploads\/usu985\/2026\/04\/WhatsApp-Image-2026-04-26-at-08.28.52.jpeg\"><img loading=\"lazy\" decoding=\"async\" class=\"aligncenter size-large wp-image-16060\" src=\"https:\/\/agora.xtec.cat\/lesaigues\/wp-content\/uploads\/usu985\/2026\/04\/WhatsApp-Image-2026-04-26-at-08.28.52-718x1024.jpeg\" alt=\"\" width=\"718\" height=\"1024\" srcset=\"https:\/\/agora.xtec.cat\/lesaigues\/wp-content\/uploads\/usu985\/2026\/04\/WhatsApp-Image-2026-04-26-at-08.28.52-718x1024.jpeg 718w, https:\/\/agora.xtec.cat\/lesaigues\/wp-content\/uploads\/usu985\/2026\/04\/WhatsApp-Image-2026-04-26-at-08.28.52-210x300.jpeg 210w, https:\/\/agora.xtec.cat\/lesaigues\/wp-content\/uploads\/usu985\/2026\/04\/WhatsApp-Image-2026-04-26-at-08.28.52-768x1095.jpeg 768w, https:\/\/agora.xtec.cat\/lesaigues\/wp-content\/uploads\/usu985\/2026\/04\/WhatsApp-Image-2026-04-26-at-08.28.52.jpeg 864w\" sizes=\"auto, (max-width: 718px) 100vw, 718px\" \/><\/a><\/p>\n","protected":false},"excerpt":{"rendered":"<p>Durant la setmana del 4 al 8 de maig, l\u2019Escola Les Aig\u00fces acollir\u00e0 una nova trobada Erasmus+ emmarcada dins del projecte Healthy habits and personal well-being,\u00a0iniciat el novembre de 2025\u00a0i que s\u2019allargar\u00e0 fins a l\u2019abril de 2027. La iniciativa t\u00e9 com a objectiu promoure h\u00e0bits saludables i el benestar personal entre l\u2019alumnat, tot fomentant alhora [&hellip;]<\/p>\n","protected":false},"author":1,"featured_media":16060,"comment_status":"open","ping_status":"open","sticky":false,"template":"","format":"standard","meta":{"_bbp_topic_count":0,"_bbp_reply_count":0,"_bbp_total_topic_count":0,"_bbp_total_reply_count":0,"_bbp_voice_count":0,"_bbp_anonymous_reply_count":0,"_bbp_topic_count_hidden":0,"_bbp_reply_count_hidden":0,"_bbp_forum_subforum_count":0,"site-sidebar-layout":"default","site-content-layout":"","ast-site-content-layout":"default","site-content-style":"default","site-sidebar-style":"default","ast-global-header-display":"","ast-banner-title-visibility":"","ast-main-header-display":"","ast-hfb-above-header-display":"","ast-hfb-below-header-display":"","ast-hfb-mobile-header-display":"","site-post-title":"","ast-breadcrumbs-content":"","ast-featured-img":"","footer-sml-layout":"","theme-transparent-header-meta":"default","adv-header-id-meta":"","stick-header-meta":"","header-above-stick-meta":"","header-main-stick-meta":"","header-below-stick-meta":"","astra-migrate-meta-layouts":"set","ast-page-background-enabled":"default","ast-page-background-meta":{"desktop":{"background-color":"var(--ast-global-color-4)","background-image":"","background-repeat":"repeat","background-position":"center center","background-size":"auto","background-attachment":"scroll","background-type":"","background-media":"","overlay-type":"","overlay-color":"","overlay-opacity":"","overlay-gradient":""},"tablet":{"background-color":"","background-image":"","background-repeat":"repeat","background-position":"center center","background-size":"auto","background-attachment":"scroll","background-type":"","background-media":"","overlay-type":"","overlay-color":"","overlay-opacity":"","overlay-gradient":""},"mobile":{"background-color":"","background-image":"","background-repeat":"repeat","background-position":"center center","background-size":"auto","background-attachment":"scroll","background-type":"","background-media":"","overlay-type":"","overlay-color":"","overlay-opacity":"","overlay-gradient":""}},"ast-content-background-meta":{"desktop":{"background-color":"var(--ast-global-color-5)","background-image":"","background-repeat":"repeat","background-position":"center center","background-size":"auto","background-attachment":"scroll","background-type":"","background-media":"","overlay-type":"","overlay-color":"","overlay-opacity":"","overlay-gradient":""},"tablet":{"background-color":"var(--ast-global-color-5)","background-image":"","background-repeat":"repeat","background-position":"center center","background-size":"auto","background-attachment":"scroll","background-type":"","background-media":"","overlay-type":"","overlay-color":"","overlay-opacity":"","overlay-gradient":""},"mobile":{"background-color":"var(--ast-global-color-5)","background-image":"","background-repeat":"repeat","background-position":"center center","background-size":"auto","background-attachment":"scroll","background-type":"","background-media":"","overlay-type":"","overlay-color":"","overlay-opacity":"","overlay-gradient":""}},"footnotes":""},"categories":[4],"tags":[],"class_list":["post-16058","post","type-post","status-publish","format-standard","has-post-thumbnail","hentry","category-portada"],"post_mailing_queue_ids":[],"_links":{"self":[{"href":"https:\/\/agora.xtec.cat\/lesaigues\/wp-json\/wp\/v2\/posts\/16058","targetHints":{"allow":["GET"]}}],"collection":[{"href":"https:\/\/agora.xtec.cat\/lesaigues\/wp-json\/wp\/v2\/posts"}],"about":[{"href":"https:\/\/agora.xtec.cat\/lesaigues\/wp-json\/wp\/v2\/types\/post"}],"author":[{"embeddable":true,"href":"https:\/\/agora.xtec.cat\/lesaigues\/wp-json\/wp\/v2\/users\/1"}],"replies":[{"embeddable":true,"href":"https:\/\/agora.xtec.cat\/lesaigues\/wp-json\/wp\/v2\/comments?post=16058"}],"version-history":[{"count":4,"href":"https:\/\/agora.xtec.cat\/lesaigues\/wp-json\/wp\/v2\/posts\/16058\/revisions"}],"predecessor-version":[{"id":16063,"href":"https:\/\/agora.xtec.cat\/lesaigues\/wp-json\/wp\/v2\/posts\/16058\/revisions\/16063"}],"wp:featuredmedia":[{"embeddable":true,"href":"https:\/\/agora.xtec.cat\/lesaigues\/wp-json\/wp\/v2\/media\/16060"}],"wp:attachment":[{"href":"https:\/\/agora.xtec.cat\/lesaigues\/wp-json\/wp\/v2\/media?parent=16058"}],"wp:term":[{"taxonomy":"category","embeddable":true,"href":"https:\/\/agora.xtec.cat\/lesaigues\/wp-json\/wp\/v2\/categories?post=16058"},{"taxonomy":"post_tag","embeddable":true,"href":"https:\/\/agora.xtec.cat\/lesaigues\/wp-json\/wp\/v2\/tags?post=16058"}],"curies":[{"name":"wp","href":"https:\/\/api.w.org\/{rel}","templated":true}]}}