{"id":15949,"date":"2026-04-17T08:57:13","date_gmt":"2026-04-17T06:57:13","guid":{"rendered":"https:\/\/agora.xtec.cat\/lesaigues\/?p=15949"},"modified":"2026-04-19T17:05:51","modified_gmt":"2026-04-19T15:05:51","slug":"ajuts-dactivitats-destiu-2026-i-extraescolars-per-al-curs-26-27-fins-el-4-de-maigig","status":"publish","type":"post","link":"https:\/\/agora.xtec.cat\/lesaigues\/portada\/ajuts-dactivitats-destiu-2026-i-extraescolars-per-al-curs-26-27-fins-el-4-de-maigig\/","title":{"rendered":"Ajuts d&#8217;activitats d&#8217;estiu 2026 i extraescolars per al curs 26-27 fins el 4 de maig"},"content":{"rendered":"<div id=\"m_-8398078879869468890x_title0\">\n<div id=\"m_-8398078879869468890x_title0\">\n<div style=\"text-align: justify;\">Us informem que l&#8217;Ajuntament de Cardedeu ha aprovat la\u00a0<b>Convocat\u00f2ria d&#8217;<span class=\"il\">ajuts<\/span>\u00a0per a la realitzaci\u00f3 de les activitats d&#8217;estiu 2026 i extraescolars 2026\/2027.<\/b><\/div>\n<div><\/div>\n<div style=\"text-align: justify;\">Podeu trobar tota la informaci\u00f3 a la\u00a0<a id=\"m_-8398078879869468890anchor-9d257fe9-61bf-36a9-a63b-b655668d2dcd\" title=\"https:\/\/www.cardedeu.cat\/actualitat\/noticies\/convocatoria-dajuts-per-a-les-activitats-destiu-2026-i-extraescolars-20262027.html\" href=\"https:\/\/www.cardedeu.cat\/actualitat\/noticies\/convocatoria-dajuts-per-a-les-activitats-destiu-2026-i-extraescolars-20262027.html\" target=\"_blank\" rel=\"noopener\" data-saferedirecturl=\"https:\/\/www.google.com\/url?q=https:\/\/www.cardedeu.cat\/actualitat\/noticies\/convocatoria-dajuts-per-a-les-activitats-destiu-2026-i-extraescolars-20262027.html&amp;source=gmail&amp;ust=1776671798118000&amp;usg=AOvVaw3JcfjKR4ZIDi4WJiMKe8QN\">web<\/a>\u00a0de l&#8217;Ajuntament de Cardedeu i a l&#8217;<a id=\"m_-8398078879869468890anchor-c8a8d92a-9fc0-9b71-d941-67be0d1cd440\" title=\"https:\/\/tauler.seu-e.cat\/inici?idEns=804620002\" href=\"https:\/\/tauler.seu-e.cat\/inici?idEns=804620002\" target=\"_blank\" rel=\"noopener\" data-saferedirecturl=\"https:\/\/www.google.com\/url?q=https:\/\/tauler.seu-e.cat\/inici?idEns%3D804620002&amp;source=gmail&amp;ust=1776671798118000&amp;usg=AOvVaw1iB9xVwwlf721bGV8vT2Om\">e-tauler.<\/a><\/div>\n<div><\/div>\n<\/div>\n<\/div>\n<div style=\"text-align: justify;\"><b><u>Presentaci\u00f3 de sol\u00b7licituds: del 20 d\u2019abril al 4 de maig<\/u><\/b><\/div>\n<div style=\"text-align: justify;\">Amb una\u00a0<b>\u00fanica sol\u00b7licitud<\/b>\u00a0es poden demanar\u00a0les dues ajudes per unitat familiar (document adjunt). Aix\u00f2 vol dir que es poden sol\u00b7licitar els\u00a0<span class=\"il\">ajuts<\/span>\u00a0\/ reducci\u00f3 d\u2019estiu i d&#8217;extraescolars de tots els infants i joves de la unitat familiar en un \u00fanica sol\u00b7licitud.<\/div>\n<div style=\"text-align: justify;\">Cal tenir en compte que per demanar un ajut per les activitats que duen a terme els clubs esportius s&#8217;ha de marcar l&#8217;opci\u00f3 d&#8217;ajut econ\u00f2mic, ja que no s\u00f3n activitats de titularitat municipal.<\/div>\n<div><\/div>\n<div style=\"text-align: justify;\"><b>IMPORTANT si es vol gaudir d\u2019activitats d\u2019estiu municipals caldr\u00e0 fer dues sol\u00b7licituds:<\/b><\/div>\n<ul style=\"text-align: justify;\">\n<li>\n<div role=\"presentation\">Sol\u00b7licitud inscripci\u00f3 al casal d\u2019estiu municipal: s&#8217;ha de fer una sol\u00b7licitud per cada infant (document adjunt).<\/div>\n<\/li>\n<li>\n<div role=\"presentation\">Sol\u00b7licitud d&#8217;ajut\/reducci\u00f3 de tarifa, marcant &#8220;Activitat municipal: Pavell\u00f3 (27. Reducci\u00f3 de tarifa)&#8221; (document adjunt)<\/div>\n<\/li>\n<\/ul>\n<div style=\"text-align: justify;\"><b><u>Les sol\u00b7licituds es poden presentar de forma telem\u00e0tica i presencial del 20 d\u2019abril al 4 de maig:<\/u><\/b><\/div>\n<ul>\n<li style=\"text-align: justify;\">\n<div role=\"presentation\">Telem\u00e0tiques: a trav\u00e9s de la\u00a0<a title=\"https:\/\/seu.cardedeu.cat\/absis\/ead\/webspublicacion\/seu\/catala\/emiservicio\/41E6BF9D755E4825AF8E6B49E85B5079.asp\" href=\"https:\/\/seu.cardedeu.cat\/absis\/ead\/webspublicacion\/seu\/catala\/emiservicio\/41E6BF9D755E4825AF8E6B49E85B5079.asp\" target=\"_blank\" rel=\"noopener\" data-saferedirecturl=\"https:\/\/www.google.com\/url?q=https:\/\/seu.cardedeu.cat\/absis\/ead\/webspublicacion\/seu\/catala\/emiservicio\/41E6BF9D755E4825AF8E6B49E85B5079.asp&amp;source=gmail&amp;ust=1776671798118000&amp;usg=AOvVaw2K42ovv4nLw9Lcs8iXrrWv\">seu electr\u00f2nica<\/a>, al tr\u00e0mit espec\u00edfic (amb certificat digital IDCAT o IDCAT M\u00d2BIL).<\/div>\n<\/li>\n<li>\n<div style=\"text-align: justify;\" role=\"presentation\">Presencial: a l\u2019OAC (Oficina d\u2019Atenci\u00f3 Ciutadana). Es pot sol\u00b7licitar cita pr\u00e8via per tel\u00e8fon al 93 844 40 04 o b\u00e9 per Internet a<a id=\"m_-8398078879869468890OWAba9e4d54-9c44-fb4a-e884-8f013ad479b7\" title=\"https:\/\/www.cardedeu.cat\/serveis-i-tramits\/oficines-municipals-punts-dinformacio-ciutadana\/5833-oficina-datencio-ciutadana-oac.html\" href=\"https:\/\/www.cardedeu.cat\/serveis-i-tramits\/oficines-municipals-punts-dinformacio-ciutadana\/5833-oficina-datencio-ciutadana-oac.html\" target=\"_blank\" rel=\"noopener\" data-saferedirecturl=\"https:\/\/www.google.com\/url?q=https:\/\/www.cardedeu.cat\/serveis-i-tramits\/oficines-municipals-punts-dinformacio-ciutadana\/5833-oficina-datencio-ciutadana-oac.html&amp;source=gmail&amp;ust=1776671798118000&amp;usg=AOvVaw3WXmJjzfLVPfLxdcFV9aIo\">\u00a0https:\/\/citaprevia.gestorn.<wbr \/>com\/cardedeu<\/a>. Horari OAC: dilluns, dimarts, dimecres i divendres de 9 a 14 h, i dijous de 9 a 19 h.<\/div>\n<\/li>\n<\/ul>\n<div style=\"text-align: justify;\"><span style=\"font-size: 16px;\">Podeu descarregar-vos:<\/span><\/div>\n<div style=\"text-align: justify;\"><strong><a href=\"https:\/\/agora.xtec.cat\/lesaigues\/wp-content\/uploads\/usu985\/2026\/04\/viulestiu2026-1.pdf\">El fullet\u00f3 informatiu dels casals d&#8217;estiu.<\/a><\/strong><\/div>\n<div style=\"text-align: justify;\"><strong><a href=\"https:\/\/agora.xtec.cat\/lesaigues\/wp-content\/uploads\/usu985\/2026\/04\/Sol.licitud_Inscripcio_Casals_Estiu_2026_editable-2.pdf\">El model de sol\u00b7licitud d&#8217;incsripci\u00f3 als casals d&#8217;estiu 2026.<\/a><\/strong><\/div>\n<div style=\"text-align: justify;\"><strong><a href=\"https:\/\/agora.xtec.cat\/lesaigues\/wp-content\/uploads\/usu985\/2026\/04\/SOL.LICITUD_AJUTS_A_LES_ACTIVITATS_EXTRAESCOLARS_ESTIU_2025_editable-1-2.pdf\">El model de sol\u00b7licitud d&#8217;ajuts econ\u00f2mics per a casals d&#8217;estiu 2026 i per activitats extraescolars 2026-27. <\/a><\/strong><\/div>\n<div><strong>Tamb\u00e9 trobareu els documents en paper a la consergeria de l&#8217;escola.<\/strong><\/div>\n","protected":false},"excerpt":{"rendered":"<p>Us informem que l&#8217;Ajuntament de Cardedeu ha aprovat la\u00a0Convocat\u00f2ria d&#8217;ajuts\u00a0per a la realitzaci\u00f3 de les activitats d&#8217;estiu 2026 i extraescolars 2026\/2027. Podeu trobar tota la informaci\u00f3 a la\u00a0web\u00a0de l&#8217;Ajuntament de Cardedeu i a l&#8217;e-tauler. Presentaci\u00f3 de sol\u00b7licituds: del 20 d\u2019abril al 4 de maig Amb una\u00a0\u00fanica sol\u00b7licitud\u00a0es poden demanar\u00a0les dues ajudes per unitat familiar (document [&hellip;]<\/p>\n","protected":false},"author":1,"featured_media":15951,"comment_status":"open","ping_status":"open","sticky":false,"template":"","format":"standard","meta":{"_bbp_topic_count":0,"_bbp_reply_count":0,"_bbp_total_topic_count":0,"_bbp_total_reply_count":0,"_bbp_voice_count":0,"_bbp_anonymous_reply_count":0,"_bbp_topic_count_hidden":0,"_bbp_reply_count_hidden":0,"_bbp_forum_subforum_count":0,"site-sidebar-layout":"default","site-content-layout":"","ast-site-content-layout":"default","site-content-style":"default","site-sidebar-style":"default","ast-global-header-display":"","ast-banner-title-visibility":"","ast-main-header-display":"","ast-hfb-above-header-display":"","ast-hfb-below-header-display":"","ast-hfb-mobile-header-display":"","site-post-title":"","ast-breadcrumbs-content":"","ast-featured-img":"","footer-sml-layout":"","theme-transparent-header-meta":"default","adv-header-id-meta":"","stick-header-meta":"","header-above-stick-meta":"","header-main-stick-meta":"","header-below-stick-meta":"","astra-migrate-meta-layouts":"set","ast-page-background-enabled":"default","ast-page-background-meta":{"desktop":{"background-color":"var(--ast-global-color-4)","background-image":"","background-repeat":"repeat","background-position":"center center","background-size":"auto","background-attachment":"scroll","background-type":"","background-media":"","overlay-type":"","overlay-color":"","overlay-opacity":"","overlay-gradient":""},"tablet":{"background-color":"","background-image":"","background-repeat":"repeat","background-position":"center center","background-size":"auto","background-attachment":"scroll","background-type":"","background-media":"","overlay-type":"","overlay-color":"","overlay-opacity":"","overlay-gradient":""},"mobile":{"background-color":"","background-image":"","background-repeat":"repeat","background-position":"center center","background-size":"auto","background-attachment":"scroll","background-type":"","background-media":"","overlay-type":"","overlay-color":"","overlay-opacity":"","overlay-gradient":""}},"ast-content-background-meta":{"desktop":{"background-color":"var(--ast-global-color-5)","background-image":"","background-repeat":"repeat","background-position":"center center","background-size":"auto","background-attachment":"scroll","background-type":"","background-media":"","overlay-type":"","overlay-color":"","overlay-opacity":"","overlay-gradient":""},"tablet":{"background-color":"var(--ast-global-color-5)","background-image":"","background-repeat":"repeat","background-position":"center center","background-size":"auto","background-attachment":"scroll","background-type":"","background-media":"","overlay-type":"","overlay-color":"","overlay-opacity":"","overlay-gradient":""},"mobile":{"background-color":"var(--ast-global-color-5)","background-image":"","background-repeat":"repeat","background-position":"center center","background-size":"auto","background-attachment":"scroll","background-type":"","background-media":"","overlay-type":"","overlay-color":"","overlay-opacity":"","overlay-gradient":""}},"footnotes":""},"categories":[4],"tags":[],"class_list":["post-15949","post","type-post","status-publish","format-standard","has-post-thumbnail","hentry","category-portada"],"post_mailing_queue_ids":[],"_links":{"self":[{"href":"https:\/\/agora.xtec.cat\/lesaigues\/wp-json\/wp\/v2\/posts\/15949","targetHints":{"allow":["GET"]}}],"collection":[{"href":"https:\/\/agora.xtec.cat\/lesaigues\/wp-json\/wp\/v2\/posts"}],"about":[{"href":"https:\/\/agora.xtec.cat\/lesaigues\/wp-json\/wp\/v2\/types\/post"}],"author":[{"embeddable":true,"href":"https:\/\/agora.xtec.cat\/lesaigues\/wp-json\/wp\/v2\/users\/1"}],"replies":[{"embeddable":true,"href":"https:\/\/agora.xtec.cat\/lesaigues\/wp-json\/wp\/v2\/comments?post=15949"}],"version-history":[{"count":4,"href":"https:\/\/agora.xtec.cat\/lesaigues\/wp-json\/wp\/v2\/posts\/15949\/revisions"}],"predecessor-version":[{"id":15957,"href":"https:\/\/agora.xtec.cat\/lesaigues\/wp-json\/wp\/v2\/posts\/15949\/revisions\/15957"}],"wp:featuredmedia":[{"embeddable":true,"href":"https:\/\/agora.xtec.cat\/lesaigues\/wp-json\/wp\/v2\/media\/15951"}],"wp:attachment":[{"href":"https:\/\/agora.xtec.cat\/lesaigues\/wp-json\/wp\/v2\/media?parent=15949"}],"wp:term":[{"taxonomy":"category","embeddable":true,"href":"https:\/\/agora.xtec.cat\/lesaigues\/wp-json\/wp\/v2\/categories?post=15949"},{"taxonomy":"post_tag","embeddable":true,"href":"https:\/\/agora.xtec.cat\/lesaigues\/wp-json\/wp\/v2\/tags?post=15949"}],"curies":[{"name":"wp","href":"https:\/\/api.w.org\/{rel}","templated":true}]}}