{"id":3670,"date":"2026-08-31T19:20:01","date_gmt":"2026-08-31T17:20:01","guid":{"rendered":"https:\/\/agora.xtec.cat\/ivallcarca\/?p=3670"},"modified":"2026-08-31T19:20:01","modified_gmt":"2026-08-31T17:20:01","slug":"reunio-families-eso-setembre-2026","status":"publish","type":"post","link":"https:\/\/agora.xtec.cat\/ivallcarca\/general\/reunio-families-eso-setembre-2026\/","title":{"rendered":"REUNI\u00d3 FAM\u00cdLIES ESO SETEMBRE 2026"},"content":{"rendered":"<p>Benvolgudes fam\u00edlies,<\/p>\n<p>Desitgem que h\u00e0giu passat un bon estiu. Us convoquem a la reuni\u00f3 d&#8217;inici de curs aquest dijous 3 de setembre en el seg\u00fcent horari:<\/p>\n<ul>\n<li><span style=\"color: #003300;\"><strong>Fam\u00edlies de 1r i 2n d&#8217;ESO: 16:00h<\/strong><\/span><\/li>\n<li><span style=\"color: #003300;\"><strong>Fam\u00edlies de 3r i 4t d&#8217;ESO: 17:30h<\/strong><\/span><\/li>\n<\/ul>\n<p>L&#8217;equip directiu us donarem la benvinguda al gimn\u00e0s de l&#8217;institut i us farem un tour per les instal.lacions; a continuaci\u00f3, anireu amb el tutor de cada grup a l&#8217;aula de tutoria perqu\u00e8 us donin informaci\u00f3 m\u00e9s precisa i detallada. No patiu, el personal del centre us acompanyar\u00e0 al gimn\u00e0s.<\/p>\n<p>Som-hi! Ja estem al nostre institut!!<\/p>\n<p>&nbsp;<\/p>\n","protected":false},"excerpt":{"rendered":"<p>Benvolgudes fam\u00edlies,<br \/>\nDesitgem que h\u00e0giu passat un bon estiu. Us convoquem a la reuni\u00f3 d&#8217;inici de curs aquest dijous 3 de setembre en el seg\u00fcent horari:<\/p>\n<ul>\n<li>Fam\u00edlies de 1r i 2n d&#8217;ESO: 16:00h<\/li>\n<li>Fam\u00edlies de 3r i 4t d&#8217;ESO: 17:30h<\/li>\n<\/ul>\n<p>L&#8217;equip directiu us donarem la benvinguda al gimn\u00e0s de&hellip;  <a href=\"https:\/\/agora.xtec.cat\/ivallcarca\/general\/reunio-families-eso-setembre-2026\/\" title=\"Read REUNI\u00d3 FAM\u00cdLIES ESO SETEMBRE 2026\">Llegeix m\u00e9s\u00bb<\/a><\/p>\n","protected":false},"author":1,"featured_media":0,"comment_status":"open","ping_status":"open","sticky":false,"template":"","format":"standard","meta":{"_bbp_topic_count":0,"_bbp_reply_count":0,"_bbp_total_topic_count":0,"_bbp_total_reply_count":0,"_bbp_voice_count":0,"_bbp_anonymous_reply_count":0,"_bbp_topic_count_hidden":0,"_bbp_reply_count_hidden":0,"_bbp_forum_subforum_count":0,"footnotes":""},"categories":[3,1,29],"tags":[],"class_list":["post-3670","post","type-post","status-publish","format-standard","hentry","category-eso","category-general","category-portada"],"post_mailing_queue_ids":[],"_links":{"self":[{"href":"https:\/\/agora.xtec.cat\/ivallcarca\/wp-json\/wp\/v2\/posts\/3670","targetHints":{"allow":["GET"]}}],"collection":[{"href":"https:\/\/agora.xtec.cat\/ivallcarca\/wp-json\/wp\/v2\/posts"}],"about":[{"href":"https:\/\/agora.xtec.cat\/ivallcarca\/wp-json\/wp\/v2\/types\/post"}],"author":[{"embeddable":true,"href":"https:\/\/agora.xtec.cat\/ivallcarca\/wp-json\/wp\/v2\/users\/1"}],"replies":[{"embeddable":true,"href":"https:\/\/agora.xtec.cat\/ivallcarca\/wp-json\/wp\/v2\/comments?post=3670"}],"version-history":[{"count":1,"href":"https:\/\/agora.xtec.cat\/ivallcarca\/wp-json\/wp\/v2\/posts\/3670\/revisions"}],"predecessor-version":[{"id":3671,"href":"https:\/\/agora.xtec.cat\/ivallcarca\/wp-json\/wp\/v2\/posts\/3670\/revisions\/3671"}],"wp:attachment":[{"href":"https:\/\/agora.xtec.cat\/ivallcarca\/wp-json\/wp\/v2\/media?parent=3670"}],"wp:term":[{"taxonomy":"category","embeddable":true,"href":"https:\/\/agora.xtec.cat\/ivallcarca\/wp-json\/wp\/v2\/categories?post=3670"},{"taxonomy":"post_tag","embeddable":true,"href":"https:\/\/agora.xtec.cat\/ivallcarca\/wp-json\/wp\/v2\/tags?post=3670"}],"curies":[{"name":"wp","href":"https:\/\/api.w.org\/{rel}","templated":true}]}}