{"id":3883,"date":"2026-09-04T12:36:26","date_gmt":"2026-09-04T10:36:26","guid":{"rendered":"https:\/\/agora.xtec.cat\/iticbcn\/?p=3883"},"modified":"2026-09-04T12:40:22","modified_gmt":"2026-09-04T10:40:22","slug":"llista-despera-places-vacants-setembre-2026","status":"publish","type":"post","link":"https:\/\/agora.xtec.cat\/iticbcn\/portada\/llista-despera-places-vacants-setembre-2026\/","title":{"rendered":"Llista d\u2019espera places vacants setembre 2026"},"content":{"rendered":"\n<p>El dia 7 de setembre del 2026, es publicar\u00e0 al web&nbsp;<a href=\"https:\/\/preinscripcio.gencat.cat\/ca\/inici\" target=\"_blank\" rel=\"noreferrer noopener\">preinscripcio.gencat.cat<\/a>&nbsp;les places vacants del ITIC.<\/p>\n\n\n\n<p>Per tal de apuntar-se a aquesta llista i participar a les places disponibles, cal que&nbsp;<a href=\"https:\/\/aplicacions.gestioeducativa.gencat.cat\/ords\/pls\/apex\/f?p=20160079072543618:650:::NO:650:P650_CENTRE:7A9573EE8A9EA855B57B50008D039B045FB99149536A70C5\" target=\"_blank\" rel=\"noreferrer noopener\">accediu a aquest enlla\u00e7 i apuntar-vos<\/a>.<\/p>\n\n\n\n<p>Us compartim les infografies que han preparat des del departament amb informaci\u00f3 pas a pas del proc\u00e9s de preinscripci\u00f3 i matr\u00edcula.<\/p>\n\n\n\n<p><strong>Infografia 1. Qu\u00e8 has de saber?<\/strong><\/p>\n\n\n\n<ul class=\"wp-block-list\">\n<li><a href=\"https:\/\/www.edubcn.cat\/comunicats_centres\/20260522_INFOGRAFIA1_CFPM.pdf\">Versi\u00f3 per a graus mitjans<\/a><\/li>\n\n\n\n<li><a href=\"https:\/\/www.edubcn.cat\/comunicats_centres\/20260522_INFOGRAFIA1_CFPS.pdf\">Versi\u00f3 per a graus superiors<\/a><\/li>\n<\/ul>\n\n\n\n<p><strong>Infografia 2. Com has de fer la preinscripci\u00f3?<\/strong><\/p>\n\n\n\n<ul class=\"wp-block-list\">\n<li><a href=\"https:\/\/www.edubcn.cat\/comunicats_centres\/20260522_INFOGRAFIA2_CFPM.pdf\">Versi\u00f3 per a graus mitjans<\/a><\/li>\n\n\n\n<li><a href=\"https:\/\/www.edubcn.cat\/comunicats_centres\/20260522_INFOGRAFIA2_CFPS.pdf\">Versi\u00f3 per a graus superiors<\/a><\/li>\n<\/ul>\n\n\n\n<p><em>Aneu consultant aquestes p\u00e0gines, perqu\u00e8 el contingut es va actualitzant i \u00e9s on trobareu la informaci\u00f3 oficial i de primera m\u00e0<\/em><\/p>\n\n\n\n<p><\/p>\n","protected":false},"excerpt":{"rendered":"<p>El dia 7 de setembre del 2026, es publicar\u00e0 al web&nbsp;preinscripcio.gencat.cat&nbsp;les places vacants del ITIC. Per tal de apuntar-se a aquesta llista i participar a les places disponibles, cal que&nbsp;accediu a aquest enlla\u00e7 i apuntar-vos. Us compartim les infografies que han preparat des del departament amb informaci\u00f3 pas a pas del proc\u00e9s de preinscripci\u00f3 i [&hellip;]<\/p>\n","protected":false},"author":4,"featured_media":3704,"comment_status":"closed","ping_status":"open","sticky":true,"template":"","format":"standard","meta":{"_bbp_topic_count":0,"_bbp_reply_count":0,"_bbp_total_topic_count":0,"_bbp_total_reply_count":0,"_bbp_voice_count":0,"_bbp_anonymous_reply_count":0,"_bbp_topic_count_hidden":0,"_bbp_reply_count_hidden":0,"_bbp_forum_subforum_count":0,"site-sidebar-layout":"default","site-content-layout":"","ast-site-content-layout":"default","site-content-style":"default","site-sidebar-style":"default","ast-global-header-display":"","ast-banner-title-visibility":"","ast-main-header-display":"","ast-hfb-above-header-display":"","ast-hfb-below-header-display":"","ast-hfb-mobile-header-display":"","site-post-title":"","ast-breadcrumbs-content":"","ast-featured-img":"","footer-sml-layout":"","theme-transparent-header-meta":"","adv-header-id-meta":"","stick-header-meta":"","header-above-stick-meta":"","header-main-stick-meta":"","header-below-stick-meta":"","astra-migrate-meta-layouts":"set","ast-page-background-enabled":"default","ast-page-background-meta":{"desktop":{"background-color":"var(--ast-global-color-4)","background-image":"","background-repeat":"repeat","background-position":"center center","background-size":"auto","background-attachment":"scroll","background-type":"","background-media":"","overlay-type":"","overlay-color":"","overlay-opacity":"","overlay-gradient":""},"tablet":{"background-color":"","background-image":"","background-repeat":"repeat","background-position":"center center","background-size":"auto","background-attachment":"scroll","background-type":"","background-media":"","overlay-type":"","overlay-color":"","overlay-opacity":"","overlay-gradient":""},"mobile":{"background-color":"","background-image":"","background-repeat":"repeat","background-position":"center center","background-size":"auto","background-attachment":"scroll","background-type":"","background-media":"","overlay-type":"","overlay-color":"","overlay-opacity":"","overlay-gradient":""}},"ast-content-background-meta":{"desktop":{"background-color":"var(--ast-global-color-5)","background-image":"","background-repeat":"repeat","background-position":"center center","background-size":"auto","background-attachment":"scroll","background-type":"","background-media":"","overlay-type":"","overlay-color":"","overlay-opacity":"","overlay-gradient":""},"tablet":{"background-color":"var(--ast-global-color-5)","background-image":"","background-repeat":"repeat","background-position":"center center","background-size":"auto","background-attachment":"scroll","background-type":"","background-media":"","overlay-type":"","overlay-color":"","overlay-opacity":"","overlay-gradient":""},"mobile":{"background-color":"var(--ast-global-color-5)","background-image":"","background-repeat":"repeat","background-position":"center center","background-size":"auto","background-attachment":"scroll","background-type":"","background-media":"","overlay-type":"","overlay-color":"","overlay-opacity":"","overlay-gradient":""}},"footnotes":""},"categories":[164,29],"tags":[],"class_list":["post-3883","post","type-post","status-publish","format-standard","has-post-thumbnail","hentry","category-matricula","category-portada"],"post_mailing_queue_ids":[],"_links":{"self":[{"href":"https:\/\/agora.xtec.cat\/iticbcn\/wp-json\/wp\/v2\/posts\/3883","targetHints":{"allow":["GET"]}}],"collection":[{"href":"https:\/\/agora.xtec.cat\/iticbcn\/wp-json\/wp\/v2\/posts"}],"about":[{"href":"https:\/\/agora.xtec.cat\/iticbcn\/wp-json\/wp\/v2\/types\/post"}],"author":[{"embeddable":true,"href":"https:\/\/agora.xtec.cat\/iticbcn\/wp-json\/wp\/v2\/users\/4"}],"replies":[{"embeddable":true,"href":"https:\/\/agora.xtec.cat\/iticbcn\/wp-json\/wp\/v2\/comments?post=3883"}],"version-history":[{"count":2,"href":"https:\/\/agora.xtec.cat\/iticbcn\/wp-json\/wp\/v2\/posts\/3883\/revisions"}],"predecessor-version":[{"id":3885,"href":"https:\/\/agora.xtec.cat\/iticbcn\/wp-json\/wp\/v2\/posts\/3883\/revisions\/3885"}],"wp:featuredmedia":[{"embeddable":true,"href":"https:\/\/agora.xtec.cat\/iticbcn\/wp-json\/wp\/v2\/media\/3704"}],"wp:attachment":[{"href":"https:\/\/agora.xtec.cat\/iticbcn\/wp-json\/wp\/v2\/media?parent=3883"}],"wp:term":[{"taxonomy":"category","embeddable":true,"href":"https:\/\/agora.xtec.cat\/iticbcn\/wp-json\/wp\/v2\/categories?post=3883"},{"taxonomy":"post_tag","embeddable":true,"href":"https:\/\/agora.xtec.cat\/iticbcn\/wp-json\/wp\/v2\/tags?post=3883"}],"curies":[{"name":"wp","href":"https:\/\/api.w.org\/{rel}","templated":true}]}}